{"id":259,"date":"2022-02-04T09:04:10","date_gmt":"2022-02-04T09:04:10","guid":{"rendered":"http:\/\/www.mavihaber.com.tr\/?p=259"},"modified":"2022-02-04T09:07:21","modified_gmt":"2022-02-04T09:07:21","slug":"elektrik-faturasi-ilk-secimde-saray-iktidarini-carpacak","status":"publish","type":"post","link":"https:\/\/www.mavihaber.com.tr\/?p=259","title":{"rendered":"ELEKTR\u0130K FATURASI \u0130LK SE\u00c7\u0130MDE SARAY \u0130KT\u0130DARINI \u00c7ARPACAK"},"content":{"rendered":"<p>CHP Adana Milletvekili ve TBMM Kit Komisyonu \u00dcyesi Orhan S\u00fcmer, \u201cT\u00fcm T\u00fcrkiye\u2019nin dert yand\u0131\u011f\u0131 elektrik faturalar\u0131 ile ilgili \u00f6rnek g\u00f6stermek amac\u0131yla Adana\u2019l\u0131 bir esnaf\u0131n faturalar\u0131n\u0131n aras\u0131ndaki fahi\u015f fiyat fark\u0131n\u0131 T\u00fcrkiye B\u00fcy\u00fck Millet Meclisi g\u00fcndemine ta\u015f\u0131d\u0131.<\/p>\n<p>&nbsp;<\/p>\n<p>ELEKTR\u0130K FATURASI \u0130LK SE\u00c7\u0130MDE SARAY \u0130KT\u0130DARINI \u00c7ARPACAK<\/p>\n<p>Orhan S\u00fcmer, \u201cT\u00fcm T\u00fcrkiye&#8217;de tepkilere neden olan faturalar\u0131n, milletin can\u0131n\u0131 ne kadar yakt\u0131\u011f\u0131n\u0131n fark\u0131nda bile olmayan \u0130ktidar, \u0131\u015f\u0131l \u0131\u015f\u0131l Saray\u0131nda ya\u015famaya devam ediyor. Ev kiras\u0131ndan daha fazla gelen elektrik ve do\u011falgaz faturalar\u0131 milletin can\u0131na tak etti. Enflasyon \u00fc\u00e7 haneli rakamlara do\u011fru gidiyor. AKP 2002 y\u0131l\u0131nda iktidara geldi\u011finden ekonomik olarak daha k\u00f6t\u00fc bir T\u00fcrkiye yaratmaya devam ediyor. Ancak bu ya\u011fma ve talan d\u00fczeni b\u00f6yle gitmeyecek ilk se\u00e7imde vatanda\u015f\u0131n faturas\u0131 Saray \u0130ktidar\u0131n\u0131 \u00e7arpacak.\u201d Dedi<\/p>\n<p>&nbsp;<\/p>\n<p>MUMLA AYDINLANMA, BATTAN\u0130YE \u0130LE ISINMA D\u00d6NEM\u0130<\/p>\n<p>Orhan S\u00fcmer, \u201c\u0130ktidar\u0131n ortaya koydu\u011fu \u00e7\u00f6z\u00fcmler milletin akl\u0131yla dalga ge\u00e7mek demektir. Pi\u015fkin pi\u015fkin \u00e7\u0131k\u0131p bu zor g\u00fcnleri atlataca\u011f\u0131z diyorlar. Ger\u00e7i buna da \u015f\u00fck\u00fcr \u00e7ok yak\u0131n zamana kadar ekonomi u\u00e7uyor deyip memleketteki durumu pembe tablolarla gizlemeye \u00e7al\u0131\u015f\u0131yorlard\u0131. Milleti mumla ayd\u0131nlatmaya, battaniye alt\u0131nda \u0131s\u0131nmaya mahk\u00fbm eden saray iktidar\u0131n\u0131n vatanda\u015fa ya\u015fatt\u0131klar\u0131n\u0131n hesab\u0131 mutlaka sorulacakt\u0131r\u201d Dedi<\/p>\n<p>&nbsp;<\/p>\n<p>SOKA\u011eA \u00c7IKIP VATANDA\u015eA HAL\u0130N NED\u0130R D\u0130YEM\u0130YORLAR<\/p>\n<p>Orhan S\u00fcmer, \u201cBir \u00f6rnek vermek istiyorum. Adana&#8217;da bir i\u015fletme bir ayda ortalama 600-700 kilovat elektrik harc\u0131yor, buna kar\u015f\u0131l\u0131k ayl\u0131k 350 ila 400 lira aras\u0131nda para \u00f6d\u00fcyor.<\/p>\n<p>Gelen zamlar sonras\u0131 ayn\u0131 oranda elektrik kullan\u0131m\u0131 yapmas\u0131na ra\u011fmen<\/p>\n<p>Aral\u0131k ay\u0131nda 672 lira,<\/p>\n<p>Ocak ay\u0131nda 4.389 lira,<\/p>\n<p>Ocak sonu \u015eubat ba\u015f\u0131 aras\u0131nda, alt\u0131 g\u00fcnl\u00fck d\u00f6nemde ise 1.187 lira elektrik faturas\u0131 gelmi\u015f.<\/p>\n<p>Ayr\u0131ca buras\u0131 fabrika de\u011fil, \u00fcretim tesisi de\u011fil, k\u00fc\u00e7\u00fck bir i\u015fletme. Bu ve benzeri y\u00fczlerce \u00f6rnek her g\u00fcn bize iletiliyor. Allah r\u0131zas\u0131 i\u00e7in AKP&#8217;li vekiller bir g\u00fcn soka\u011fa \u00e7\u0131ks\u0131n, vatanda\u015f m\u0131 \u00e7ok kullan\u0131yor, fiyat m\u0131 \u00e7ok pahal\u0131 onun hesab\u0131n\u0131 yaps\u0131nlar.\u201d Dedi<\/p>\n<div style=\"width: 800px;\" class=\"wp-video\"><video class=\"wp-video-shortcode\" id=\"video-259-1\" width=\"800\" height=\"450\" preload=\"metadata\" controls=\"controls\"><source type=\"video\/mp4\" src=\"http:\/\/www.mavihaber.com.tr\/wp-content\/uploads\/2022\/02\/Elektrik-faturalari_konusma_02.02.2022.mp4?_=1\" \/><a href=\"http:\/\/www.mavihaber.com.tr\/wp-content\/uploads\/2022\/02\/Elektrik-faturalari_konusma_02.02.2022.mp4\">http:\/\/www.mavihaber.com.tr\/wp-content\/uploads\/2022\/02\/Elektrik-faturalari_konusma_02.02.2022.mp4<\/a><\/video><\/div>\n","protected":false},"excerpt":{"rendered":"<p>CHP Adana Milletvekili ve TBMM Kit Komisyonu \u00dcyesi Orhan S\u00fcmer, \u201cT\u00fcm T\u00fcrkiye\u2019nin dert yand\u0131\u011f\u0131 elektrik faturalar\u0131 ile ilgili \u00f6rnek g\u00f6stermek<\/p>\n","protected":false},"author":1,"featured_media":0,"comment_status":"open","ping_status":"open","sticky":false,"template":"","format":"standard","meta":{"footnotes":""},"categories":[13],"tags":[],"class_list":["post-259","post","type-post","status-publish","format-standard","hentry","category-siyaset"],"yoast_head":"<!-- This site is optimized with the Yoast SEO plugin v28.2 - https:\/\/yoast.com\/product\/yoast-seo-wordpress\/ -->\n<title>ELEKTR\u0130K FATURASI \u0130LK SE\u00c7\u0130MDE SARAY \u0130KT\u0130DARINI \u00c7ARPACAK - MAV\u0130 HABER<\/title>\n<meta name=\"robots\" content=\"index, follow, max-snippet:-1, max-image-preview:large, max-video-preview:-1\" \/>\n<link rel=\"canonical\" href=\"https:\/\/www.mavihaber.com.tr\/?p=259\" \/>\n<meta property=\"og:locale\" content=\"tr_TR\" \/>\n<meta property=\"og:type\" content=\"article\" \/>\n<meta property=\"og:title\" content=\"ELEKTR\u0130K FATURASI \u0130LK SE\u00c7\u0130MDE SARAY \u0130KT\u0130DARINI \u00c7ARPACAK - MAV\u0130 HABER\" \/>\n<meta property=\"og:description\" content=\"CHP Adana Milletvekili ve TBMM Kit Komisyonu \u00dcyesi Orhan S\u00fcmer, \u201cT\u00fcm T\u00fcrkiye\u2019nin dert yand\u0131\u011f\u0131 elektrik faturalar\u0131 ile ilgili \u00f6rnek g\u00f6stermek\" \/>\n<meta property=\"og:url\" content=\"https:\/\/www.mavihaber.com.tr\/?p=259\" \/>\n<meta property=\"og:site_name\" content=\"MAV\u0130 HABER\" \/>\n<meta property=\"article:publisher\" content=\"https:\/\/www.facebook.com\/ceyhan.mavi.142\/\" \/>\n<meta property=\"article:published_time\" content=\"2022-02-04T09:04:10+00:00\" \/>\n<meta property=\"article:modified_time\" content=\"2022-02-04T09:07:21+00:00\" \/>\n<meta name=\"author\" content=\"MAV\u0130 HABER\" \/>\n<meta name=\"twitter:card\" content=\"summary_large_image\" \/>\n<meta name=\"twitter:creator\" content=\"@ceyhanmavihaber\" \/>\n<meta name=\"twitter:site\" content=\"@ceyhanmavihaber\" \/>\n<meta name=\"twitter:label1\" content=\"Yazan:\" \/>\n\t<meta name=\"twitter:data1\" content=\"MAV\u0130 HABER\" \/>\n\t<meta name=\"twitter:label2\" content=\"Tahmini okuma s\u00fcresi\" \/>\n\t<meta name=\"twitter:data2\" content=\"2 dakika\" \/>\n<script type=\"application\/ld+json\" class=\"yoast-schema-graph\">{\"@context\":\"https:\\\/\\\/schema.org\",\"@graph\":[{\"@type\":\"Article\",\"@id\":\"https:\\\/\\\/www.mavihaber.com.tr\\\/?p=259#article\",\"isPartOf\":{\"@id\":\"https:\\\/\\\/www.mavihaber.com.tr\\\/?p=259\"},\"author\":{\"name\":\"MAV\u0130 HABER\",\"@id\":\"https:\\\/\\\/www.mavihaber.com.tr\\\/#\\\/schema\\\/person\\\/6b483c36decdaf2ea80ccc7e00592ec5\"},\"headline\":\"ELEKTR\u0130K FATURASI \u0130LK SE\u00c7\u0130MDE SARAY \u0130KT\u0130DARINI \u00c7ARPACAK\",\"datePublished\":\"2022-02-04T09:04:10+00:00\",\"dateModified\":\"2022-02-04T09:07:21+00:00\",\"mainEntityOfPage\":{\"@id\":\"https:\\\/\\\/www.mavihaber.com.tr\\\/?p=259\"},\"wordCount\":410,\"commentCount\":0,\"publisher\":{\"@id\":\"https:\\\/\\\/www.mavihaber.com.tr\\\/#organization\"},\"articleSection\":[\"Siyaset\"],\"inLanguage\":\"tr\",\"potentialAction\":[{\"@type\":\"CommentAction\",\"name\":\"Comment\",\"target\":[\"https:\\\/\\\/www.mavihaber.com.tr\\\/?p=259#respond\"]}]},{\"@type\":\"WebPage\",\"@id\":\"https:\\\/\\\/www.mavihaber.com.tr\\\/?p=259\",\"url\":\"https:\\\/\\\/www.mavihaber.com.tr\\\/?p=259\",\"name\":\"ELEKTR\u0130K FATURASI \u0130LK SE\u00c7\u0130MDE SARAY \u0130KT\u0130DARINI \u00c7ARPACAK - MAV\u0130 HABER\",\"isPartOf\":{\"@id\":\"https:\\\/\\\/www.mavihaber.com.tr\\\/#website\"},\"datePublished\":\"2022-02-04T09:04:10+00:00\",\"dateModified\":\"2022-02-04T09:07:21+00:00\",\"breadcrumb\":{\"@id\":\"https:\\\/\\\/www.mavihaber.com.tr\\\/?p=259#breadcrumb\"},\"inLanguage\":\"tr\",\"potentialAction\":[{\"@type\":\"ReadAction\",\"target\":[\"https:\\\/\\\/www.mavihaber.com.tr\\\/?p=259\"]}]},{\"@type\":\"BreadcrumbList\",\"@id\":\"https:\\\/\\\/www.mavihaber.com.tr\\\/?p=259#breadcrumb\",\"itemListElement\":[{\"@type\":\"ListItem\",\"position\":1,\"name\":\"Anasayfa\",\"item\":\"https:\\\/\\\/www.mavihaber.com.tr\\\/\"},{\"@type\":\"ListItem\",\"position\":2,\"name\":\"ELEKTR\u0130K FATURASI \u0130LK SE\u00c7\u0130MDE SARAY \u0130KT\u0130DARINI \u00c7ARPACAK\"}]},{\"@type\":\"WebSite\",\"@id\":\"https:\\\/\\\/www.mavihaber.com.tr\\\/#website\",\"url\":\"https:\\\/\\\/www.mavihaber.com.tr\\\/\",\"name\":\"MAV\u0130 HABER\",\"description\":\"S&Ouml;Z U&Ccedil;AR YAZI KALIR\",\"publisher\":{\"@id\":\"https:\\\/\\\/www.mavihaber.com.tr\\\/#organization\"},\"potentialAction\":[{\"@type\":\"SearchAction\",\"target\":{\"@type\":\"EntryPoint\",\"urlTemplate\":\"https:\\\/\\\/www.mavihaber.com.tr\\\/?s={search_term_string}\"},\"query-input\":{\"@type\":\"PropertyValueSpecification\",\"valueRequired\":true,\"valueName\":\"search_term_string\"}}],\"inLanguage\":\"tr\"},{\"@type\":\"Organization\",\"@id\":\"https:\\\/\\\/www.mavihaber.com.tr\\\/#organization\",\"name\":\"MAV\u0130 HABER\",\"url\":\"https:\\\/\\\/www.mavihaber.com.tr\\\/\",\"logo\":{\"@type\":\"ImageObject\",\"inLanguage\":\"tr\",\"@id\":\"https:\\\/\\\/www.mavihaber.com.tr\\\/#\\\/schema\\\/logo\\\/image\\\/\",\"url\":\"http:\\\/\\\/www.mavihaber.com.tr\\\/wp-content\\\/uploads\\\/2022\\\/02\\\/mavi-logo.png\",\"contentUrl\":\"http:\\\/\\\/www.mavihaber.com.tr\\\/wp-content\\\/uploads\\\/2022\\\/02\\\/mavi-logo.png\",\"width\":301,\"height\":81,\"caption\":\"MAV\u0130 HABER\"},\"image\":{\"@id\":\"https:\\\/\\\/www.mavihaber.com.tr\\\/#\\\/schema\\\/logo\\\/image\\\/\"},\"sameAs\":[\"https:\\\/\\\/www.facebook.com\\\/ceyhan.mavi.142\\\/\",\"https:\\\/\\\/x.com\\\/ceyhanmavihaber\",\"https:\\\/\\\/www.instagram.com\\\/ceyhanmavihaber\\\/\",\"https:\\\/\\\/www.youtube.com\\\/channel\\\/UCJQ-0-AFgj2GjI269QDUwNw\"]},{\"@type\":\"Person\",\"@id\":\"https:\\\/\\\/www.mavihaber.com.tr\\\/#\\\/schema\\\/person\\\/6b483c36decdaf2ea80ccc7e00592ec5\",\"name\":\"MAV\u0130 HABER\",\"image\":{\"@type\":\"ImageObject\",\"inLanguage\":\"tr\",\"@id\":\"https:\\\/\\\/secure.gravatar.com\\\/avatar\\\/8ec447ff07537b3472bb74c7b4212a4d84d9e722e01a066cab36264a08dd2a23?s=96&d=mm&r=g\",\"url\":\"https:\\\/\\\/secure.gravatar.com\\\/avatar\\\/8ec447ff07537b3472bb74c7b4212a4d84d9e722e01a066cab36264a08dd2a23?s=96&d=mm&r=g\",\"contentUrl\":\"https:\\\/\\\/secure.gravatar.com\\\/avatar\\\/8ec447ff07537b3472bb74c7b4212a4d84d9e722e01a066cab36264a08dd2a23?s=96&d=mm&r=g\",\"caption\":\"MAV\u0130 HABER\"},\"sameAs\":[\"http:\\\/\\\/www.mavihaber.com.tr\"],\"url\":\"https:\\\/\\\/www.mavihaber.com.tr\\\/?author=1\"}]}<\/script>\n<!-- \/ Yoast SEO plugin. -->","yoast_head_json":{"title":"ELEKTR\u0130K FATURASI \u0130LK SE\u00c7\u0130MDE SARAY \u0130KT\u0130DARINI \u00c7ARPACAK - MAV\u0130 HABER","robots":{"index":"index","follow":"follow","max-snippet":"max-snippet:-1","max-image-preview":"max-image-preview:large","max-video-preview":"max-video-preview:-1"},"canonical":"https:\/\/www.mavihaber.com.tr\/?p=259","og_locale":"tr_TR","og_type":"article","og_title":"ELEKTR\u0130K FATURASI \u0130LK SE\u00c7\u0130MDE SARAY \u0130KT\u0130DARINI \u00c7ARPACAK - MAV\u0130 HABER","og_description":"CHP Adana Milletvekili ve TBMM Kit Komisyonu \u00dcyesi Orhan S\u00fcmer, \u201cT\u00fcm T\u00fcrkiye\u2019nin dert yand\u0131\u011f\u0131 elektrik faturalar\u0131 ile ilgili \u00f6rnek g\u00f6stermek","og_url":"https:\/\/www.mavihaber.com.tr\/?p=259","og_site_name":"MAV\u0130 HABER","article_publisher":"https:\/\/www.facebook.com\/ceyhan.mavi.142\/","article_published_time":"2022-02-04T09:04:10+00:00","article_modified_time":"2022-02-04T09:07:21+00:00","author":"MAV\u0130 HABER","twitter_card":"summary_large_image","twitter_creator":"@ceyhanmavihaber","twitter_site":"@ceyhanmavihaber","twitter_misc":{"Yazan:":"MAV\u0130 HABER","Tahmini okuma s\u00fcresi":"2 dakika"},"schema":{"@context":"https:\/\/schema.org","@graph":[{"@type":"Article","@id":"https:\/\/www.mavihaber.com.tr\/?p=259#article","isPartOf":{"@id":"https:\/\/www.mavihaber.com.tr\/?p=259"},"author":{"name":"MAV\u0130 HABER","@id":"https:\/\/www.mavihaber.com.tr\/#\/schema\/person\/6b483c36decdaf2ea80ccc7e00592ec5"},"headline":"ELEKTR\u0130K FATURASI \u0130LK SE\u00c7\u0130MDE SARAY \u0130KT\u0130DARINI \u00c7ARPACAK","datePublished":"2022-02-04T09:04:10+00:00","dateModified":"2022-02-04T09:07:21+00:00","mainEntityOfPage":{"@id":"https:\/\/www.mavihaber.com.tr\/?p=259"},"wordCount":410,"commentCount":0,"publisher":{"@id":"https:\/\/www.mavihaber.com.tr\/#organization"},"articleSection":["Siyaset"],"inLanguage":"tr","potentialAction":[{"@type":"CommentAction","name":"Comment","target":["https:\/\/www.mavihaber.com.tr\/?p=259#respond"]}]},{"@type":"WebPage","@id":"https:\/\/www.mavihaber.com.tr\/?p=259","url":"https:\/\/www.mavihaber.com.tr\/?p=259","name":"ELEKTR\u0130K FATURASI \u0130LK SE\u00c7\u0130MDE SARAY \u0130KT\u0130DARINI \u00c7ARPACAK - MAV\u0130 HABER","isPartOf":{"@id":"https:\/\/www.mavihaber.com.tr\/#website"},"datePublished":"2022-02-04T09:04:10+00:00","dateModified":"2022-02-04T09:07:21+00:00","breadcrumb":{"@id":"https:\/\/www.mavihaber.com.tr\/?p=259#breadcrumb"},"inLanguage":"tr","potentialAction":[{"@type":"ReadAction","target":["https:\/\/www.mavihaber.com.tr\/?p=259"]}]},{"@type":"BreadcrumbList","@id":"https:\/\/www.mavihaber.com.tr\/?p=259#breadcrumb","itemListElement":[{"@type":"ListItem","position":1,"name":"Anasayfa","item":"https:\/\/www.mavihaber.com.tr\/"},{"@type":"ListItem","position":2,"name":"ELEKTR\u0130K FATURASI \u0130LK SE\u00c7\u0130MDE SARAY \u0130KT\u0130DARINI \u00c7ARPACAK"}]},{"@type":"WebSite","@id":"https:\/\/www.mavihaber.com.tr\/#website","url":"https:\/\/www.mavihaber.com.tr\/","name":"MAV\u0130 HABER","description":"S&Ouml;Z U&Ccedil;AR YAZI KALIR","publisher":{"@id":"https:\/\/www.mavihaber.com.tr\/#organization"},"potentialAction":[{"@type":"SearchAction","target":{"@type":"EntryPoint","urlTemplate":"https:\/\/www.mavihaber.com.tr\/?s={search_term_string}"},"query-input":{"@type":"PropertyValueSpecification","valueRequired":true,"valueName":"search_term_string"}}],"inLanguage":"tr"},{"@type":"Organization","@id":"https:\/\/www.mavihaber.com.tr\/#organization","name":"MAV\u0130 HABER","url":"https:\/\/www.mavihaber.com.tr\/","logo":{"@type":"ImageObject","inLanguage":"tr","@id":"https:\/\/www.mavihaber.com.tr\/#\/schema\/logo\/image\/","url":"http:\/\/www.mavihaber.com.tr\/wp-content\/uploads\/2022\/02\/mavi-logo.png","contentUrl":"http:\/\/www.mavihaber.com.tr\/wp-content\/uploads\/2022\/02\/mavi-logo.png","width":301,"height":81,"caption":"MAV\u0130 HABER"},"image":{"@id":"https:\/\/www.mavihaber.com.tr\/#\/schema\/logo\/image\/"},"sameAs":["https:\/\/www.facebook.com\/ceyhan.mavi.142\/","https:\/\/x.com\/ceyhanmavihaber","https:\/\/www.instagram.com\/ceyhanmavihaber\/","https:\/\/www.youtube.com\/channel\/UCJQ-0-AFgj2GjI269QDUwNw"]},{"@type":"Person","@id":"https:\/\/www.mavihaber.com.tr\/#\/schema\/person\/6b483c36decdaf2ea80ccc7e00592ec5","name":"MAV\u0130 HABER","image":{"@type":"ImageObject","inLanguage":"tr","@id":"https:\/\/secure.gravatar.com\/avatar\/8ec447ff07537b3472bb74c7b4212a4d84d9e722e01a066cab36264a08dd2a23?s=96&d=mm&r=g","url":"https:\/\/secure.gravatar.com\/avatar\/8ec447ff07537b3472bb74c7b4212a4d84d9e722e01a066cab36264a08dd2a23?s=96&d=mm&r=g","contentUrl":"https:\/\/secure.gravatar.com\/avatar\/8ec447ff07537b3472bb74c7b4212a4d84d9e722e01a066cab36264a08dd2a23?s=96&d=mm&r=g","caption":"MAV\u0130 HABER"},"sameAs":["http:\/\/www.mavihaber.com.tr"],"url":"https:\/\/www.mavihaber.com.tr\/?author=1"}]}},"views":362,"_links":{"self":[{"href":"https:\/\/www.mavihaber.com.tr\/index.php?rest_route=\/wp\/v2\/posts\/259","targetHints":{"allow":["GET"]}}],"collection":[{"href":"https:\/\/www.mavihaber.com.tr\/index.php?rest_route=\/wp\/v2\/posts"}],"about":[{"href":"https:\/\/www.mavihaber.com.tr\/index.php?rest_route=\/wp\/v2\/types\/post"}],"author":[{"embeddable":true,"href":"https:\/\/www.mavihaber.com.tr\/index.php?rest_route=\/wp\/v2\/users\/1"}],"replies":[{"embeddable":true,"href":"https:\/\/www.mavihaber.com.tr\/index.php?rest_route=%2Fwp%2Fv2%2Fcomments&post=259"}],"version-history":[{"count":1,"href":"https:\/\/www.mavihaber.com.tr\/index.php?rest_route=\/wp\/v2\/posts\/259\/revisions"}],"predecessor-version":[{"id":261,"href":"https:\/\/www.mavihaber.com.tr\/index.php?rest_route=\/wp\/v2\/posts\/259\/revisions\/261"}],"wp:attachment":[{"href":"https:\/\/www.mavihaber.com.tr\/index.php?rest_route=%2Fwp%2Fv2%2Fmedia&parent=259"}],"wp:term":[{"taxonomy":"category","embeddable":true,"href":"https:\/\/www.mavihaber.com.tr\/index.php?rest_route=%2Fwp%2Fv2%2Fcategories&post=259"},{"taxonomy":"post_tag","embeddable":true,"href":"https:\/\/www.mavihaber.com.tr\/index.php?rest_route=%2Fwp%2Fv2%2Ftags&post=259"}],"curies":[{"name":"wp","href":"https:\/\/api.w.org\/{rel}","templated":true}]}}