{"id":311,"date":"2022-02-09T10:19:27","date_gmt":"2022-02-09T10:19:27","guid":{"rendered":"http:\/\/www.mavihaber.com.tr\/?p=311"},"modified":"2022-02-09T10:19:27","modified_gmt":"2022-02-09T10:19:27","slug":"chpden-hukumete-tepki-saray-iktidari-zam-yapmaya-doymuyor","status":"publish","type":"post","link":"https:\/\/www.mavihaber.com.tr\/?p=311","title":{"rendered":"CHP&#8217;den h\u00fck\u00fcmete tepki &#8221;Saray iktidar\u0131 zam yapmaya doymuyor.&#8221;"},"content":{"rendered":"<p>Saray iktidar\u0131 zam yapmaya doymuyor. T\u00fcrkiye, ekonomik buhran ile yang\u0131n yerine<br \/>\nd\u00f6nm\u00fc\u015fken, yang\u0131n\u0131n kundak\u00e7\u0131lar\u0131 vatanda\u015flar\u0131m\u0131za bir de enerji buhran\u0131 ya\u015fat\u0131yor.<br \/>\nElektrikten do\u011falgaza, akaryak\u0131ttan k\u00f6pr\u00fc ge\u00e7i\u015f \u00fccretlerine, har\u00e7lardan vergilere<br \/>\nkadar her \u015feye durmaks\u0131z\u0131n zam yap\u0131l\u0131yor.<br \/>\nHayat pahal\u0131l\u0131\u011f\u0131 ile halk yoksulla\u015ft\u0131r\u0131l\u0131yor. Vatanda\u015flar\u0131m\u0131z\u0131n pazar fileleri bo\u015f,<br \/>\ntencereleri bo\u015f, c\u00fczdanlar\u0131 bo\u015f!<br \/>\nKaybeden kim? 83 milyon! Peki ya kazanan? Saray ve yanda\u015flar\u0131!<br \/>\nEnerji buhran\u0131n\u0131n kahraman\u0131 Saray iktidar\u0131, elektrik zamlar\u0131 ile \u201cKademeli Zam,<br \/>\nKademeli Zul\u00fcm\u201d politikas\u0131n\u0131 uygulamaya koydu. Bu zamm\u0131n ba\u015frol\u00fcn\u00fc AKP \u0130l\u00e7e<br \/>\nBa\u015fkanl\u0131\u011f\u0131 gibi \u00e7al\u0131\u015fan EPDK \u00fcstlendi. Elektrikte kademeli soygunun ma\u011fdurlar\u0131 yine<br \/>\ni\u015f\u00e7i, memur, emekli, \u00e7ift\u00e7i, esnaf oldu.<br \/>\nSaray iktidar\u0131, elektrikte \u201ckademeli tarife\u201d ad\u0131 alt\u0131nda Cumhuriyet tarihin en b\u00fcy\u00fck<br \/>\nzamm\u0131n\u0131 1 Ocak g\u00fcn\u00fc y\u00fcr\u00fcrl\u00fc\u011fe koydu. Kademeli zulme d\u00f6n\u00fc\u015fen tarifeyi hayata<br \/>\nge\u00e7irirken ilk kademeye y\u00fczde 52 zam, bir \u00fcst kademeye de y\u00fczde 127 zam yapmay\u0131<br \/>\nihmal etmedi.<br \/>\n\u00dcst\u00fcne basa basa s\u00f6yl\u00fcyoruz: Dar gelirlilere destek olaca\u011f\u0131n\u0131 s\u00f6yledikleri ilk<br \/>\nkademeye bile y\u00fczde 52 zam yapt\u0131lar.<br \/>\n\u015eeytan\u0131n bile akl\u0131na gelmeyecek bu d\u00fczenlemeyle zaml\u0131 elektrik faturalar\u0131 ile<br \/>\nvatanda\u015f\u0131 \u00e7arpt\u0131lar.<br \/>\nKademeli tarife \u00f6yle bir d\u00f6neme denk geldi ki Aral\u0131k ay\u0131 zams\u0131z, Ocak ay\u0131 ise zaml\u0131<br \/>\nelektrik bedelleriyle hesapland\u0131. Bu ge\u00e7i\u015f d\u00f6neminde Aral\u0131k ay\u0131 t\u00fcketiminin yakla\u015f\u0131k<br \/>\n20 g\u00fcn\u00fc eski zams\u0131z tarifeden, Ocak ay\u0131 t\u00fcketiminin yakla\u015f\u0131k 10 g\u00fcn\u00fc de yeni zaml\u0131<br \/>\ntarifeden hesapland\u0131.<br \/>\nOcak ay\u0131n\u0131n 10 g\u00fcnl\u00fck elektrik t\u00fcketimi fiyat\u0131 ile yaz\u0131lan fahi\u015f zaml\u0131 faturalar b\u00fcy\u00fck<br \/>\ntepki toplad\u0131. \u00c7\u00fcnk\u00fc faturalar 2 ila 3 kat aras\u0131 artt\u0131.<br \/>\n&#8220;Kademeli Zam, Kademeli Zul\u00fcm&#8221; politikas\u0131n\u0131n ikinci k\u0131sm\u0131 1 \u015eubat tarihinde hayata<br \/>\nge\u00e7irildi. Bu kez AKP Genel Ba\u015fkan\u0131 zaten fahi\u015f zam yapt\u0131\u011f\u0131 ilk kademenin 150<br \/>\nkilovatsaat yerine 210 kilovatsaate \u00e7\u0131kar\u0131laca\u011f\u0131n\u0131 duyurdu.<br \/>\nCumhuriyet Halk Partisi olarak \u00fcst\u00fcne basa basa \u201cKademeli tarife, sosyal tarife<br \/>\nolmal\u0131d\u0131r\u201d diye defalarca uyard\u0131k.<br \/>\nDefalarca \u201cD\u00fc\u015f\u00fck kademe, zam yap\u0131lmadan en az 230 kilovatsaat olmal\u0131d\u0131r\u201d diye<br \/>\nuyard\u0131k.<br \/>\nSaray\u2019\u0131n \u201cben yapar\u0131m olur\u201d zihniyetiyle \u0131srarl\u0131 basiretsiz y\u00f6netimi vatanda\u015flar\u0131m\u0131z\u0131n<br \/>\nb\u00fct\u00e7esinde yeni gedikler a\u00e7t\u0131.<\/p>\n","protected":false},"excerpt":{"rendered":"<p>Saray iktidar\u0131 zam yapmaya doymuyor. T\u00fcrkiye, ekonomik buhran ile yang\u0131n yerine d\u00f6nm\u00fc\u015fken, yang\u0131n\u0131n kundak\u00e7\u0131lar\u0131 vatanda\u015flar\u0131m\u0131za bir de enerji buhran\u0131 ya\u015fat\u0131yor.<\/p>\n","protected":false},"author":1,"featured_media":0,"comment_status":"open","ping_status":"open","sticky":false,"template":"","format":"standard","meta":{"footnotes":""},"categories":[13],"tags":[],"class_list":["post-311","post","type-post","status-publish","format-standard","hentry","category-siyaset"],"yoast_head":"<!-- This site is optimized with the Yoast SEO plugin v28.2 - https:\/\/yoast.com\/product\/yoast-seo-wordpress\/ -->\n<title>CHP&#039;den h\u00fck\u00fcmete tepki &#039;&#039;Saray iktidar\u0131 zam yapmaya doymuyor.&#039;&#039; - MAV\u0130 HABER<\/title>\n<meta name=\"robots\" content=\"index, follow, max-snippet:-1, max-image-preview:large, max-video-preview:-1\" \/>\n<link rel=\"canonical\" href=\"https:\/\/www.mavihaber.com.tr\/?p=311\" \/>\n<meta property=\"og:locale\" content=\"tr_TR\" \/>\n<meta property=\"og:type\" content=\"article\" \/>\n<meta property=\"og:title\" content=\"CHP&#039;den h\u00fck\u00fcmete tepki &#039;&#039;Saray iktidar\u0131 zam yapmaya doymuyor.&#039;&#039; - MAV\u0130 HABER\" \/>\n<meta property=\"og:description\" content=\"Saray iktidar\u0131 zam yapmaya doymuyor. T\u00fcrkiye, ekonomik buhran ile yang\u0131n yerine d\u00f6nm\u00fc\u015fken, yang\u0131n\u0131n kundak\u00e7\u0131lar\u0131 vatanda\u015flar\u0131m\u0131za bir de enerji buhran\u0131 ya\u015fat\u0131yor.\" \/>\n<meta property=\"og:url\" content=\"https:\/\/www.mavihaber.com.tr\/?p=311\" \/>\n<meta property=\"og:site_name\" content=\"MAV\u0130 HABER\" \/>\n<meta property=\"article:publisher\" content=\"https:\/\/www.facebook.com\/ceyhan.mavi.142\/\" \/>\n<meta property=\"article:published_time\" content=\"2022-02-09T10:19:27+00:00\" \/>\n<meta name=\"author\" content=\"MAV\u0130 HABER\" \/>\n<meta name=\"twitter:card\" content=\"summary_large_image\" \/>\n<meta name=\"twitter:creator\" content=\"@ceyhanmavihaber\" \/>\n<meta name=\"twitter:site\" content=\"@ceyhanmavihaber\" \/>\n<meta name=\"twitter:label1\" content=\"Yazan:\" \/>\n\t<meta name=\"twitter:data1\" content=\"MAV\u0130 HABER\" \/>\n\t<meta name=\"twitter:label2\" content=\"Tahmini okuma s\u00fcresi\" \/>\n\t<meta name=\"twitter:data2\" content=\"2 dakika\" \/>\n<script type=\"application\/ld+json\" class=\"yoast-schema-graph\">{\"@context\":\"https:\\\/\\\/schema.org\",\"@graph\":[{\"@type\":\"Article\",\"@id\":\"https:\\\/\\\/www.mavihaber.com.tr\\\/?p=311#article\",\"isPartOf\":{\"@id\":\"https:\\\/\\\/www.mavihaber.com.tr\\\/?p=311\"},\"author\":{\"name\":\"MAV\u0130 HABER\",\"@id\":\"https:\\\/\\\/www.mavihaber.com.tr\\\/#\\\/schema\\\/person\\\/6b483c36decdaf2ea80ccc7e00592ec5\"},\"headline\":\"CHP&#8217;den h\u00fck\u00fcmete tepki &#8221;Saray iktidar\u0131 zam yapmaya doymuyor.&#8221;\",\"datePublished\":\"2022-02-09T10:19:27+00:00\",\"mainEntityOfPage\":{\"@id\":\"https:\\\/\\\/www.mavihaber.com.tr\\\/?p=311\"},\"wordCount\":407,\"commentCount\":0,\"publisher\":{\"@id\":\"https:\\\/\\\/www.mavihaber.com.tr\\\/#organization\"},\"articleSection\":[\"Siyaset\"],\"inLanguage\":\"tr\",\"potentialAction\":[{\"@type\":\"CommentAction\",\"name\":\"Comment\",\"target\":[\"https:\\\/\\\/www.mavihaber.com.tr\\\/?p=311#respond\"]}]},{\"@type\":\"WebPage\",\"@id\":\"https:\\\/\\\/www.mavihaber.com.tr\\\/?p=311\",\"url\":\"https:\\\/\\\/www.mavihaber.com.tr\\\/?p=311\",\"name\":\"CHP'den h\u00fck\u00fcmete tepki ''Saray iktidar\u0131 zam yapmaya doymuyor.'' - MAV\u0130 HABER\",\"isPartOf\":{\"@id\":\"https:\\\/\\\/www.mavihaber.com.tr\\\/#website\"},\"datePublished\":\"2022-02-09T10:19:27+00:00\",\"breadcrumb\":{\"@id\":\"https:\\\/\\\/www.mavihaber.com.tr\\\/?p=311#breadcrumb\"},\"inLanguage\":\"tr\",\"potentialAction\":[{\"@type\":\"ReadAction\",\"target\":[\"https:\\\/\\\/www.mavihaber.com.tr\\\/?p=311\"]}]},{\"@type\":\"BreadcrumbList\",\"@id\":\"https:\\\/\\\/www.mavihaber.com.tr\\\/?p=311#breadcrumb\",\"itemListElement\":[{\"@type\":\"ListItem\",\"position\":1,\"name\":\"Anasayfa\",\"item\":\"https:\\\/\\\/www.mavihaber.com.tr\\\/\"},{\"@type\":\"ListItem\",\"position\":2,\"name\":\"CHP&#8217;den h\u00fck\u00fcmete tepki &#8221;Saray iktidar\u0131 zam yapmaya doymuyor.&#8221;\"}]},{\"@type\":\"WebSite\",\"@id\":\"https:\\\/\\\/www.mavihaber.com.tr\\\/#website\",\"url\":\"https:\\\/\\\/www.mavihaber.com.tr\\\/\",\"name\":\"MAV\u0130 HABER\",\"description\":\"S&Ouml;Z U&Ccedil;AR YAZI KALIR\",\"publisher\":{\"@id\":\"https:\\\/\\\/www.mavihaber.com.tr\\\/#organization\"},\"potentialAction\":[{\"@type\":\"SearchAction\",\"target\":{\"@type\":\"EntryPoint\",\"urlTemplate\":\"https:\\\/\\\/www.mavihaber.com.tr\\\/?s={search_term_string}\"},\"query-input\":{\"@type\":\"PropertyValueSpecification\",\"valueRequired\":true,\"valueName\":\"search_term_string\"}}],\"inLanguage\":\"tr\"},{\"@type\":\"Organization\",\"@id\":\"https:\\\/\\\/www.mavihaber.com.tr\\\/#organization\",\"name\":\"MAV\u0130 HABER\",\"url\":\"https:\\\/\\\/www.mavihaber.com.tr\\\/\",\"logo\":{\"@type\":\"ImageObject\",\"inLanguage\":\"tr\",\"@id\":\"https:\\\/\\\/www.mavihaber.com.tr\\\/#\\\/schema\\\/logo\\\/image\\\/\",\"url\":\"http:\\\/\\\/www.mavihaber.com.tr\\\/wp-content\\\/uploads\\\/2022\\\/02\\\/mavi-logo.png\",\"contentUrl\":\"http:\\\/\\\/www.mavihaber.com.tr\\\/wp-content\\\/uploads\\\/2022\\\/02\\\/mavi-logo.png\",\"width\":301,\"height\":81,\"caption\":\"MAV\u0130 HABER\"},\"image\":{\"@id\":\"https:\\\/\\\/www.mavihaber.com.tr\\\/#\\\/schema\\\/logo\\\/image\\\/\"},\"sameAs\":[\"https:\\\/\\\/www.facebook.com\\\/ceyhan.mavi.142\\\/\",\"https:\\\/\\\/x.com\\\/ceyhanmavihaber\",\"https:\\\/\\\/www.instagram.com\\\/ceyhanmavihaber\\\/\",\"https:\\\/\\\/www.youtube.com\\\/channel\\\/UCJQ-0-AFgj2GjI269QDUwNw\"]},{\"@type\":\"Person\",\"@id\":\"https:\\\/\\\/www.mavihaber.com.tr\\\/#\\\/schema\\\/person\\\/6b483c36decdaf2ea80ccc7e00592ec5\",\"name\":\"MAV\u0130 HABER\",\"image\":{\"@type\":\"ImageObject\",\"inLanguage\":\"tr\",\"@id\":\"https:\\\/\\\/secure.gravatar.com\\\/avatar\\\/8ec447ff07537b3472bb74c7b4212a4d84d9e722e01a066cab36264a08dd2a23?s=96&d=mm&r=g\",\"url\":\"https:\\\/\\\/secure.gravatar.com\\\/avatar\\\/8ec447ff07537b3472bb74c7b4212a4d84d9e722e01a066cab36264a08dd2a23?s=96&d=mm&r=g\",\"contentUrl\":\"https:\\\/\\\/secure.gravatar.com\\\/avatar\\\/8ec447ff07537b3472bb74c7b4212a4d84d9e722e01a066cab36264a08dd2a23?s=96&d=mm&r=g\",\"caption\":\"MAV\u0130 HABER\"},\"sameAs\":[\"http:\\\/\\\/www.mavihaber.com.tr\"],\"url\":\"https:\\\/\\\/www.mavihaber.com.tr\\\/?author=1\"}]}<\/script>\n<!-- \/ Yoast SEO plugin. -->","yoast_head_json":{"title":"CHP'den h\u00fck\u00fcmete tepki ''Saray iktidar\u0131 zam yapmaya doymuyor.'' - MAV\u0130 HABER","robots":{"index":"index","follow":"follow","max-snippet":"max-snippet:-1","max-image-preview":"max-image-preview:large","max-video-preview":"max-video-preview:-1"},"canonical":"https:\/\/www.mavihaber.com.tr\/?p=311","og_locale":"tr_TR","og_type":"article","og_title":"CHP'den h\u00fck\u00fcmete tepki ''Saray iktidar\u0131 zam yapmaya doymuyor.'' - MAV\u0130 HABER","og_description":"Saray iktidar\u0131 zam yapmaya doymuyor. T\u00fcrkiye, ekonomik buhran ile yang\u0131n yerine d\u00f6nm\u00fc\u015fken, yang\u0131n\u0131n kundak\u00e7\u0131lar\u0131 vatanda\u015flar\u0131m\u0131za bir de enerji buhran\u0131 ya\u015fat\u0131yor.","og_url":"https:\/\/www.mavihaber.com.tr\/?p=311","og_site_name":"MAV\u0130 HABER","article_publisher":"https:\/\/www.facebook.com\/ceyhan.mavi.142\/","article_published_time":"2022-02-09T10:19:27+00:00","author":"MAV\u0130 HABER","twitter_card":"summary_large_image","twitter_creator":"@ceyhanmavihaber","twitter_site":"@ceyhanmavihaber","twitter_misc":{"Yazan:":"MAV\u0130 HABER","Tahmini okuma s\u00fcresi":"2 dakika"},"schema":{"@context":"https:\/\/schema.org","@graph":[{"@type":"Article","@id":"https:\/\/www.mavihaber.com.tr\/?p=311#article","isPartOf":{"@id":"https:\/\/www.mavihaber.com.tr\/?p=311"},"author":{"name":"MAV\u0130 HABER","@id":"https:\/\/www.mavihaber.com.tr\/#\/schema\/person\/6b483c36decdaf2ea80ccc7e00592ec5"},"headline":"CHP&#8217;den h\u00fck\u00fcmete tepki &#8221;Saray iktidar\u0131 zam yapmaya doymuyor.&#8221;","datePublished":"2022-02-09T10:19:27+00:00","mainEntityOfPage":{"@id":"https:\/\/www.mavihaber.com.tr\/?p=311"},"wordCount":407,"commentCount":0,"publisher":{"@id":"https:\/\/www.mavihaber.com.tr\/#organization"},"articleSection":["Siyaset"],"inLanguage":"tr","potentialAction":[{"@type":"CommentAction","name":"Comment","target":["https:\/\/www.mavihaber.com.tr\/?p=311#respond"]}]},{"@type":"WebPage","@id":"https:\/\/www.mavihaber.com.tr\/?p=311","url":"https:\/\/www.mavihaber.com.tr\/?p=311","name":"CHP'den h\u00fck\u00fcmete tepki ''Saray iktidar\u0131 zam yapmaya doymuyor.'' - MAV\u0130 HABER","isPartOf":{"@id":"https:\/\/www.mavihaber.com.tr\/#website"},"datePublished":"2022-02-09T10:19:27+00:00","breadcrumb":{"@id":"https:\/\/www.mavihaber.com.tr\/?p=311#breadcrumb"},"inLanguage":"tr","potentialAction":[{"@type":"ReadAction","target":["https:\/\/www.mavihaber.com.tr\/?p=311"]}]},{"@type":"BreadcrumbList","@id":"https:\/\/www.mavihaber.com.tr\/?p=311#breadcrumb","itemListElement":[{"@type":"ListItem","position":1,"name":"Anasayfa","item":"https:\/\/www.mavihaber.com.tr\/"},{"@type":"ListItem","position":2,"name":"CHP&#8217;den h\u00fck\u00fcmete tepki &#8221;Saray iktidar\u0131 zam yapmaya doymuyor.&#8221;"}]},{"@type":"WebSite","@id":"https:\/\/www.mavihaber.com.tr\/#website","url":"https:\/\/www.mavihaber.com.tr\/","name":"MAV\u0130 HABER","description":"S&Ouml;Z U&Ccedil;AR YAZI KALIR","publisher":{"@id":"https:\/\/www.mavihaber.com.tr\/#organization"},"potentialAction":[{"@type":"SearchAction","target":{"@type":"EntryPoint","urlTemplate":"https:\/\/www.mavihaber.com.tr\/?s={search_term_string}"},"query-input":{"@type":"PropertyValueSpecification","valueRequired":true,"valueName":"search_term_string"}}],"inLanguage":"tr"},{"@type":"Organization","@id":"https:\/\/www.mavihaber.com.tr\/#organization","name":"MAV\u0130 HABER","url":"https:\/\/www.mavihaber.com.tr\/","logo":{"@type":"ImageObject","inLanguage":"tr","@id":"https:\/\/www.mavihaber.com.tr\/#\/schema\/logo\/image\/","url":"http:\/\/www.mavihaber.com.tr\/wp-content\/uploads\/2022\/02\/mavi-logo.png","contentUrl":"http:\/\/www.mavihaber.com.tr\/wp-content\/uploads\/2022\/02\/mavi-logo.png","width":301,"height":81,"caption":"MAV\u0130 HABER"},"image":{"@id":"https:\/\/www.mavihaber.com.tr\/#\/schema\/logo\/image\/"},"sameAs":["https:\/\/www.facebook.com\/ceyhan.mavi.142\/","https:\/\/x.com\/ceyhanmavihaber","https:\/\/www.instagram.com\/ceyhanmavihaber\/","https:\/\/www.youtube.com\/channel\/UCJQ-0-AFgj2GjI269QDUwNw"]},{"@type":"Person","@id":"https:\/\/www.mavihaber.com.tr\/#\/schema\/person\/6b483c36decdaf2ea80ccc7e00592ec5","name":"MAV\u0130 HABER","image":{"@type":"ImageObject","inLanguage":"tr","@id":"https:\/\/secure.gravatar.com\/avatar\/8ec447ff07537b3472bb74c7b4212a4d84d9e722e01a066cab36264a08dd2a23?s=96&d=mm&r=g","url":"https:\/\/secure.gravatar.com\/avatar\/8ec447ff07537b3472bb74c7b4212a4d84d9e722e01a066cab36264a08dd2a23?s=96&d=mm&r=g","contentUrl":"https:\/\/secure.gravatar.com\/avatar\/8ec447ff07537b3472bb74c7b4212a4d84d9e722e01a066cab36264a08dd2a23?s=96&d=mm&r=g","caption":"MAV\u0130 HABER"},"sameAs":["http:\/\/www.mavihaber.com.tr"],"url":"https:\/\/www.mavihaber.com.tr\/?author=1"}]}},"views":401,"_links":{"self":[{"href":"https:\/\/www.mavihaber.com.tr\/index.php?rest_route=\/wp\/v2\/posts\/311","targetHints":{"allow":["GET"]}}],"collection":[{"href":"https:\/\/www.mavihaber.com.tr\/index.php?rest_route=\/wp\/v2\/posts"}],"about":[{"href":"https:\/\/www.mavihaber.com.tr\/index.php?rest_route=\/wp\/v2\/types\/post"}],"author":[{"embeddable":true,"href":"https:\/\/www.mavihaber.com.tr\/index.php?rest_route=\/wp\/v2\/users\/1"}],"replies":[{"embeddable":true,"href":"https:\/\/www.mavihaber.com.tr\/index.php?rest_route=%2Fwp%2Fv2%2Fcomments&post=311"}],"version-history":[{"count":1,"href":"https:\/\/www.mavihaber.com.tr\/index.php?rest_route=\/wp\/v2\/posts\/311\/revisions"}],"predecessor-version":[{"id":313,"href":"https:\/\/www.mavihaber.com.tr\/index.php?rest_route=\/wp\/v2\/posts\/311\/revisions\/313"}],"wp:attachment":[{"href":"https:\/\/www.mavihaber.com.tr\/index.php?rest_route=%2Fwp%2Fv2%2Fmedia&parent=311"}],"wp:term":[{"taxonomy":"category","embeddable":true,"href":"https:\/\/www.mavihaber.com.tr\/index.php?rest_route=%2Fwp%2Fv2%2Fcategories&post=311"},{"taxonomy":"post_tag","embeddable":true,"href":"https:\/\/www.mavihaber.com.tr\/index.php?rest_route=%2Fwp%2Fv2%2Ftags&post=311"}],"curies":[{"name":"wp","href":"https:\/\/api.w.org\/{rel}","templated":true}]}}