{"id":332,"date":"2022-02-09T14:33:11","date_gmt":"2022-02-09T14:33:11","guid":{"rendered":"http:\/\/www.mavihaber.com.tr\/?p=332"},"modified":"2022-02-09T14:33:11","modified_gmt":"2022-02-09T14:33:11","slug":"abdde-genc-baskan","status":"publish","type":"post","link":"https:\/\/www.mavihaber.com.tr\/?p=332","title":{"rendered":"ABD&#8217;de Gen\u00e7 BA\u015eKAN"},"content":{"rendered":"<p>ADD\u2019de Gen\u00e7 Ba\u015fkan<br \/>\nAtat\u00fcrk\u00e7\u00fc D\u00fc\u015f\u00fcnce Derne\u011fi Ceyhan \u015fubesinde se\u00e7im heyecan\u0131 ya\u015fand\u0131. \u0130ki aday\u0131n yar\u0131\u015faca\u011f\u0131 se\u00e7imde adaylardan Soner Bahtiyar\u2019\u0131n \u00e7ekilmesiyle Avukat Hamdi Ya\u011fan ba\u015fkanl\u0131\u011fa se\u00e7ildi.<br \/>\nUzun s\u00fcredir Ceyhan kamuoyunda se\u00e7imi konu\u015fulan Atat\u00fcrk\u00e7\u00fc D\u00fc\u015f\u00fcnce Dernek se\u00e7imi merakla beklenirken, se\u00e7im ba\u015flamadan k\u0131sa s\u00fcre \u00f6nce adaylardan Soner Bahtiyar adayl\u0131ktan \u00e7ekildi\u011fini beyan edince, Avukat Hamdi Ya\u011fan tek listeyle girdi\u011fi se\u00e7imde yeni ba\u015fkan se\u00e7ildi.<br \/>\nYeni Ba\u015fkan Av. Hamdi Ya\u011fan, \u201c\u00d6ncelikle beni bu kutsal g\u00f6reve se\u00e7en t\u00fcm \u00fcyelerimize, k\u0131ymetli b\u00fcy\u00fcklerime te\u015fekk\u00fcr ediyorum. Bu se\u00e7imi hepimiz kazand\u0131k, yani Mustafa Kemal\u2019in askerleri kazand\u0131. Bizler el ele verip, daha \u00e7ok \u00e7al\u0131\u015faca\u011f\u0131z. Pandeminin etkisini kaybetmesi ile birlikte \u00e7al\u0131\u015fmalar\u0131m\u0131za devam edece\u011fiz. Derne\u011fe \u00fcye olanlarla birebir ilgilenmenin yan\u0131 s\u0131ra \u00e7e\u015fitli faaliyetlere devam edece\u011fiz. Eski Ba\u015fkan\u0131m\u0131z Say\u0131n Necdet Cildan&#8217;dan ald\u0131\u011f\u0131m\u0131z bayra\u011f\u0131 daha yukarlara ta\u015f\u0131yaca\u011f\u0131z. Atat\u00fcrk\u00e7\u00fc D\u00fc\u015f\u00fcncenin Ceyhan&#8217;da daha \u00e7ok g\u00fc\u00e7lenmesi \u00f6zellikle de gen\u00e7lik aras\u0131nda daha da k\u00f6klenmesi ad\u0131na gerek teorik, gerek pratik her t\u00fcrl\u00fc faaliyetlerimiz de s\u00fcrecektir\u201d dedi.<br \/>\nADD Y\u00f6netim Kurulu; Ba\u015fkan Hamdi Ya\u011fan, G\u00f6khan \u0130lci, Kenan \u0130nce, Dilek Keskin, Sibel T\u00fcrker, Mehmet L\u00fctfi Bayrak ve Zeki K\u0131z\u0131l<br \/>\nDenetleme Kurulu; \u0130smet Asl\u0131pek, Mehmet Ta\u015f Ta\u015ftekin ve Ahmet Cemil \u00d6zdemir<br \/>\nDisiplin Kurulu; Nurg\u00fcl Cerit, Serdar Topba\u015f ve Arif Baysal<br \/>\n\u00dcst Kurul listesi; \u00c7etin \u00d6kmen, Abdullah Kutluca ve Zeki G\u00fcl, olarak belirlendi.<img loading=\"lazy\" decoding=\"async\" class=\"alignnone size-medium wp-image-333\" src=\"http:\/\/www.mavihaber.com.tr\/wp-content\/uploads\/2022\/02\/I-BSR-300x225.jpeg\" alt=\"\" width=\"300\" height=\"225\" \/><\/p>\n","protected":false},"excerpt":{"rendered":"<p>ADD\u2019de Gen\u00e7 Ba\u015fkan Atat\u00fcrk\u00e7\u00fc D\u00fc\u015f\u00fcnce Derne\u011fi Ceyhan \u015fubesinde se\u00e7im heyecan\u0131 ya\u015fand\u0131. \u0130ki aday\u0131n yar\u0131\u015faca\u011f\u0131 se\u00e7imde adaylardan Soner Bahtiyar\u2019\u0131n \u00e7ekilmesiyle Avukat<\/p>\n","protected":false},"author":1,"featured_media":0,"comment_status":"open","ping_status":"open","sticky":false,"template":"","format":"standard","meta":{"footnotes":""},"categories":[13],"tags":[],"class_list":["post-332","post","type-post","status-publish","format-standard","hentry","category-siyaset"],"yoast_head":"<!-- This site is optimized with the Yoast SEO plugin v28.2 - https:\/\/yoast.com\/product\/yoast-seo-wordpress\/ -->\n<title>ABD&#039;de Gen\u00e7 BA\u015eKAN - MAV\u0130 HABER<\/title>\n<meta name=\"robots\" content=\"index, follow, max-snippet:-1, max-image-preview:large, max-video-preview:-1\" \/>\n<link rel=\"canonical\" href=\"https:\/\/www.mavihaber.com.tr\/?p=332\" \/>\n<meta property=\"og:locale\" content=\"tr_TR\" \/>\n<meta property=\"og:type\" content=\"article\" \/>\n<meta property=\"og:title\" content=\"ABD&#039;de Gen\u00e7 BA\u015eKAN - MAV\u0130 HABER\" \/>\n<meta property=\"og:description\" content=\"ADD\u2019de Gen\u00e7 Ba\u015fkan Atat\u00fcrk\u00e7\u00fc D\u00fc\u015f\u00fcnce Derne\u011fi Ceyhan \u015fubesinde se\u00e7im heyecan\u0131 ya\u015fand\u0131. \u0130ki aday\u0131n yar\u0131\u015faca\u011f\u0131 se\u00e7imde adaylardan Soner Bahtiyar\u2019\u0131n \u00e7ekilmesiyle Avukat\" \/>\n<meta property=\"og:url\" content=\"https:\/\/www.mavihaber.com.tr\/?p=332\" \/>\n<meta property=\"og:site_name\" content=\"MAV\u0130 HABER\" \/>\n<meta property=\"article:publisher\" content=\"https:\/\/www.facebook.com\/ceyhan.mavi.142\/\" \/>\n<meta property=\"article:published_time\" content=\"2022-02-09T14:33:11+00:00\" \/>\n<meta name=\"author\" content=\"MAV\u0130 HABER\" \/>\n<meta name=\"twitter:card\" content=\"summary_large_image\" \/>\n<meta name=\"twitter:creator\" content=\"@ceyhanmavihaber\" \/>\n<meta name=\"twitter:site\" content=\"@ceyhanmavihaber\" \/>\n<meta name=\"twitter:label1\" content=\"Yazan:\" \/>\n\t<meta name=\"twitter:data1\" content=\"MAV\u0130 HABER\" \/>\n\t<meta name=\"twitter:label2\" content=\"Tahmini okuma s\u00fcresi\" \/>\n\t<meta name=\"twitter:data2\" content=\"2 dakika\" \/>\n<script type=\"application\/ld+json\" class=\"yoast-schema-graph\">{\"@context\":\"https:\\\/\\\/schema.org\",\"@graph\":[{\"@type\":\"Article\",\"@id\":\"https:\\\/\\\/www.mavihaber.com.tr\\\/?p=332#article\",\"isPartOf\":{\"@id\":\"https:\\\/\\\/www.mavihaber.com.tr\\\/?p=332\"},\"author\":{\"name\":\"MAV\u0130 HABER\",\"@id\":\"https:\\\/\\\/www.mavihaber.com.tr\\\/#\\\/schema\\\/person\\\/6b483c36decdaf2ea80ccc7e00592ec5\"},\"headline\":\"ABD&#8217;de Gen\u00e7 BA\u015eKAN\",\"datePublished\":\"2022-02-09T14:33:11+00:00\",\"mainEntityOfPage\":{\"@id\":\"https:\\\/\\\/www.mavihaber.com.tr\\\/?p=332\"},\"wordCount\":284,\"commentCount\":0,\"publisher\":{\"@id\":\"https:\\\/\\\/www.mavihaber.com.tr\\\/#organization\"},\"image\":{\"@id\":\"https:\\\/\\\/www.mavihaber.com.tr\\\/?p=332#primaryimage\"},\"thumbnailUrl\":\"http:\\\/\\\/www.mavihaber.com.tr\\\/wp-content\\\/uploads\\\/2022\\\/02\\\/I-BSR-300x225.jpeg\",\"articleSection\":[\"Siyaset\"],\"inLanguage\":\"tr\",\"potentialAction\":[{\"@type\":\"CommentAction\",\"name\":\"Comment\",\"target\":[\"https:\\\/\\\/www.mavihaber.com.tr\\\/?p=332#respond\"]}]},{\"@type\":\"WebPage\",\"@id\":\"https:\\\/\\\/www.mavihaber.com.tr\\\/?p=332\",\"url\":\"https:\\\/\\\/www.mavihaber.com.tr\\\/?p=332\",\"name\":\"ABD'de Gen\u00e7 BA\u015eKAN - MAV\u0130 HABER\",\"isPartOf\":{\"@id\":\"https:\\\/\\\/www.mavihaber.com.tr\\\/#website\"},\"primaryImageOfPage\":{\"@id\":\"https:\\\/\\\/www.mavihaber.com.tr\\\/?p=332#primaryimage\"},\"image\":{\"@id\":\"https:\\\/\\\/www.mavihaber.com.tr\\\/?p=332#primaryimage\"},\"thumbnailUrl\":\"http:\\\/\\\/www.mavihaber.com.tr\\\/wp-content\\\/uploads\\\/2022\\\/02\\\/I-BSR-300x225.jpeg\",\"datePublished\":\"2022-02-09T14:33:11+00:00\",\"breadcrumb\":{\"@id\":\"https:\\\/\\\/www.mavihaber.com.tr\\\/?p=332#breadcrumb\"},\"inLanguage\":\"tr\",\"potentialAction\":[{\"@type\":\"ReadAction\",\"target\":[\"https:\\\/\\\/www.mavihaber.com.tr\\\/?p=332\"]}]},{\"@type\":\"ImageObject\",\"inLanguage\":\"tr\",\"@id\":\"https:\\\/\\\/www.mavihaber.com.tr\\\/?p=332#primaryimage\",\"url\":\"\",\"contentUrl\":\"\"},{\"@type\":\"BreadcrumbList\",\"@id\":\"https:\\\/\\\/www.mavihaber.com.tr\\\/?p=332#breadcrumb\",\"itemListElement\":[{\"@type\":\"ListItem\",\"position\":1,\"name\":\"Anasayfa\",\"item\":\"https:\\\/\\\/www.mavihaber.com.tr\\\/\"},{\"@type\":\"ListItem\",\"position\":2,\"name\":\"ABD&#8217;de Gen\u00e7 BA\u015eKAN\"}]},{\"@type\":\"WebSite\",\"@id\":\"https:\\\/\\\/www.mavihaber.com.tr\\\/#website\",\"url\":\"https:\\\/\\\/www.mavihaber.com.tr\\\/\",\"name\":\"MAV\u0130 HABER\",\"description\":\"S&Ouml;Z U&Ccedil;AR YAZI KALIR\",\"publisher\":{\"@id\":\"https:\\\/\\\/www.mavihaber.com.tr\\\/#organization\"},\"potentialAction\":[{\"@type\":\"SearchAction\",\"target\":{\"@type\":\"EntryPoint\",\"urlTemplate\":\"https:\\\/\\\/www.mavihaber.com.tr\\\/?s={search_term_string}\"},\"query-input\":{\"@type\":\"PropertyValueSpecification\",\"valueRequired\":true,\"valueName\":\"search_term_string\"}}],\"inLanguage\":\"tr\"},{\"@type\":\"Organization\",\"@id\":\"https:\\\/\\\/www.mavihaber.com.tr\\\/#organization\",\"name\":\"MAV\u0130 HABER\",\"url\":\"https:\\\/\\\/www.mavihaber.com.tr\\\/\",\"logo\":{\"@type\":\"ImageObject\",\"inLanguage\":\"tr\",\"@id\":\"https:\\\/\\\/www.mavihaber.com.tr\\\/#\\\/schema\\\/logo\\\/image\\\/\",\"url\":\"http:\\\/\\\/www.mavihaber.com.tr\\\/wp-content\\\/uploads\\\/2022\\\/02\\\/mavi-logo.png\",\"contentUrl\":\"http:\\\/\\\/www.mavihaber.com.tr\\\/wp-content\\\/uploads\\\/2022\\\/02\\\/mavi-logo.png\",\"width\":301,\"height\":81,\"caption\":\"MAV\u0130 HABER\"},\"image\":{\"@id\":\"https:\\\/\\\/www.mavihaber.com.tr\\\/#\\\/schema\\\/logo\\\/image\\\/\"},\"sameAs\":[\"https:\\\/\\\/www.facebook.com\\\/ceyhan.mavi.142\\\/\",\"https:\\\/\\\/x.com\\\/ceyhanmavihaber\",\"https:\\\/\\\/www.instagram.com\\\/ceyhanmavihaber\\\/\",\"https:\\\/\\\/www.youtube.com\\\/channel\\\/UCJQ-0-AFgj2GjI269QDUwNw\"]},{\"@type\":\"Person\",\"@id\":\"https:\\\/\\\/www.mavihaber.com.tr\\\/#\\\/schema\\\/person\\\/6b483c36decdaf2ea80ccc7e00592ec5\",\"name\":\"MAV\u0130 HABER\",\"image\":{\"@type\":\"ImageObject\",\"inLanguage\":\"tr\",\"@id\":\"https:\\\/\\\/secure.gravatar.com\\\/avatar\\\/8ec447ff07537b3472bb74c7b4212a4d84d9e722e01a066cab36264a08dd2a23?s=96&d=mm&r=g\",\"url\":\"https:\\\/\\\/secure.gravatar.com\\\/avatar\\\/8ec447ff07537b3472bb74c7b4212a4d84d9e722e01a066cab36264a08dd2a23?s=96&d=mm&r=g\",\"contentUrl\":\"https:\\\/\\\/secure.gravatar.com\\\/avatar\\\/8ec447ff07537b3472bb74c7b4212a4d84d9e722e01a066cab36264a08dd2a23?s=96&d=mm&r=g\",\"caption\":\"MAV\u0130 HABER\"},\"sameAs\":[\"http:\\\/\\\/www.mavihaber.com.tr\"],\"url\":\"https:\\\/\\\/www.mavihaber.com.tr\\\/?author=1\"}]}<\/script>\n<!-- \/ Yoast SEO plugin. -->","yoast_head_json":{"title":"ABD'de Gen\u00e7 BA\u015eKAN - MAV\u0130 HABER","robots":{"index":"index","follow":"follow","max-snippet":"max-snippet:-1","max-image-preview":"max-image-preview:large","max-video-preview":"max-video-preview:-1"},"canonical":"https:\/\/www.mavihaber.com.tr\/?p=332","og_locale":"tr_TR","og_type":"article","og_title":"ABD'de Gen\u00e7 BA\u015eKAN - MAV\u0130 HABER","og_description":"ADD\u2019de Gen\u00e7 Ba\u015fkan Atat\u00fcrk\u00e7\u00fc D\u00fc\u015f\u00fcnce Derne\u011fi Ceyhan \u015fubesinde se\u00e7im heyecan\u0131 ya\u015fand\u0131. \u0130ki aday\u0131n yar\u0131\u015faca\u011f\u0131 se\u00e7imde adaylardan Soner Bahtiyar\u2019\u0131n \u00e7ekilmesiyle Avukat","og_url":"https:\/\/www.mavihaber.com.tr\/?p=332","og_site_name":"MAV\u0130 HABER","article_publisher":"https:\/\/www.facebook.com\/ceyhan.mavi.142\/","article_published_time":"2022-02-09T14:33:11+00:00","author":"MAV\u0130 HABER","twitter_card":"summary_large_image","twitter_creator":"@ceyhanmavihaber","twitter_site":"@ceyhanmavihaber","twitter_misc":{"Yazan:":"MAV\u0130 HABER","Tahmini okuma s\u00fcresi":"2 dakika"},"schema":{"@context":"https:\/\/schema.org","@graph":[{"@type":"Article","@id":"https:\/\/www.mavihaber.com.tr\/?p=332#article","isPartOf":{"@id":"https:\/\/www.mavihaber.com.tr\/?p=332"},"author":{"name":"MAV\u0130 HABER","@id":"https:\/\/www.mavihaber.com.tr\/#\/schema\/person\/6b483c36decdaf2ea80ccc7e00592ec5"},"headline":"ABD&#8217;de Gen\u00e7 BA\u015eKAN","datePublished":"2022-02-09T14:33:11+00:00","mainEntityOfPage":{"@id":"https:\/\/www.mavihaber.com.tr\/?p=332"},"wordCount":284,"commentCount":0,"publisher":{"@id":"https:\/\/www.mavihaber.com.tr\/#organization"},"image":{"@id":"https:\/\/www.mavihaber.com.tr\/?p=332#primaryimage"},"thumbnailUrl":"http:\/\/www.mavihaber.com.tr\/wp-content\/uploads\/2022\/02\/I-BSR-300x225.jpeg","articleSection":["Siyaset"],"inLanguage":"tr","potentialAction":[{"@type":"CommentAction","name":"Comment","target":["https:\/\/www.mavihaber.com.tr\/?p=332#respond"]}]},{"@type":"WebPage","@id":"https:\/\/www.mavihaber.com.tr\/?p=332","url":"https:\/\/www.mavihaber.com.tr\/?p=332","name":"ABD'de Gen\u00e7 BA\u015eKAN - MAV\u0130 HABER","isPartOf":{"@id":"https:\/\/www.mavihaber.com.tr\/#website"},"primaryImageOfPage":{"@id":"https:\/\/www.mavihaber.com.tr\/?p=332#primaryimage"},"image":{"@id":"https:\/\/www.mavihaber.com.tr\/?p=332#primaryimage"},"thumbnailUrl":"http:\/\/www.mavihaber.com.tr\/wp-content\/uploads\/2022\/02\/I-BSR-300x225.jpeg","datePublished":"2022-02-09T14:33:11+00:00","breadcrumb":{"@id":"https:\/\/www.mavihaber.com.tr\/?p=332#breadcrumb"},"inLanguage":"tr","potentialAction":[{"@type":"ReadAction","target":["https:\/\/www.mavihaber.com.tr\/?p=332"]}]},{"@type":"ImageObject","inLanguage":"tr","@id":"https:\/\/www.mavihaber.com.tr\/?p=332#primaryimage","url":"","contentUrl":""},{"@type":"BreadcrumbList","@id":"https:\/\/www.mavihaber.com.tr\/?p=332#breadcrumb","itemListElement":[{"@type":"ListItem","position":1,"name":"Anasayfa","item":"https:\/\/www.mavihaber.com.tr\/"},{"@type":"ListItem","position":2,"name":"ABD&#8217;de Gen\u00e7 BA\u015eKAN"}]},{"@type":"WebSite","@id":"https:\/\/www.mavihaber.com.tr\/#website","url":"https:\/\/www.mavihaber.com.tr\/","name":"MAV\u0130 HABER","description":"S&Ouml;Z U&Ccedil;AR YAZI KALIR","publisher":{"@id":"https:\/\/www.mavihaber.com.tr\/#organization"},"potentialAction":[{"@type":"SearchAction","target":{"@type":"EntryPoint","urlTemplate":"https:\/\/www.mavihaber.com.tr\/?s={search_term_string}"},"query-input":{"@type":"PropertyValueSpecification","valueRequired":true,"valueName":"search_term_string"}}],"inLanguage":"tr"},{"@type":"Organization","@id":"https:\/\/www.mavihaber.com.tr\/#organization","name":"MAV\u0130 HABER","url":"https:\/\/www.mavihaber.com.tr\/","logo":{"@type":"ImageObject","inLanguage":"tr","@id":"https:\/\/www.mavihaber.com.tr\/#\/schema\/logo\/image\/","url":"http:\/\/www.mavihaber.com.tr\/wp-content\/uploads\/2022\/02\/mavi-logo.png","contentUrl":"http:\/\/www.mavihaber.com.tr\/wp-content\/uploads\/2022\/02\/mavi-logo.png","width":301,"height":81,"caption":"MAV\u0130 HABER"},"image":{"@id":"https:\/\/www.mavihaber.com.tr\/#\/schema\/logo\/image\/"},"sameAs":["https:\/\/www.facebook.com\/ceyhan.mavi.142\/","https:\/\/x.com\/ceyhanmavihaber","https:\/\/www.instagram.com\/ceyhanmavihaber\/","https:\/\/www.youtube.com\/channel\/UCJQ-0-AFgj2GjI269QDUwNw"]},{"@type":"Person","@id":"https:\/\/www.mavihaber.com.tr\/#\/schema\/person\/6b483c36decdaf2ea80ccc7e00592ec5","name":"MAV\u0130 HABER","image":{"@type":"ImageObject","inLanguage":"tr","@id":"https:\/\/secure.gravatar.com\/avatar\/8ec447ff07537b3472bb74c7b4212a4d84d9e722e01a066cab36264a08dd2a23?s=96&d=mm&r=g","url":"https:\/\/secure.gravatar.com\/avatar\/8ec447ff07537b3472bb74c7b4212a4d84d9e722e01a066cab36264a08dd2a23?s=96&d=mm&r=g","contentUrl":"https:\/\/secure.gravatar.com\/avatar\/8ec447ff07537b3472bb74c7b4212a4d84d9e722e01a066cab36264a08dd2a23?s=96&d=mm&r=g","caption":"MAV\u0130 HABER"},"sameAs":["http:\/\/www.mavihaber.com.tr"],"url":"https:\/\/www.mavihaber.com.tr\/?author=1"}]}},"views":467,"_links":{"self":[{"href":"https:\/\/www.mavihaber.com.tr\/index.php?rest_route=\/wp\/v2\/posts\/332","targetHints":{"allow":["GET"]}}],"collection":[{"href":"https:\/\/www.mavihaber.com.tr\/index.php?rest_route=\/wp\/v2\/posts"}],"about":[{"href":"https:\/\/www.mavihaber.com.tr\/index.php?rest_route=\/wp\/v2\/types\/post"}],"author":[{"embeddable":true,"href":"https:\/\/www.mavihaber.com.tr\/index.php?rest_route=\/wp\/v2\/users\/1"}],"replies":[{"embeddable":true,"href":"https:\/\/www.mavihaber.com.tr\/index.php?rest_route=%2Fwp%2Fv2%2Fcomments&post=332"}],"version-history":[{"count":1,"href":"https:\/\/www.mavihaber.com.tr\/index.php?rest_route=\/wp\/v2\/posts\/332\/revisions"}],"predecessor-version":[{"id":335,"href":"https:\/\/www.mavihaber.com.tr\/index.php?rest_route=\/wp\/v2\/posts\/332\/revisions\/335"}],"wp:attachment":[{"href":"https:\/\/www.mavihaber.com.tr\/index.php?rest_route=%2Fwp%2Fv2%2Fmedia&parent=332"}],"wp:term":[{"taxonomy":"category","embeddable":true,"href":"https:\/\/www.mavihaber.com.tr\/index.php?rest_route=%2Fwp%2Fv2%2Fcategories&post=332"},{"taxonomy":"post_tag","embeddable":true,"href":"https:\/\/www.mavihaber.com.tr\/index.php?rest_route=%2Fwp%2Fv2%2Ftags&post=332"}],"curies":[{"name":"wp","href":"https:\/\/api.w.org\/{rel}","templated":true}]}}