{"id":384,"date":"2022-02-14T13:02:58","date_gmt":"2022-02-14T13:02:58","guid":{"rendered":"http:\/\/www.mavihaber.com.tr\/?p=384"},"modified":"2022-02-14T13:02:58","modified_gmt":"2022-02-14T13:02:58","slug":"zamlar-ceyhanda-protesto-edildi","status":"publish","type":"post","link":"https:\/\/www.mavihaber.com.tr\/?p=384","title":{"rendered":"Zamlar Ceyhan\u2019da protesto edildi."},"content":{"rendered":"<p>Adana\u2019n\u0131n Ceyhan \u0130l\u00e7esinde Sivil toplum \u00f6rg\u00fctleri son g\u00fcnlerde yap\u0131lan zamlar\u0131 protesto ederek, Zamlar\u0131n geri al\u0131nmas\u0131n\u0131 talep ettiler.<br \/>\nSivil inisiyatif olarak yap\u0131lan protesto toplant\u0131s\u0131 Ceyhan Cemevi konferans salonunda yap\u0131ld\u0131. Zamlar\u0131 protesto toplant\u0131s\u0131na Ceyhan Hac\u0131bekta\u015f Veli Anadolu K\u00fclt\u00fcr Vakf\u0131, Ceyhan Tuhafiyeciler Odas\u0131, Ceyhan 6 Ocak Esnaf Kefalet Kooperatifi, E\u011fitim Sen, E\u011fitim \u0130\u015f Sen, Ceyhan Atat\u00fcrk\u00e7\u00fc d\u00fc\u015f\u00fcnce derne\u011fi, Ceyhan Tar\u0131msal Kalk\u0131nma Kooperatifi, Ceyhan T\u00fcketici haklar\u0131 derne\u011fi kat\u0131ld\u0131. Yap\u0131lan toplant\u0131da i\u015ftirak\u00e7i kurumlar birer birer bas\u0131n a\u00e7\u0131klamas\u0131 yaparak zamlar\u0131 protesto ettiler. Hac\u0131bekta\u015f Veli Ceyhan \u015eube Ba\u015fkan\u0131 Bahad\u0131r Odaba\u015f\u0131, Ceyhan Tuhafiyeciler Odas\u0131 Ba\u015fkan\u0131 Mustafa Y\u0131ld\u0131r\u0131m, E\u011fitim Sen Ceyhan \u015eubesi y\u00fcr\u00fctme kurulu \u00fcyesi Tu\u011frul Kal\u0131n, E\u011fitim \u0130\u015f Sen Ceyhan \u015eube Ba\u015fkan\u0131 Tayfun Bilici, Ceyhan Atat\u00fcrk\u00e7\u00fc d\u00fc\u015f\u00fcnce derne\u011fi Ba\u015fkan\u0131 Hamdi Ya\u011fan, Ceyhan Tar\u0131msal Kalk\u0131nma Kooperatifi Ba\u015fkan\u0131 Ali Balkan Toplant\u0131s\u0131nda konu\u015fma yaparak Zamlar\u0131 Protesto ettiler.<br \/>\nToplant\u0131da Konu\u015fma Yapan Hac\u0131bekta\u015f Veli Anadolu K\u00fclt\u00fcr Vakf\u0131 Ceyhan \u015eube Ba\u015fkan\u0131 Bahad\u0131r Odaba\u015f\u0131 \u2018\u2019 G\u00fcn ge\u00e7miyor ki sabaha zamla uyanmayal\u0131m. Zamlar art\u0131k sa\u011fanak \u015feklinde gelmeye ba\u015flad\u0131 ve vatanda\u015flar\u0131m\u0131z ge\u00e7inemez duruma geldi. Ocak Ay\u0131nda belirlenen a\u00e7l\u0131k s\u0131n\u0131r\u0131 4.250 tl, yoksulluk s\u0131n\u0131r\u0131\u00a0ise 13 bin 844 lira olarak belirlendi. Yani bu ne demek? T\u00fcrkiye de \u00e7al\u0131\u015fan Asgari \u00fccretlilerin hepsi a\u00e7l\u0131k s\u0131n\u0131r\u0131nda ve \u00e7al\u0131\u015fan memurlar\u0131n %95 yoksulluk s\u0131n\u0131r\u0131nda demektir. Son yap\u0131lan \u015eubat zamlar\u0131ndan sonra bu rakam daha da artm\u0131\u015ft\u0131r. Asgari \u00fccrete yap\u0131lan %50 zamm\u0131n ve Memurlara yap\u0131lan %30 zamm\u0131n hemen ard\u0131n, elektri\u011fe-g\u0131daya-akaryak\u0131ta ve tekstile yap\u0131lan %150 den %300 e kadar yap\u0131lan zamlar art\u0131k vatanda\u015flar\u0131m\u0131z\u0131 bo\u011fmakta ve yap\u0131lan zamlar erimektedir. Buradan iktidara seslenmek istiyoruz. Zamlar\u0131 biran \u00f6nce geri \u00e7ekin ve enerji piyasas\u0131n\u0131 yeniden kamula\u015ft\u0131r\u0131n. Is\u0131nma, bar\u0131nma, beslenme, e\u011fitim, sa\u011fl\u0131k vb. haklar temel insan haklar\u0131d\u0131r. \u015eimdi soruyoruz bu temel haklar\u0131 insanlar nas\u0131l kar\u015f\u0131layacaklar. Vatanda\u015f\u0131n\u0131n temel haklar\u0131n\u0131 kar\u015f\u0131lanmas\u0131n\u0131 sa\u011flamak h\u00fck\u00fcmetlerin temel g\u00f6revidir. O nedenle iktidar\u0131 ve temsilcilerini g\u00f6reve \u00e7a\u011f\u0131r\u0131yoruz ve yeniden s\u00f6yl\u00fcyoruz. Zamlar\u0131 geri \u00e7ekin ve Enerji kurumlar\u0131n\u0131 yeniden kamula\u015ft\u0131r\u0131n. \u0130nsanlar yataklar\u0131na a\u00e7 girmesinler ve insanca ya\u015fas\u0131nlar. Ayr\u0131ca insanlar\u0131n olan \u0131s\u0131nma, bar\u0131nma ve g\u0131da gibi temel ihtiya\u00e7lar\u0131ndaki \u00fcr\u00fcnlerde KDV %1 e \u00e7ekilmeli vatanda\u015f\u0131n biraz nefes almas\u0131 sa\u011flanmal\u0131d\u0131r. Di\u011fer bir konu ise \u015fuan i\u00e7erisinde bulundu\u011fumuz CEMEVLER\u0130 i\u00e7in kesilen elektrik faturalar\u0131d\u0131r. D\u00fcnyan\u0131n neresinde insanlar\u0131n ibadethane olarak sayd\u0131klar\u0131 mek\u00e2nlar ticarethane olarak g\u00f6sterilir. Bu Alevi toplumuna yap\u0131lan bir sayg\u0131s\u0131zl\u0131k ve yok saymakt\u0131r. Ticaretin ne oldu\u011funu hepimiz bilmekteyiz. Bu nedenle diyoruz ki Cemevleri Alevi toplumunun ibadethanesidir. Buradan a\u00e7\u0131k ve net s\u00f6yl\u00fcyoruz, bu hakaret derhal \u00e7\u00f6z\u00fclmeli ve Cemevleri\u2019nin elektrik faturalar\u0131 di\u011fer ibadethaneler gibi devlet taraf\u0131ndan kar\u015f\u0131lanmal\u0131d\u0131r.\u2019\u2019 Dedi<br \/>\nE\u011fitim Sen Ceyhan \u015fubesi ad\u0131na konu\u015fma yapan Tu\u011frul Kal\u0131n \u2018\u2019 Bilindi\u011fi \u00fczere \u00fclkemiz son s\u00fcre\u00e7te dipsiz bir kuyu misali gittik\u00e7e derinle\u015fen bir ekonomik kriz ya\u015famaktad\u0131r. Bu s\u00fcre\u00e7te a\u00e7l\u0131k, i\u015fsizlik ve yoksulluk derinle\u015ferek b\u00fcy\u00fcmektedir. Bir\u00e7ok i\u015fveren i\u015f\u00e7ilerinin maa\u015f\u0131n\u0131 \u00f6deyemedi\u011fi i\u00e7in \u00e7\u0131karmakta, ge\u00e7im kayna\u011f\u0131 olan d\u00fckk\u00e2nlar\u0131n\u0131 kapatmak zorunda kalmaktad\u0131r. Ya\u015fanan ekonomik krizin faturas\u0131 biz emek\u00e7ilere \u00f6detilmeye \u00e7al\u0131\u015f\u0131lmakta ve \u00f6detilmektedir. Ya\u015fanan bu durum t\u00fcm halk\u0131m\u0131z\u0131 etkilemeye devam etmektedir. Artan g\u00fcbre, tohum, ila\u00e7 ve sulama enerjisi fiyatlar\u0131 y\u00fcz\u00fcnden \u00e7ift\u00e7iler \u00fcretim yapamamakta, ara\u00e7 sahipleri artan petrol fiyatlar\u0131 y\u00fcz\u00fcnden ara\u00e7lar\u0131n\u0131 kullanamaz hale gelmi\u015ftir. Halk her zaman ucuz al\u0131\u015f veri\u015f yeri olarak g\u00f6rd\u00fc\u011f\u00fc pazarlara gidemez hale gelmi\u015ftir. E\u011fitim ve Bilim Emek\u00e7ileri sendikas\u0131 olarak taleplerimiz;<br \/>\n\u2022 Elektrik, do\u011falgaz ve akaryak\u0131t fiyatlar\u0131ndaki art\u0131\u015flar fahi\u015ftir, kabul edilemez derhal geri al\u0131nmal\u0131d\u0131r.<br \/>\n\u2022 Maddi imk\u00e2ns\u0131zl\u0131k nedeni ile elektrik, do\u011falgaz, su faturalar\u0131n\u0131 \u00f6deme zorlu\u011fu \u00e7ekenlerin elektrik, gaz ve suyu kesilmemeli, bu ihtiya\u00e7lar kamu kaynaklar\u0131ndan sa\u011flan\u0131p, halk\u0131n karanl\u0131kta, so\u011fukta ve susuz kalmalar\u0131 \u00f6nlenmelidir.<br \/>\n\u2022 Enerji kurulu\u015flar\u0131 acilen kamula\u015ft\u0131r\u0131lmal\u0131, enerji yoluyla halk\u0131n soyulmas\u0131 durdurulmal\u0131d\u0131r.<br \/>\n\u2022 Tar\u0131ma destekler art\u0131r\u0131lmal\u0131 g\u0131da \u00fcretimine yap\u0131lacak destekler ve \u00fcretilenlerin kooperatifler arac\u0131l\u0131\u011f\u0131yla halka ula\u015ft\u0131r\u0131lmas\u0131 sa\u011flanmal\u0131, ba\u015fta ekmek olmak \u00fczere t\u00fcm g\u0131da \u00fcr\u00fcnleri halk\u0131n alabilece\u011fi seviyeye \u00e7ekilmelidir.<br \/>\n\u2022 H\u0131zla artan fiyatlar kar\u015f\u0131s\u0131nda \u00fccretleri eriyen \u00e7al\u0131\u015fan ve emeklilerin gelirleri insanca ya\u015famalar\u0131na imk\u00e2n verecek d\u00fczeye y\u00fckseltilmelidir.\u2019\u2019 Dedi.<br \/>\nKonu\u015fmalar\u0131n ard\u0131ndan toplant\u0131 sona erdi.<\/p>\n","protected":false},"excerpt":{"rendered":"<p>Adana\u2019n\u0131n Ceyhan \u0130l\u00e7esinde Sivil toplum \u00f6rg\u00fctleri son g\u00fcnlerde yap\u0131lan zamlar\u0131 protesto ederek, Zamlar\u0131n geri al\u0131nmas\u0131n\u0131 talep ettiler. Sivil inisiyatif olarak<\/p>\n","protected":false},"author":1,"featured_media":0,"comment_status":"open","ping_status":"open","sticky":false,"template":"","format":"standard","meta":{"footnotes":""},"categories":[8,10],"tags":[],"class_list":["post-384","post","type-post","status-publish","format-standard","hentry","category-ekonomi","category-gundem"],"yoast_head":"<!-- This site is optimized with the Yoast SEO plugin v28.2 - https:\/\/yoast.com\/product\/yoast-seo-wordpress\/ -->\n<title>Zamlar Ceyhan\u2019da protesto edildi. - MAV\u0130 HABER<\/title>\n<meta name=\"robots\" content=\"index, follow, max-snippet:-1, max-image-preview:large, max-video-preview:-1\" \/>\n<link rel=\"canonical\" href=\"https:\/\/www.mavihaber.com.tr\/?p=384\" \/>\n<meta property=\"og:locale\" content=\"tr_TR\" \/>\n<meta property=\"og:type\" content=\"article\" \/>\n<meta property=\"og:title\" content=\"Zamlar Ceyhan\u2019da protesto edildi. - MAV\u0130 HABER\" \/>\n<meta property=\"og:description\" content=\"Adana\u2019n\u0131n Ceyhan \u0130l\u00e7esinde Sivil toplum \u00f6rg\u00fctleri son g\u00fcnlerde yap\u0131lan zamlar\u0131 protesto ederek, Zamlar\u0131n geri al\u0131nmas\u0131n\u0131 talep ettiler. Sivil inisiyatif olarak\" \/>\n<meta property=\"og:url\" content=\"https:\/\/www.mavihaber.com.tr\/?p=384\" \/>\n<meta property=\"og:site_name\" content=\"MAV\u0130 HABER\" \/>\n<meta property=\"article:publisher\" content=\"https:\/\/www.facebook.com\/ceyhan.mavi.142\/\" \/>\n<meta property=\"article:published_time\" content=\"2022-02-14T13:02:58+00:00\" \/>\n<meta name=\"author\" content=\"MAV\u0130 HABER\" \/>\n<meta name=\"twitter:card\" content=\"summary_large_image\" \/>\n<meta name=\"twitter:creator\" content=\"@ceyhanmavihaber\" \/>\n<meta name=\"twitter:site\" content=\"@ceyhanmavihaber\" \/>\n<meta name=\"twitter:label1\" content=\"Yazan:\" \/>\n\t<meta name=\"twitter:data1\" content=\"MAV\u0130 HABER\" \/>\n\t<meta name=\"twitter:label2\" content=\"Tahmini okuma s\u00fcresi\" \/>\n\t<meta name=\"twitter:data2\" content=\"4 dakika\" \/>\n<script type=\"application\/ld+json\" class=\"yoast-schema-graph\">{\"@context\":\"https:\\\/\\\/schema.org\",\"@graph\":[{\"@type\":\"Article\",\"@id\":\"https:\\\/\\\/www.mavihaber.com.tr\\\/?p=384#article\",\"isPartOf\":{\"@id\":\"https:\\\/\\\/www.mavihaber.com.tr\\\/?p=384\"},\"author\":{\"name\":\"MAV\u0130 HABER\",\"@id\":\"https:\\\/\\\/www.mavihaber.com.tr\\\/#\\\/schema\\\/person\\\/6b483c36decdaf2ea80ccc7e00592ec5\"},\"headline\":\"Zamlar Ceyhan\u2019da protesto edildi.\",\"datePublished\":\"2022-02-14T13:02:58+00:00\",\"mainEntityOfPage\":{\"@id\":\"https:\\\/\\\/www.mavihaber.com.tr\\\/?p=384\"},\"wordCount\":871,\"commentCount\":0,\"publisher\":{\"@id\":\"https:\\\/\\\/www.mavihaber.com.tr\\\/#organization\"},\"articleSection\":[\"Ekonomi\",\"G\u00fcndem\"],\"inLanguage\":\"tr\",\"potentialAction\":[{\"@type\":\"CommentAction\",\"name\":\"Comment\",\"target\":[\"https:\\\/\\\/www.mavihaber.com.tr\\\/?p=384#respond\"]}]},{\"@type\":\"WebPage\",\"@id\":\"https:\\\/\\\/www.mavihaber.com.tr\\\/?p=384\",\"url\":\"https:\\\/\\\/www.mavihaber.com.tr\\\/?p=384\",\"name\":\"Zamlar Ceyhan\u2019da protesto edildi. - MAV\u0130 HABER\",\"isPartOf\":{\"@id\":\"https:\\\/\\\/www.mavihaber.com.tr\\\/#website\"},\"datePublished\":\"2022-02-14T13:02:58+00:00\",\"breadcrumb\":{\"@id\":\"https:\\\/\\\/www.mavihaber.com.tr\\\/?p=384#breadcrumb\"},\"inLanguage\":\"tr\",\"potentialAction\":[{\"@type\":\"ReadAction\",\"target\":[\"https:\\\/\\\/www.mavihaber.com.tr\\\/?p=384\"]}]},{\"@type\":\"BreadcrumbList\",\"@id\":\"https:\\\/\\\/www.mavihaber.com.tr\\\/?p=384#breadcrumb\",\"itemListElement\":[{\"@type\":\"ListItem\",\"position\":1,\"name\":\"Anasayfa\",\"item\":\"https:\\\/\\\/www.mavihaber.com.tr\\\/\"},{\"@type\":\"ListItem\",\"position\":2,\"name\":\"Zamlar Ceyhan\u2019da protesto edildi.\"}]},{\"@type\":\"WebSite\",\"@id\":\"https:\\\/\\\/www.mavihaber.com.tr\\\/#website\",\"url\":\"https:\\\/\\\/www.mavihaber.com.tr\\\/\",\"name\":\"MAV\u0130 HABER\",\"description\":\"S&Ouml;Z U&Ccedil;AR YAZI KALIR\",\"publisher\":{\"@id\":\"https:\\\/\\\/www.mavihaber.com.tr\\\/#organization\"},\"potentialAction\":[{\"@type\":\"SearchAction\",\"target\":{\"@type\":\"EntryPoint\",\"urlTemplate\":\"https:\\\/\\\/www.mavihaber.com.tr\\\/?s={search_term_string}\"},\"query-input\":{\"@type\":\"PropertyValueSpecification\",\"valueRequired\":true,\"valueName\":\"search_term_string\"}}],\"inLanguage\":\"tr\"},{\"@type\":\"Organization\",\"@id\":\"https:\\\/\\\/www.mavihaber.com.tr\\\/#organization\",\"name\":\"MAV\u0130 HABER\",\"url\":\"https:\\\/\\\/www.mavihaber.com.tr\\\/\",\"logo\":{\"@type\":\"ImageObject\",\"inLanguage\":\"tr\",\"@id\":\"https:\\\/\\\/www.mavihaber.com.tr\\\/#\\\/schema\\\/logo\\\/image\\\/\",\"url\":\"http:\\\/\\\/www.mavihaber.com.tr\\\/wp-content\\\/uploads\\\/2022\\\/02\\\/mavi-logo.png\",\"contentUrl\":\"http:\\\/\\\/www.mavihaber.com.tr\\\/wp-content\\\/uploads\\\/2022\\\/02\\\/mavi-logo.png\",\"width\":301,\"height\":81,\"caption\":\"MAV\u0130 HABER\"},\"image\":{\"@id\":\"https:\\\/\\\/www.mavihaber.com.tr\\\/#\\\/schema\\\/logo\\\/image\\\/\"},\"sameAs\":[\"https:\\\/\\\/www.facebook.com\\\/ceyhan.mavi.142\\\/\",\"https:\\\/\\\/x.com\\\/ceyhanmavihaber\",\"https:\\\/\\\/www.instagram.com\\\/ceyhanmavihaber\\\/\",\"https:\\\/\\\/www.youtube.com\\\/channel\\\/UCJQ-0-AFgj2GjI269QDUwNw\"]},{\"@type\":\"Person\",\"@id\":\"https:\\\/\\\/www.mavihaber.com.tr\\\/#\\\/schema\\\/person\\\/6b483c36decdaf2ea80ccc7e00592ec5\",\"name\":\"MAV\u0130 HABER\",\"image\":{\"@type\":\"ImageObject\",\"inLanguage\":\"tr\",\"@id\":\"https:\\\/\\\/secure.gravatar.com\\\/avatar\\\/8ec447ff07537b3472bb74c7b4212a4d84d9e722e01a066cab36264a08dd2a23?s=96&d=mm&r=g\",\"url\":\"https:\\\/\\\/secure.gravatar.com\\\/avatar\\\/8ec447ff07537b3472bb74c7b4212a4d84d9e722e01a066cab36264a08dd2a23?s=96&d=mm&r=g\",\"contentUrl\":\"https:\\\/\\\/secure.gravatar.com\\\/avatar\\\/8ec447ff07537b3472bb74c7b4212a4d84d9e722e01a066cab36264a08dd2a23?s=96&d=mm&r=g\",\"caption\":\"MAV\u0130 HABER\"},\"sameAs\":[\"http:\\\/\\\/www.mavihaber.com.tr\"],\"url\":\"https:\\\/\\\/www.mavihaber.com.tr\\\/?author=1\"}]}<\/script>\n<!-- \/ Yoast SEO plugin. -->","yoast_head_json":{"title":"Zamlar Ceyhan\u2019da protesto edildi. - MAV\u0130 HABER","robots":{"index":"index","follow":"follow","max-snippet":"max-snippet:-1","max-image-preview":"max-image-preview:large","max-video-preview":"max-video-preview:-1"},"canonical":"https:\/\/www.mavihaber.com.tr\/?p=384","og_locale":"tr_TR","og_type":"article","og_title":"Zamlar Ceyhan\u2019da protesto edildi. - MAV\u0130 HABER","og_description":"Adana\u2019n\u0131n Ceyhan \u0130l\u00e7esinde Sivil toplum \u00f6rg\u00fctleri son g\u00fcnlerde yap\u0131lan zamlar\u0131 protesto ederek, Zamlar\u0131n geri al\u0131nmas\u0131n\u0131 talep ettiler. Sivil inisiyatif olarak","og_url":"https:\/\/www.mavihaber.com.tr\/?p=384","og_site_name":"MAV\u0130 HABER","article_publisher":"https:\/\/www.facebook.com\/ceyhan.mavi.142\/","article_published_time":"2022-02-14T13:02:58+00:00","author":"MAV\u0130 HABER","twitter_card":"summary_large_image","twitter_creator":"@ceyhanmavihaber","twitter_site":"@ceyhanmavihaber","twitter_misc":{"Yazan:":"MAV\u0130 HABER","Tahmini okuma s\u00fcresi":"4 dakika"},"schema":{"@context":"https:\/\/schema.org","@graph":[{"@type":"Article","@id":"https:\/\/www.mavihaber.com.tr\/?p=384#article","isPartOf":{"@id":"https:\/\/www.mavihaber.com.tr\/?p=384"},"author":{"name":"MAV\u0130 HABER","@id":"https:\/\/www.mavihaber.com.tr\/#\/schema\/person\/6b483c36decdaf2ea80ccc7e00592ec5"},"headline":"Zamlar Ceyhan\u2019da protesto edildi.","datePublished":"2022-02-14T13:02:58+00:00","mainEntityOfPage":{"@id":"https:\/\/www.mavihaber.com.tr\/?p=384"},"wordCount":871,"commentCount":0,"publisher":{"@id":"https:\/\/www.mavihaber.com.tr\/#organization"},"articleSection":["Ekonomi","G\u00fcndem"],"inLanguage":"tr","potentialAction":[{"@type":"CommentAction","name":"Comment","target":["https:\/\/www.mavihaber.com.tr\/?p=384#respond"]}]},{"@type":"WebPage","@id":"https:\/\/www.mavihaber.com.tr\/?p=384","url":"https:\/\/www.mavihaber.com.tr\/?p=384","name":"Zamlar Ceyhan\u2019da protesto edildi. - MAV\u0130 HABER","isPartOf":{"@id":"https:\/\/www.mavihaber.com.tr\/#website"},"datePublished":"2022-02-14T13:02:58+00:00","breadcrumb":{"@id":"https:\/\/www.mavihaber.com.tr\/?p=384#breadcrumb"},"inLanguage":"tr","potentialAction":[{"@type":"ReadAction","target":["https:\/\/www.mavihaber.com.tr\/?p=384"]}]},{"@type":"BreadcrumbList","@id":"https:\/\/www.mavihaber.com.tr\/?p=384#breadcrumb","itemListElement":[{"@type":"ListItem","position":1,"name":"Anasayfa","item":"https:\/\/www.mavihaber.com.tr\/"},{"@type":"ListItem","position":2,"name":"Zamlar Ceyhan\u2019da protesto edildi."}]},{"@type":"WebSite","@id":"https:\/\/www.mavihaber.com.tr\/#website","url":"https:\/\/www.mavihaber.com.tr\/","name":"MAV\u0130 HABER","description":"S&Ouml;Z U&Ccedil;AR YAZI KALIR","publisher":{"@id":"https:\/\/www.mavihaber.com.tr\/#organization"},"potentialAction":[{"@type":"SearchAction","target":{"@type":"EntryPoint","urlTemplate":"https:\/\/www.mavihaber.com.tr\/?s={search_term_string}"},"query-input":{"@type":"PropertyValueSpecification","valueRequired":true,"valueName":"search_term_string"}}],"inLanguage":"tr"},{"@type":"Organization","@id":"https:\/\/www.mavihaber.com.tr\/#organization","name":"MAV\u0130 HABER","url":"https:\/\/www.mavihaber.com.tr\/","logo":{"@type":"ImageObject","inLanguage":"tr","@id":"https:\/\/www.mavihaber.com.tr\/#\/schema\/logo\/image\/","url":"http:\/\/www.mavihaber.com.tr\/wp-content\/uploads\/2022\/02\/mavi-logo.png","contentUrl":"http:\/\/www.mavihaber.com.tr\/wp-content\/uploads\/2022\/02\/mavi-logo.png","width":301,"height":81,"caption":"MAV\u0130 HABER"},"image":{"@id":"https:\/\/www.mavihaber.com.tr\/#\/schema\/logo\/image\/"},"sameAs":["https:\/\/www.facebook.com\/ceyhan.mavi.142\/","https:\/\/x.com\/ceyhanmavihaber","https:\/\/www.instagram.com\/ceyhanmavihaber\/","https:\/\/www.youtube.com\/channel\/UCJQ-0-AFgj2GjI269QDUwNw"]},{"@type":"Person","@id":"https:\/\/www.mavihaber.com.tr\/#\/schema\/person\/6b483c36decdaf2ea80ccc7e00592ec5","name":"MAV\u0130 HABER","image":{"@type":"ImageObject","inLanguage":"tr","@id":"https:\/\/secure.gravatar.com\/avatar\/8ec447ff07537b3472bb74c7b4212a4d84d9e722e01a066cab36264a08dd2a23?s=96&d=mm&r=g","url":"https:\/\/secure.gravatar.com\/avatar\/8ec447ff07537b3472bb74c7b4212a4d84d9e722e01a066cab36264a08dd2a23?s=96&d=mm&r=g","contentUrl":"https:\/\/secure.gravatar.com\/avatar\/8ec447ff07537b3472bb74c7b4212a4d84d9e722e01a066cab36264a08dd2a23?s=96&d=mm&r=g","caption":"MAV\u0130 HABER"},"sameAs":["http:\/\/www.mavihaber.com.tr"],"url":"https:\/\/www.mavihaber.com.tr\/?author=1"}]}},"views":464,"_links":{"self":[{"href":"https:\/\/www.mavihaber.com.tr\/index.php?rest_route=\/wp\/v2\/posts\/384","targetHints":{"allow":["GET"]}}],"collection":[{"href":"https:\/\/www.mavihaber.com.tr\/index.php?rest_route=\/wp\/v2\/posts"}],"about":[{"href":"https:\/\/www.mavihaber.com.tr\/index.php?rest_route=\/wp\/v2\/types\/post"}],"author":[{"embeddable":true,"href":"https:\/\/www.mavihaber.com.tr\/index.php?rest_route=\/wp\/v2\/users\/1"}],"replies":[{"embeddable":true,"href":"https:\/\/www.mavihaber.com.tr\/index.php?rest_route=%2Fwp%2Fv2%2Fcomments&post=384"}],"version-history":[{"count":1,"href":"https:\/\/www.mavihaber.com.tr\/index.php?rest_route=\/wp\/v2\/posts\/384\/revisions"}],"predecessor-version":[{"id":387,"href":"https:\/\/www.mavihaber.com.tr\/index.php?rest_route=\/wp\/v2\/posts\/384\/revisions\/387"}],"wp:attachment":[{"href":"https:\/\/www.mavihaber.com.tr\/index.php?rest_route=%2Fwp%2Fv2%2Fmedia&parent=384"}],"wp:term":[{"taxonomy":"category","embeddable":true,"href":"https:\/\/www.mavihaber.com.tr\/index.php?rest_route=%2Fwp%2Fv2%2Fcategories&post=384"},{"taxonomy":"post_tag","embeddable":true,"href":"https:\/\/www.mavihaber.com.tr\/index.php?rest_route=%2Fwp%2Fv2%2Ftags&post=384"}],"curies":[{"name":"wp","href":"https:\/\/api.w.org\/{rel}","templated":true}]}}