{"id":388,"date":"2022-02-14T15:06:50","date_gmt":"2022-02-14T15:06:50","guid":{"rendered":"http:\/\/www.mavihaber.com.tr\/?p=388"},"modified":"2022-02-14T15:06:50","modified_gmt":"2022-02-14T15:06:50","slug":"vatandasin-derdi-daglari-asti","status":"publish","type":"post","link":"https:\/\/www.mavihaber.com.tr\/?p=388","title":{"rendered":"Vatanda\u015f\u0131n derdi da\u011flar\u0131 a\u015ft\u0131!"},"content":{"rendered":"<p>CHP\u2019li milletvekilleri k\u00f6ylerde<\/p>\n<p>Vatanda\u015f\u0131n derdi da\u011flar\u0131 a\u015ft\u0131!<\/p>\n<p>CHP\u2019liler vatanda\u015f\u0131n yan\u0131nda<\/p>\n<p>ADANA &#8211; Cumhuriyet Halk Partisi (CHP) Adana Milletvekilleri, il\u00e7e ve k\u00f6ylerde vatanda\u015flar\u0131n hayat pahal\u0131l\u0131\u011f\u0131na, zamlara olan tepkisini yerinde dinledi. CHP Adana Milletvekilleri Ayhan Barut, Orhan S\u00fcmer, Dr. M\u00fczeyyen \u015eevkin ve Burhanettin Bulut, Adana\u2019n\u0131n Yumurtal\u0131k il\u00e7esinde CHP \u0130l\u00e7e Ba\u015fkan\u0131 Erdin\u00e7 Alt\u0131ok ve partilileriyle g\u00f6r\u00fc\u015f al\u0131\u015fveri\u015finde bulunduktan sonra il\u00e7eye ba\u011fl\u0131 k\u00f6ylere adeta \u00e7\u0131karma yapt\u0131.<\/p>\n<p><img loading=\"lazy\" decoding=\"async\" class=\"alignnone size-medium wp-image-389\" src=\"http:\/\/www.mavihaber.com.tr\/wp-content\/uploads\/2022\/02\/chp-milletvekilleri-5-300x200.jpg\" alt=\"\" width=\"300\" height=\"200\" \/><\/p>\n<p>FAH\u0130\u015e ZAMLARA TEPK\u0130! CHP\u2019li vekiller, \u0130l Ba\u015fkan Yard\u0131mc\u0131lar\u0131 Kemal Toros, Hac\u0131 Karaaslan, Yumurtal\u0131k Kad\u0131n Kollar\u0131 Ba\u015fkan\u0131 Halime Eryi\u011fit ve il\u00e7e \u00f6rg\u00fct\u00fcyle birlikte Deveciu\u015fa\u011f\u0131, Kald\u0131r\u0131m ve Ye\u015filk\u00f6y\u2019de vatanda\u015flar\u0131n iktidara, hayat pahal\u0131l\u0131\u011f\u0131na, akaryak\u0131t ve enerjideki fahi\u015f zamlara olan tepkisini dinledi. \u00c7ift\u00e7ilik yapan \u00e7o\u011fu vatanda\u015f\u0131n da mazot, g\u00fcbre ve tar\u0131mdaki girdi maliyetlerinin art\u0131\u015f\u0131ndan yak\u0131nd\u0131\u011f\u0131 k\u00f6y ziyaretlerinde \u00e7\u00f6z\u00fcm \u00f6nerilerini s\u0131ralayan CHP\u2019li vekiller, vatanda\u015f\u0131n hakl\u0131 tepkisini g\u00f6rmezden gelen iktidara y\u00fcklendi.<\/p>\n<p><img loading=\"lazy\" decoding=\"async\" class=\"alignnone size-medium wp-image-390\" src=\"http:\/\/www.mavihaber.com.tr\/wp-content\/uploads\/2022\/02\/chp-milletvekilleri-4-300x200.jpg\" alt=\"\" width=\"300\" height=\"200\" \/><\/p>\n<p>\u201cT\u00dcRK\u0130YE, DI\u015eA BA\u011eIMLI HALE GELD\u0130\u201d Yerli ve milli oldu\u011funu iddia edenlerin T\u00fcrkiye\u2019nin t\u00fcm kaynaklar\u0131n\u0131 heba etti\u011fini, Cumhuriyet kuruldu\u011fundan bu yana bacas\u0131 t\u00fcten fabrikalar\u0131, kamu kurumlar\u0131n\u0131 bir bir elden \u00e7\u0131kard\u0131\u011f\u0131n\u0131 kaydeden CHP\u2019li milletvekilleri Barut, S\u00fcmer, Dr. \u015eevkin ve Bulut, \u201cTar\u0131m \u00fclkesi olan T\u00fcrkiye\u2019yi tar\u0131mda tamamen d\u0131\u015fa ba\u011f\u0131ml\u0131 hale getirdiler. \u00c7ift\u00e7inin tarladaki trakt\u00f6r\u00fc, ah\u0131r\u0131ndaki ine\u011fi haczedildi. H\u00fck\u00fcmet Anayasadan kaynakl\u0131 \u00e7ift\u00e7iye olan borcunu da \u00f6demiyor. Enerjide \u0130ran\u2019\u0131n, Rusya\u2019n\u0131n vanalar\u0131 kapatmamas\u0131 i\u00e7in adeta dua eder hale getirildik. 21. y\u00fczy\u0131lda g\u00fcnlerce elektrik kesintisine maruz kalan kentlerimiz var. So\u011fuktan donarak \u00f6len vatanda\u015f\u0131m\u0131z var. Asgari \u00fccretli maa\u015f\u0131ndan fazla elektrik faturas\u0131yla kar\u015f\u0131 kar\u015f\u0131ya kal\u0131yor. Cumhuriyet tarihi boyunca g\u00f6r\u00fclmemi\u015f \u015fekilde sanayicinin elektri\u011fi ve do\u011falgaz\u0131 kesiliyor. Vatanda\u015fa zul\u00fcm edenler hesab\u0131 sand\u0131kta verecek. Art\u0131k yeter\u201d dedi<\/p>\n<p>&nbsp;<\/p>\n<p><img loading=\"lazy\" decoding=\"async\" class=\"alignnone size-medium wp-image-391\" src=\"http:\/\/www.mavihaber.com.tr\/wp-content\/uploads\/2022\/02\/chp-milletvekilleri-3-300x200.jpg\" alt=\"\" width=\"300\" height=\"200\" \/><\/p>\n<p>&nbsp;<\/p>\n","protected":false},"excerpt":{"rendered":"<p>CHP\u2019li milletvekilleri k\u00f6ylerde Vatanda\u015f\u0131n derdi da\u011flar\u0131 a\u015ft\u0131! CHP\u2019liler vatanda\u015f\u0131n yan\u0131nda ADANA &#8211; Cumhuriyet Halk Partisi (CHP) Adana Milletvekilleri, il\u00e7e ve<\/p>\n","protected":false},"author":1,"featured_media":0,"comment_status":"open","ping_status":"open","sticky":false,"template":"","format":"standard","meta":{"footnotes":""},"categories":[13],"tags":[],"class_list":["post-388","post","type-post","status-publish","format-standard","hentry","category-siyaset"],"yoast_head":"<!-- This site is optimized with the Yoast SEO plugin v28.2 - https:\/\/yoast.com\/product\/yoast-seo-wordpress\/ -->\n<title>Vatanda\u015f\u0131n derdi da\u011flar\u0131 a\u015ft\u0131! - MAV\u0130 HABER<\/title>\n<meta name=\"robots\" content=\"index, follow, max-snippet:-1, max-image-preview:large, max-video-preview:-1\" \/>\n<link rel=\"canonical\" href=\"https:\/\/www.mavihaber.com.tr\/?p=388\" \/>\n<meta property=\"og:locale\" content=\"tr_TR\" \/>\n<meta property=\"og:type\" content=\"article\" \/>\n<meta property=\"og:title\" content=\"Vatanda\u015f\u0131n derdi da\u011flar\u0131 a\u015ft\u0131! - MAV\u0130 HABER\" \/>\n<meta property=\"og:description\" content=\"CHP\u2019li milletvekilleri k\u00f6ylerde Vatanda\u015f\u0131n derdi da\u011flar\u0131 a\u015ft\u0131! CHP\u2019liler vatanda\u015f\u0131n yan\u0131nda ADANA &#8211; Cumhuriyet Halk Partisi (CHP) Adana Milletvekilleri, il\u00e7e ve\" \/>\n<meta property=\"og:url\" content=\"https:\/\/www.mavihaber.com.tr\/?p=388\" \/>\n<meta property=\"og:site_name\" content=\"MAV\u0130 HABER\" \/>\n<meta property=\"article:publisher\" content=\"https:\/\/www.facebook.com\/ceyhan.mavi.142\/\" \/>\n<meta property=\"article:published_time\" content=\"2022-02-14T15:06:50+00:00\" \/>\n<meta name=\"author\" content=\"MAV\u0130 HABER\" \/>\n<meta name=\"twitter:card\" content=\"summary_large_image\" \/>\n<meta name=\"twitter:creator\" content=\"@ceyhanmavihaber\" \/>\n<meta name=\"twitter:site\" content=\"@ceyhanmavihaber\" \/>\n<meta name=\"twitter:label1\" content=\"Yazan:\" \/>\n\t<meta name=\"twitter:data1\" content=\"MAV\u0130 HABER\" \/>\n\t<meta name=\"twitter:label2\" content=\"Tahmini okuma s\u00fcresi\" \/>\n\t<meta name=\"twitter:data2\" content=\"3 dakika\" \/>\n<script type=\"application\/ld+json\" class=\"yoast-schema-graph\">{\"@context\":\"https:\\\/\\\/schema.org\",\"@graph\":[{\"@type\":\"Article\",\"@id\":\"https:\\\/\\\/www.mavihaber.com.tr\\\/?p=388#article\",\"isPartOf\":{\"@id\":\"https:\\\/\\\/www.mavihaber.com.tr\\\/?p=388\"},\"author\":{\"name\":\"MAV\u0130 HABER\",\"@id\":\"https:\\\/\\\/www.mavihaber.com.tr\\\/#\\\/schema\\\/person\\\/6b483c36decdaf2ea80ccc7e00592ec5\"},\"headline\":\"Vatanda\u015f\u0131n derdi da\u011flar\u0131 a\u015ft\u0131!\",\"datePublished\":\"2022-02-14T15:06:50+00:00\",\"mainEntityOfPage\":{\"@id\":\"https:\\\/\\\/www.mavihaber.com.tr\\\/?p=388\"},\"wordCount\":367,\"commentCount\":0,\"publisher\":{\"@id\":\"https:\\\/\\\/www.mavihaber.com.tr\\\/#organization\"},\"image\":{\"@id\":\"https:\\\/\\\/www.mavihaber.com.tr\\\/?p=388#primaryimage\"},\"thumbnailUrl\":\"http:\\\/\\\/www.mavihaber.com.tr\\\/wp-content\\\/uploads\\\/2022\\\/02\\\/chp-milletvekilleri-5-300x200.jpg\",\"articleSection\":[\"Siyaset\"],\"inLanguage\":\"tr\",\"potentialAction\":[{\"@type\":\"CommentAction\",\"name\":\"Comment\",\"target\":[\"https:\\\/\\\/www.mavihaber.com.tr\\\/?p=388#respond\"]}]},{\"@type\":\"WebPage\",\"@id\":\"https:\\\/\\\/www.mavihaber.com.tr\\\/?p=388\",\"url\":\"https:\\\/\\\/www.mavihaber.com.tr\\\/?p=388\",\"name\":\"Vatanda\u015f\u0131n derdi da\u011flar\u0131 a\u015ft\u0131! - MAV\u0130 HABER\",\"isPartOf\":{\"@id\":\"https:\\\/\\\/www.mavihaber.com.tr\\\/#website\"},\"primaryImageOfPage\":{\"@id\":\"https:\\\/\\\/www.mavihaber.com.tr\\\/?p=388#primaryimage\"},\"image\":{\"@id\":\"https:\\\/\\\/www.mavihaber.com.tr\\\/?p=388#primaryimage\"},\"thumbnailUrl\":\"http:\\\/\\\/www.mavihaber.com.tr\\\/wp-content\\\/uploads\\\/2022\\\/02\\\/chp-milletvekilleri-5-300x200.jpg\",\"datePublished\":\"2022-02-14T15:06:50+00:00\",\"breadcrumb\":{\"@id\":\"https:\\\/\\\/www.mavihaber.com.tr\\\/?p=388#breadcrumb\"},\"inLanguage\":\"tr\",\"potentialAction\":[{\"@type\":\"ReadAction\",\"target\":[\"https:\\\/\\\/www.mavihaber.com.tr\\\/?p=388\"]}]},{\"@type\":\"ImageObject\",\"inLanguage\":\"tr\",\"@id\":\"https:\\\/\\\/www.mavihaber.com.tr\\\/?p=388#primaryimage\",\"url\":\"\",\"contentUrl\":\"\"},{\"@type\":\"BreadcrumbList\",\"@id\":\"https:\\\/\\\/www.mavihaber.com.tr\\\/?p=388#breadcrumb\",\"itemListElement\":[{\"@type\":\"ListItem\",\"position\":1,\"name\":\"Anasayfa\",\"item\":\"https:\\\/\\\/www.mavihaber.com.tr\\\/\"},{\"@type\":\"ListItem\",\"position\":2,\"name\":\"Vatanda\u015f\u0131n derdi da\u011flar\u0131 a\u015ft\u0131!\"}]},{\"@type\":\"WebSite\",\"@id\":\"https:\\\/\\\/www.mavihaber.com.tr\\\/#website\",\"url\":\"https:\\\/\\\/www.mavihaber.com.tr\\\/\",\"name\":\"MAV\u0130 HABER\",\"description\":\"S&Ouml;Z U&Ccedil;AR YAZI KALIR\",\"publisher\":{\"@id\":\"https:\\\/\\\/www.mavihaber.com.tr\\\/#organization\"},\"potentialAction\":[{\"@type\":\"SearchAction\",\"target\":{\"@type\":\"EntryPoint\",\"urlTemplate\":\"https:\\\/\\\/www.mavihaber.com.tr\\\/?s={search_term_string}\"},\"query-input\":{\"@type\":\"PropertyValueSpecification\",\"valueRequired\":true,\"valueName\":\"search_term_string\"}}],\"inLanguage\":\"tr\"},{\"@type\":\"Organization\",\"@id\":\"https:\\\/\\\/www.mavihaber.com.tr\\\/#organization\",\"name\":\"MAV\u0130 HABER\",\"url\":\"https:\\\/\\\/www.mavihaber.com.tr\\\/\",\"logo\":{\"@type\":\"ImageObject\",\"inLanguage\":\"tr\",\"@id\":\"https:\\\/\\\/www.mavihaber.com.tr\\\/#\\\/schema\\\/logo\\\/image\\\/\",\"url\":\"http:\\\/\\\/www.mavihaber.com.tr\\\/wp-content\\\/uploads\\\/2022\\\/02\\\/mavi-logo.png\",\"contentUrl\":\"http:\\\/\\\/www.mavihaber.com.tr\\\/wp-content\\\/uploads\\\/2022\\\/02\\\/mavi-logo.png\",\"width\":301,\"height\":81,\"caption\":\"MAV\u0130 HABER\"},\"image\":{\"@id\":\"https:\\\/\\\/www.mavihaber.com.tr\\\/#\\\/schema\\\/logo\\\/image\\\/\"},\"sameAs\":[\"https:\\\/\\\/www.facebook.com\\\/ceyhan.mavi.142\\\/\",\"https:\\\/\\\/x.com\\\/ceyhanmavihaber\",\"https:\\\/\\\/www.instagram.com\\\/ceyhanmavihaber\\\/\",\"https:\\\/\\\/www.youtube.com\\\/channel\\\/UCJQ-0-AFgj2GjI269QDUwNw\"]},{\"@type\":\"Person\",\"@id\":\"https:\\\/\\\/www.mavihaber.com.tr\\\/#\\\/schema\\\/person\\\/6b483c36decdaf2ea80ccc7e00592ec5\",\"name\":\"MAV\u0130 HABER\",\"image\":{\"@type\":\"ImageObject\",\"inLanguage\":\"tr\",\"@id\":\"https:\\\/\\\/secure.gravatar.com\\\/avatar\\\/8ec447ff07537b3472bb74c7b4212a4d84d9e722e01a066cab36264a08dd2a23?s=96&d=mm&r=g\",\"url\":\"https:\\\/\\\/secure.gravatar.com\\\/avatar\\\/8ec447ff07537b3472bb74c7b4212a4d84d9e722e01a066cab36264a08dd2a23?s=96&d=mm&r=g\",\"contentUrl\":\"https:\\\/\\\/secure.gravatar.com\\\/avatar\\\/8ec447ff07537b3472bb74c7b4212a4d84d9e722e01a066cab36264a08dd2a23?s=96&d=mm&r=g\",\"caption\":\"MAV\u0130 HABER\"},\"sameAs\":[\"http:\\\/\\\/www.mavihaber.com.tr\"],\"url\":\"https:\\\/\\\/www.mavihaber.com.tr\\\/?author=1\"}]}<\/script>\n<!-- \/ Yoast SEO plugin. -->","yoast_head_json":{"title":"Vatanda\u015f\u0131n derdi da\u011flar\u0131 a\u015ft\u0131! - MAV\u0130 HABER","robots":{"index":"index","follow":"follow","max-snippet":"max-snippet:-1","max-image-preview":"max-image-preview:large","max-video-preview":"max-video-preview:-1"},"canonical":"https:\/\/www.mavihaber.com.tr\/?p=388","og_locale":"tr_TR","og_type":"article","og_title":"Vatanda\u015f\u0131n derdi da\u011flar\u0131 a\u015ft\u0131! - MAV\u0130 HABER","og_description":"CHP\u2019li milletvekilleri k\u00f6ylerde Vatanda\u015f\u0131n derdi da\u011flar\u0131 a\u015ft\u0131! CHP\u2019liler vatanda\u015f\u0131n yan\u0131nda ADANA &#8211; Cumhuriyet Halk Partisi (CHP) Adana Milletvekilleri, il\u00e7e ve","og_url":"https:\/\/www.mavihaber.com.tr\/?p=388","og_site_name":"MAV\u0130 HABER","article_publisher":"https:\/\/www.facebook.com\/ceyhan.mavi.142\/","article_published_time":"2022-02-14T15:06:50+00:00","author":"MAV\u0130 HABER","twitter_card":"summary_large_image","twitter_creator":"@ceyhanmavihaber","twitter_site":"@ceyhanmavihaber","twitter_misc":{"Yazan:":"MAV\u0130 HABER","Tahmini okuma s\u00fcresi":"3 dakika"},"schema":{"@context":"https:\/\/schema.org","@graph":[{"@type":"Article","@id":"https:\/\/www.mavihaber.com.tr\/?p=388#article","isPartOf":{"@id":"https:\/\/www.mavihaber.com.tr\/?p=388"},"author":{"name":"MAV\u0130 HABER","@id":"https:\/\/www.mavihaber.com.tr\/#\/schema\/person\/6b483c36decdaf2ea80ccc7e00592ec5"},"headline":"Vatanda\u015f\u0131n derdi da\u011flar\u0131 a\u015ft\u0131!","datePublished":"2022-02-14T15:06:50+00:00","mainEntityOfPage":{"@id":"https:\/\/www.mavihaber.com.tr\/?p=388"},"wordCount":367,"commentCount":0,"publisher":{"@id":"https:\/\/www.mavihaber.com.tr\/#organization"},"image":{"@id":"https:\/\/www.mavihaber.com.tr\/?p=388#primaryimage"},"thumbnailUrl":"http:\/\/www.mavihaber.com.tr\/wp-content\/uploads\/2022\/02\/chp-milletvekilleri-5-300x200.jpg","articleSection":["Siyaset"],"inLanguage":"tr","potentialAction":[{"@type":"CommentAction","name":"Comment","target":["https:\/\/www.mavihaber.com.tr\/?p=388#respond"]}]},{"@type":"WebPage","@id":"https:\/\/www.mavihaber.com.tr\/?p=388","url":"https:\/\/www.mavihaber.com.tr\/?p=388","name":"Vatanda\u015f\u0131n derdi da\u011flar\u0131 a\u015ft\u0131! - MAV\u0130 HABER","isPartOf":{"@id":"https:\/\/www.mavihaber.com.tr\/#website"},"primaryImageOfPage":{"@id":"https:\/\/www.mavihaber.com.tr\/?p=388#primaryimage"},"image":{"@id":"https:\/\/www.mavihaber.com.tr\/?p=388#primaryimage"},"thumbnailUrl":"http:\/\/www.mavihaber.com.tr\/wp-content\/uploads\/2022\/02\/chp-milletvekilleri-5-300x200.jpg","datePublished":"2022-02-14T15:06:50+00:00","breadcrumb":{"@id":"https:\/\/www.mavihaber.com.tr\/?p=388#breadcrumb"},"inLanguage":"tr","potentialAction":[{"@type":"ReadAction","target":["https:\/\/www.mavihaber.com.tr\/?p=388"]}]},{"@type":"ImageObject","inLanguage":"tr","@id":"https:\/\/www.mavihaber.com.tr\/?p=388#primaryimage","url":"","contentUrl":""},{"@type":"BreadcrumbList","@id":"https:\/\/www.mavihaber.com.tr\/?p=388#breadcrumb","itemListElement":[{"@type":"ListItem","position":1,"name":"Anasayfa","item":"https:\/\/www.mavihaber.com.tr\/"},{"@type":"ListItem","position":2,"name":"Vatanda\u015f\u0131n derdi da\u011flar\u0131 a\u015ft\u0131!"}]},{"@type":"WebSite","@id":"https:\/\/www.mavihaber.com.tr\/#website","url":"https:\/\/www.mavihaber.com.tr\/","name":"MAV\u0130 HABER","description":"S&Ouml;Z U&Ccedil;AR YAZI KALIR","publisher":{"@id":"https:\/\/www.mavihaber.com.tr\/#organization"},"potentialAction":[{"@type":"SearchAction","target":{"@type":"EntryPoint","urlTemplate":"https:\/\/www.mavihaber.com.tr\/?s={search_term_string}"},"query-input":{"@type":"PropertyValueSpecification","valueRequired":true,"valueName":"search_term_string"}}],"inLanguage":"tr"},{"@type":"Organization","@id":"https:\/\/www.mavihaber.com.tr\/#organization","name":"MAV\u0130 HABER","url":"https:\/\/www.mavihaber.com.tr\/","logo":{"@type":"ImageObject","inLanguage":"tr","@id":"https:\/\/www.mavihaber.com.tr\/#\/schema\/logo\/image\/","url":"http:\/\/www.mavihaber.com.tr\/wp-content\/uploads\/2022\/02\/mavi-logo.png","contentUrl":"http:\/\/www.mavihaber.com.tr\/wp-content\/uploads\/2022\/02\/mavi-logo.png","width":301,"height":81,"caption":"MAV\u0130 HABER"},"image":{"@id":"https:\/\/www.mavihaber.com.tr\/#\/schema\/logo\/image\/"},"sameAs":["https:\/\/www.facebook.com\/ceyhan.mavi.142\/","https:\/\/x.com\/ceyhanmavihaber","https:\/\/www.instagram.com\/ceyhanmavihaber\/","https:\/\/www.youtube.com\/channel\/UCJQ-0-AFgj2GjI269QDUwNw"]},{"@type":"Person","@id":"https:\/\/www.mavihaber.com.tr\/#\/schema\/person\/6b483c36decdaf2ea80ccc7e00592ec5","name":"MAV\u0130 HABER","image":{"@type":"ImageObject","inLanguage":"tr","@id":"https:\/\/secure.gravatar.com\/avatar\/8ec447ff07537b3472bb74c7b4212a4d84d9e722e01a066cab36264a08dd2a23?s=96&d=mm&r=g","url":"https:\/\/secure.gravatar.com\/avatar\/8ec447ff07537b3472bb74c7b4212a4d84d9e722e01a066cab36264a08dd2a23?s=96&d=mm&r=g","contentUrl":"https:\/\/secure.gravatar.com\/avatar\/8ec447ff07537b3472bb74c7b4212a4d84d9e722e01a066cab36264a08dd2a23?s=96&d=mm&r=g","caption":"MAV\u0130 HABER"},"sameAs":["http:\/\/www.mavihaber.com.tr"],"url":"https:\/\/www.mavihaber.com.tr\/?author=1"}]}},"views":357,"_links":{"self":[{"href":"https:\/\/www.mavihaber.com.tr\/index.php?rest_route=\/wp\/v2\/posts\/388","targetHints":{"allow":["GET"]}}],"collection":[{"href":"https:\/\/www.mavihaber.com.tr\/index.php?rest_route=\/wp\/v2\/posts"}],"about":[{"href":"https:\/\/www.mavihaber.com.tr\/index.php?rest_route=\/wp\/v2\/types\/post"}],"author":[{"embeddable":true,"href":"https:\/\/www.mavihaber.com.tr\/index.php?rest_route=\/wp\/v2\/users\/1"}],"replies":[{"embeddable":true,"href":"https:\/\/www.mavihaber.com.tr\/index.php?rest_route=%2Fwp%2Fv2%2Fcomments&post=388"}],"version-history":[{"count":1,"href":"https:\/\/www.mavihaber.com.tr\/index.php?rest_route=\/wp\/v2\/posts\/388\/revisions"}],"predecessor-version":[{"id":393,"href":"https:\/\/www.mavihaber.com.tr\/index.php?rest_route=\/wp\/v2\/posts\/388\/revisions\/393"}],"wp:attachment":[{"href":"https:\/\/www.mavihaber.com.tr\/index.php?rest_route=%2Fwp%2Fv2%2Fmedia&parent=388"}],"wp:term":[{"taxonomy":"category","embeddable":true,"href":"https:\/\/www.mavihaber.com.tr\/index.php?rest_route=%2Fwp%2Fv2%2Fcategories&post=388"},{"taxonomy":"post_tag","embeddable":true,"href":"https:\/\/www.mavihaber.com.tr\/index.php?rest_route=%2Fwp%2Fv2%2Ftags&post=388"}],"curies":[{"name":"wp","href":"https:\/\/api.w.org\/{rel}","templated":true}]}}