{"id":422,"date":"2022-02-15T13:11:27","date_gmt":"2022-02-15T13:11:27","guid":{"rendered":"http:\/\/www.mavihaber.com.tr\/?p=422"},"modified":"2022-02-15T13:12:14","modified_gmt":"2022-02-15T13:12:14","slug":"etkili-olan-yagislarla-birlikte-barajlarda-su-seviyesi-yukseldi","status":"publish","type":"post","link":"https:\/\/www.mavihaber.com.tr\/?p=422","title":{"rendered":"Etkili olan ya\u011f\u0131\u015flarla birlikte barajlarda su seviyesi y\u00fckseldi."},"content":{"rendered":"<header class=\"hbptHead\">\n<h2>ADANA&#8217;da son haftalarda etkili olan ya\u011f\u0131\u015flarla birlikte barajlarda su seviyesi y\u00fckseldi.<\/h2>\n<\/header>\n<p>Yaz aylar\u0131nda s\u0131cak hava dalgas\u0131na ba\u011fl\u0131 kurakl\u0131k nedeniyle kentteki barajlarda su seviyesi g\u00f6zle g\u00f6r\u00fcl\u00fcr seviyelerde d\u00fc\u015ft\u00fc. \u00d6zellikle\u00a0<a class=\"keyword\" title=\"Seyhan Haberleri, Seyhan Haberi, Seyhan Haber\" href=\"https:\/\/www.haberler.com\/seyhan\/\"><strong>Seyhan<\/strong><\/a>\u00a0Baraj G\u00f6l\u00fc&#8217;nde sular\u0131n k\u0131y\u0131dan yakla\u015f\u0131k 500 metre kadar \u00e7ekilmesiyle, g\u00f6l\u00fcn ortas\u0131ndaki Sevgi Adas\u0131&#8217;na ba\u011flant\u0131 sa\u011flayan yol da ortaya \u00e7\u0131kt\u0131. Normalde sandallarla gidilen adaya vatanda\u015flar yaz boyu ara\u00e7lar\u0131yla ya da y\u00fcr\u00fcyerek gitti. Son haftada etkili olan ya\u011f\u0131\u015flarla birlikte barajlar\u0131n doluluk oran\u0131 yeniden y\u00fckseldi.<\/p>\n<p>Devlet Su \u0130\u015fleri (DS\u0130) 6&#8217;nc\u0131 B\u00f6lge M\u00fcd\u00fcrl\u00fc\u011f\u00fc&#8217;nden al\u0131nan verilere g\u00f6re son 2 ayda Seyhan Baraj\u0131&#8217;ndaki doluluk oran\u0131 y\u00fczde 36&#8217;dan y\u00fczde 75&#8217;e, \u00c7atalan Baraj\u0131&#8217;nda y\u00fczde 68&#8217;den y\u00fczde 81&#8217;e, Nergizlik Baraj\u0131&#8217;nda y\u00fczde 13&#8217;ten y\u00fczde 31&#8217;e, Kozan Baraj\u0131&#8217;nda y\u00fczde 17&#8217;den y\u00fczde 30&#8217;a, Yedig\u00f6ze Baraj\u0131&#8217;nda y\u00fczde 70&#8217;ten y\u00fczde 75&#8217;e y\u00fckseldi.<\/p>\n<p>VATANDA\u015eLARA UYARI<\/p>\n<p>DS\u0130 6&#8217;nc\u0131 B\u00f6lge M\u00fcd\u00fcrl\u00fc\u011f\u00fc&#8217;nden yap\u0131lan yaz\u0131l\u0131 a\u00e7\u0131klamada, Ya\u015fanan son ya\u011f\u0131\u015flar yurt genelinde oldu\u011fu gibi b\u00f6lgemizdeki barajlar\u0131n dolulu\u011funu da pozitif y\u00f6nl\u00fc etkilemi\u015ftir. Fakat unutulmamal\u0131d\u0131r ki; suyun tasarruflu ve optimum bir \u015fekilde kullan\u0131lmas\u0131 her \u015fart ve ko\u015fulda b\u00fcy\u00fck \u00f6nem arz etmekte olup DS\u0130 Genel M\u00fcd\u00fcrl\u00fc\u011f\u00fc olarak baraj, g\u00f6let, yer alt\u0131 baraj\u0131 gibi depolamal\u0131 tesisler yap\u0131lmas\u0131 suretiyle su kaynaklar\u0131 potansiyelinin de\u011ferlendirilerek \u00e7ok maksatl\u0131 bir \u015fekilde kullan\u0131lmas\u0131na y\u00f6nelik \u00e7al\u0131\u015fmalar y\u00fcr\u00fct\u00fclmektedir. K\u0131ymetli vatanda\u015flar\u0131m\u0131z\u0131n da &#8216;su vatand\u0131r&#8217; hassasiyeti ile suyu israf etmeden, verimli ve etkili kullanmalar\u0131 konusunda hassasiyet g\u00f6stermeleri gerekti\u011fini ifade ediyoruz denildi.<\/p>\n<p>&nbsp;<\/p>\n","protected":false},"excerpt":{"rendered":"<p>ADANA&#8217;da son haftalarda etkili olan ya\u011f\u0131\u015flarla birlikte barajlarda su seviyesi y\u00fckseldi. Yaz aylar\u0131nda s\u0131cak hava dalgas\u0131na ba\u011fl\u0131 kurakl\u0131k nedeniyle kentteki<\/p>\n","protected":false},"author":1,"featured_media":0,"comment_status":"open","ping_status":"open","sticky":false,"template":"","format":"standard","meta":{"footnotes":""},"categories":[8,10],"tags":[],"class_list":["post-422","post","type-post","status-publish","format-standard","hentry","category-ekonomi","category-gundem"],"yoast_head":"<!-- This site is optimized with the Yoast SEO plugin v28.2 - https:\/\/yoast.com\/product\/yoast-seo-wordpress\/ -->\n<title>Etkili olan ya\u011f\u0131\u015flarla birlikte barajlarda su seviyesi y\u00fckseldi. - MAV\u0130 HABER<\/title>\n<meta name=\"robots\" content=\"index, follow, max-snippet:-1, max-image-preview:large, max-video-preview:-1\" \/>\n<link rel=\"canonical\" href=\"https:\/\/www.mavihaber.com.tr\/?p=422\" \/>\n<meta property=\"og:locale\" content=\"tr_TR\" \/>\n<meta property=\"og:type\" content=\"article\" \/>\n<meta property=\"og:title\" content=\"Etkili olan ya\u011f\u0131\u015flarla birlikte barajlarda su seviyesi y\u00fckseldi. - MAV\u0130 HABER\" \/>\n<meta property=\"og:description\" content=\"ADANA&#8217;da son haftalarda etkili olan ya\u011f\u0131\u015flarla birlikte barajlarda su seviyesi y\u00fckseldi. Yaz aylar\u0131nda s\u0131cak hava dalgas\u0131na ba\u011fl\u0131 kurakl\u0131k nedeniyle kentteki\" \/>\n<meta property=\"og:url\" content=\"https:\/\/www.mavihaber.com.tr\/?p=422\" \/>\n<meta property=\"og:site_name\" content=\"MAV\u0130 HABER\" \/>\n<meta property=\"article:publisher\" content=\"https:\/\/www.facebook.com\/ceyhan.mavi.142\/\" \/>\n<meta property=\"article:published_time\" content=\"2022-02-15T13:11:27+00:00\" \/>\n<meta property=\"article:modified_time\" content=\"2022-02-15T13:12:14+00:00\" \/>\n<meta name=\"author\" content=\"MAV\u0130 HABER\" \/>\n<meta name=\"twitter:card\" content=\"summary_large_image\" \/>\n<meta name=\"twitter:creator\" content=\"@ceyhanmavihaber\" \/>\n<meta name=\"twitter:site\" content=\"@ceyhanmavihaber\" \/>\n<meta name=\"twitter:label1\" content=\"Yazan:\" \/>\n\t<meta name=\"twitter:data1\" content=\"MAV\u0130 HABER\" \/>\n\t<meta name=\"twitter:label2\" content=\"Tahmini okuma s\u00fcresi\" \/>\n\t<meta name=\"twitter:data2\" content=\"2 dakika\" \/>\n<script type=\"application\/ld+json\" class=\"yoast-schema-graph\">{\"@context\":\"https:\\\/\\\/schema.org\",\"@graph\":[{\"@type\":\"Article\",\"@id\":\"https:\\\/\\\/www.mavihaber.com.tr\\\/?p=422#article\",\"isPartOf\":{\"@id\":\"https:\\\/\\\/www.mavihaber.com.tr\\\/?p=422\"},\"author\":{\"name\":\"MAV\u0130 HABER\",\"@id\":\"https:\\\/\\\/www.mavihaber.com.tr\\\/#\\\/schema\\\/person\\\/6b483c36decdaf2ea80ccc7e00592ec5\"},\"headline\":\"Etkili olan ya\u011f\u0131\u015flarla birlikte barajlarda su seviyesi y\u00fckseldi.\",\"datePublished\":\"2022-02-15T13:11:27+00:00\",\"dateModified\":\"2022-02-15T13:12:14+00:00\",\"mainEntityOfPage\":{\"@id\":\"https:\\\/\\\/www.mavihaber.com.tr\\\/?p=422\"},\"wordCount\":312,\"commentCount\":0,\"publisher\":{\"@id\":\"https:\\\/\\\/www.mavihaber.com.tr\\\/#organization\"},\"articleSection\":[\"Ekonomi\",\"G\u00fcndem\"],\"inLanguage\":\"tr\",\"potentialAction\":[{\"@type\":\"CommentAction\",\"name\":\"Comment\",\"target\":[\"https:\\\/\\\/www.mavihaber.com.tr\\\/?p=422#respond\"]}]},{\"@type\":\"WebPage\",\"@id\":\"https:\\\/\\\/www.mavihaber.com.tr\\\/?p=422\",\"url\":\"https:\\\/\\\/www.mavihaber.com.tr\\\/?p=422\",\"name\":\"Etkili olan ya\u011f\u0131\u015flarla birlikte barajlarda su seviyesi y\u00fckseldi. - MAV\u0130 HABER\",\"isPartOf\":{\"@id\":\"https:\\\/\\\/www.mavihaber.com.tr\\\/#website\"},\"datePublished\":\"2022-02-15T13:11:27+00:00\",\"dateModified\":\"2022-02-15T13:12:14+00:00\",\"breadcrumb\":{\"@id\":\"https:\\\/\\\/www.mavihaber.com.tr\\\/?p=422#breadcrumb\"},\"inLanguage\":\"tr\",\"potentialAction\":[{\"@type\":\"ReadAction\",\"target\":[\"https:\\\/\\\/www.mavihaber.com.tr\\\/?p=422\"]}]},{\"@type\":\"BreadcrumbList\",\"@id\":\"https:\\\/\\\/www.mavihaber.com.tr\\\/?p=422#breadcrumb\",\"itemListElement\":[{\"@type\":\"ListItem\",\"position\":1,\"name\":\"Anasayfa\",\"item\":\"https:\\\/\\\/www.mavihaber.com.tr\\\/\"},{\"@type\":\"ListItem\",\"position\":2,\"name\":\"Etkili olan ya\u011f\u0131\u015flarla birlikte barajlarda su seviyesi y\u00fckseldi.\"}]},{\"@type\":\"WebSite\",\"@id\":\"https:\\\/\\\/www.mavihaber.com.tr\\\/#website\",\"url\":\"https:\\\/\\\/www.mavihaber.com.tr\\\/\",\"name\":\"MAV\u0130 HABER\",\"description\":\"S&Ouml;Z U&Ccedil;AR YAZI KALIR\",\"publisher\":{\"@id\":\"https:\\\/\\\/www.mavihaber.com.tr\\\/#organization\"},\"potentialAction\":[{\"@type\":\"SearchAction\",\"target\":{\"@type\":\"EntryPoint\",\"urlTemplate\":\"https:\\\/\\\/www.mavihaber.com.tr\\\/?s={search_term_string}\"},\"query-input\":{\"@type\":\"PropertyValueSpecification\",\"valueRequired\":true,\"valueName\":\"search_term_string\"}}],\"inLanguage\":\"tr\"},{\"@type\":\"Organization\",\"@id\":\"https:\\\/\\\/www.mavihaber.com.tr\\\/#organization\",\"name\":\"MAV\u0130 HABER\",\"url\":\"https:\\\/\\\/www.mavihaber.com.tr\\\/\",\"logo\":{\"@type\":\"ImageObject\",\"inLanguage\":\"tr\",\"@id\":\"https:\\\/\\\/www.mavihaber.com.tr\\\/#\\\/schema\\\/logo\\\/image\\\/\",\"url\":\"http:\\\/\\\/www.mavihaber.com.tr\\\/wp-content\\\/uploads\\\/2022\\\/02\\\/mavi-logo.png\",\"contentUrl\":\"http:\\\/\\\/www.mavihaber.com.tr\\\/wp-content\\\/uploads\\\/2022\\\/02\\\/mavi-logo.png\",\"width\":301,\"height\":81,\"caption\":\"MAV\u0130 HABER\"},\"image\":{\"@id\":\"https:\\\/\\\/www.mavihaber.com.tr\\\/#\\\/schema\\\/logo\\\/image\\\/\"},\"sameAs\":[\"https:\\\/\\\/www.facebook.com\\\/ceyhan.mavi.142\\\/\",\"https:\\\/\\\/x.com\\\/ceyhanmavihaber\",\"https:\\\/\\\/www.instagram.com\\\/ceyhanmavihaber\\\/\",\"https:\\\/\\\/www.youtube.com\\\/channel\\\/UCJQ-0-AFgj2GjI269QDUwNw\"]},{\"@type\":\"Person\",\"@id\":\"https:\\\/\\\/www.mavihaber.com.tr\\\/#\\\/schema\\\/person\\\/6b483c36decdaf2ea80ccc7e00592ec5\",\"name\":\"MAV\u0130 HABER\",\"image\":{\"@type\":\"ImageObject\",\"inLanguage\":\"tr\",\"@id\":\"https:\\\/\\\/secure.gravatar.com\\\/avatar\\\/8ec447ff07537b3472bb74c7b4212a4d84d9e722e01a066cab36264a08dd2a23?s=96&d=mm&r=g\",\"url\":\"https:\\\/\\\/secure.gravatar.com\\\/avatar\\\/8ec447ff07537b3472bb74c7b4212a4d84d9e722e01a066cab36264a08dd2a23?s=96&d=mm&r=g\",\"contentUrl\":\"https:\\\/\\\/secure.gravatar.com\\\/avatar\\\/8ec447ff07537b3472bb74c7b4212a4d84d9e722e01a066cab36264a08dd2a23?s=96&d=mm&r=g\",\"caption\":\"MAV\u0130 HABER\"},\"sameAs\":[\"http:\\\/\\\/www.mavihaber.com.tr\"],\"url\":\"https:\\\/\\\/www.mavihaber.com.tr\\\/?author=1\"}]}<\/script>\n<!-- \/ Yoast SEO plugin. -->","yoast_head_json":{"title":"Etkili olan ya\u011f\u0131\u015flarla birlikte barajlarda su seviyesi y\u00fckseldi. - MAV\u0130 HABER","robots":{"index":"index","follow":"follow","max-snippet":"max-snippet:-1","max-image-preview":"max-image-preview:large","max-video-preview":"max-video-preview:-1"},"canonical":"https:\/\/www.mavihaber.com.tr\/?p=422","og_locale":"tr_TR","og_type":"article","og_title":"Etkili olan ya\u011f\u0131\u015flarla birlikte barajlarda su seviyesi y\u00fckseldi. - MAV\u0130 HABER","og_description":"ADANA&#8217;da son haftalarda etkili olan ya\u011f\u0131\u015flarla birlikte barajlarda su seviyesi y\u00fckseldi. Yaz aylar\u0131nda s\u0131cak hava dalgas\u0131na ba\u011fl\u0131 kurakl\u0131k nedeniyle kentteki","og_url":"https:\/\/www.mavihaber.com.tr\/?p=422","og_site_name":"MAV\u0130 HABER","article_publisher":"https:\/\/www.facebook.com\/ceyhan.mavi.142\/","article_published_time":"2022-02-15T13:11:27+00:00","article_modified_time":"2022-02-15T13:12:14+00:00","author":"MAV\u0130 HABER","twitter_card":"summary_large_image","twitter_creator":"@ceyhanmavihaber","twitter_site":"@ceyhanmavihaber","twitter_misc":{"Yazan:":"MAV\u0130 HABER","Tahmini okuma s\u00fcresi":"2 dakika"},"schema":{"@context":"https:\/\/schema.org","@graph":[{"@type":"Article","@id":"https:\/\/www.mavihaber.com.tr\/?p=422#article","isPartOf":{"@id":"https:\/\/www.mavihaber.com.tr\/?p=422"},"author":{"name":"MAV\u0130 HABER","@id":"https:\/\/www.mavihaber.com.tr\/#\/schema\/person\/6b483c36decdaf2ea80ccc7e00592ec5"},"headline":"Etkili olan ya\u011f\u0131\u015flarla birlikte barajlarda su seviyesi y\u00fckseldi.","datePublished":"2022-02-15T13:11:27+00:00","dateModified":"2022-02-15T13:12:14+00:00","mainEntityOfPage":{"@id":"https:\/\/www.mavihaber.com.tr\/?p=422"},"wordCount":312,"commentCount":0,"publisher":{"@id":"https:\/\/www.mavihaber.com.tr\/#organization"},"articleSection":["Ekonomi","G\u00fcndem"],"inLanguage":"tr","potentialAction":[{"@type":"CommentAction","name":"Comment","target":["https:\/\/www.mavihaber.com.tr\/?p=422#respond"]}]},{"@type":"WebPage","@id":"https:\/\/www.mavihaber.com.tr\/?p=422","url":"https:\/\/www.mavihaber.com.tr\/?p=422","name":"Etkili olan ya\u011f\u0131\u015flarla birlikte barajlarda su seviyesi y\u00fckseldi. - MAV\u0130 HABER","isPartOf":{"@id":"https:\/\/www.mavihaber.com.tr\/#website"},"datePublished":"2022-02-15T13:11:27+00:00","dateModified":"2022-02-15T13:12:14+00:00","breadcrumb":{"@id":"https:\/\/www.mavihaber.com.tr\/?p=422#breadcrumb"},"inLanguage":"tr","potentialAction":[{"@type":"ReadAction","target":["https:\/\/www.mavihaber.com.tr\/?p=422"]}]},{"@type":"BreadcrumbList","@id":"https:\/\/www.mavihaber.com.tr\/?p=422#breadcrumb","itemListElement":[{"@type":"ListItem","position":1,"name":"Anasayfa","item":"https:\/\/www.mavihaber.com.tr\/"},{"@type":"ListItem","position":2,"name":"Etkili olan ya\u011f\u0131\u015flarla birlikte barajlarda su seviyesi y\u00fckseldi."}]},{"@type":"WebSite","@id":"https:\/\/www.mavihaber.com.tr\/#website","url":"https:\/\/www.mavihaber.com.tr\/","name":"MAV\u0130 HABER","description":"S&Ouml;Z U&Ccedil;AR YAZI KALIR","publisher":{"@id":"https:\/\/www.mavihaber.com.tr\/#organization"},"potentialAction":[{"@type":"SearchAction","target":{"@type":"EntryPoint","urlTemplate":"https:\/\/www.mavihaber.com.tr\/?s={search_term_string}"},"query-input":{"@type":"PropertyValueSpecification","valueRequired":true,"valueName":"search_term_string"}}],"inLanguage":"tr"},{"@type":"Organization","@id":"https:\/\/www.mavihaber.com.tr\/#organization","name":"MAV\u0130 HABER","url":"https:\/\/www.mavihaber.com.tr\/","logo":{"@type":"ImageObject","inLanguage":"tr","@id":"https:\/\/www.mavihaber.com.tr\/#\/schema\/logo\/image\/","url":"http:\/\/www.mavihaber.com.tr\/wp-content\/uploads\/2022\/02\/mavi-logo.png","contentUrl":"http:\/\/www.mavihaber.com.tr\/wp-content\/uploads\/2022\/02\/mavi-logo.png","width":301,"height":81,"caption":"MAV\u0130 HABER"},"image":{"@id":"https:\/\/www.mavihaber.com.tr\/#\/schema\/logo\/image\/"},"sameAs":["https:\/\/www.facebook.com\/ceyhan.mavi.142\/","https:\/\/x.com\/ceyhanmavihaber","https:\/\/www.instagram.com\/ceyhanmavihaber\/","https:\/\/www.youtube.com\/channel\/UCJQ-0-AFgj2GjI269QDUwNw"]},{"@type":"Person","@id":"https:\/\/www.mavihaber.com.tr\/#\/schema\/person\/6b483c36decdaf2ea80ccc7e00592ec5","name":"MAV\u0130 HABER","image":{"@type":"ImageObject","inLanguage":"tr","@id":"https:\/\/secure.gravatar.com\/avatar\/8ec447ff07537b3472bb74c7b4212a4d84d9e722e01a066cab36264a08dd2a23?s=96&d=mm&r=g","url":"https:\/\/secure.gravatar.com\/avatar\/8ec447ff07537b3472bb74c7b4212a4d84d9e722e01a066cab36264a08dd2a23?s=96&d=mm&r=g","contentUrl":"https:\/\/secure.gravatar.com\/avatar\/8ec447ff07537b3472bb74c7b4212a4d84d9e722e01a066cab36264a08dd2a23?s=96&d=mm&r=g","caption":"MAV\u0130 HABER"},"sameAs":["http:\/\/www.mavihaber.com.tr"],"url":"https:\/\/www.mavihaber.com.tr\/?author=1"}]}},"views":368,"_links":{"self":[{"href":"https:\/\/www.mavihaber.com.tr\/index.php?rest_route=\/wp\/v2\/posts\/422","targetHints":{"allow":["GET"]}}],"collection":[{"href":"https:\/\/www.mavihaber.com.tr\/index.php?rest_route=\/wp\/v2\/posts"}],"about":[{"href":"https:\/\/www.mavihaber.com.tr\/index.php?rest_route=\/wp\/v2\/types\/post"}],"author":[{"embeddable":true,"href":"https:\/\/www.mavihaber.com.tr\/index.php?rest_route=\/wp\/v2\/users\/1"}],"replies":[{"embeddable":true,"href":"https:\/\/www.mavihaber.com.tr\/index.php?rest_route=%2Fwp%2Fv2%2Fcomments&post=422"}],"version-history":[{"count":2,"href":"https:\/\/www.mavihaber.com.tr\/index.php?rest_route=\/wp\/v2\/posts\/422\/revisions"}],"predecessor-version":[{"id":425,"href":"https:\/\/www.mavihaber.com.tr\/index.php?rest_route=\/wp\/v2\/posts\/422\/revisions\/425"}],"wp:attachment":[{"href":"https:\/\/www.mavihaber.com.tr\/index.php?rest_route=%2Fwp%2Fv2%2Fmedia&parent=422"}],"wp:term":[{"taxonomy":"category","embeddable":true,"href":"https:\/\/www.mavihaber.com.tr\/index.php?rest_route=%2Fwp%2Fv2%2Fcategories&post=422"},{"taxonomy":"post_tag","embeddable":true,"href":"https:\/\/www.mavihaber.com.tr\/index.php?rest_route=%2Fwp%2Fv2%2Ftags&post=422"}],"curies":[{"name":"wp","href":"https:\/\/api.w.org\/{rel}","templated":true}]}}