{"id":489,"date":"2022-02-17T09:55:50","date_gmt":"2022-02-17T09:55:50","guid":{"rendered":"http:\/\/www.mavihaber.com.tr\/?p=489"},"modified":"2022-02-17T09:55:50","modified_gmt":"2022-02-17T09:55:50","slug":"tbmmde-tedas-tartismasi","status":"publish","type":"post","link":"https:\/\/www.mavihaber.com.tr\/?p=489","title":{"rendered":"TBMM&#8217;DE TEDA\u015e TARTI\u015eMASI"},"content":{"rendered":"<p class=\"x_MsoNormal\">\n<p class=\"x_MsoNormal\"><b>Bu hafta boyunca uluslararas\u0131 anla\u015fmalar\u0131n g\u00f6r\u00fc\u015f\u00fcld\u00fc\u011f\u00fc TBMM yine yo\u011fun tart\u0131\u015fmalara sahne oldu. Bu haftaki tart\u0131\u015fmalar\u0131n oda\u011f\u0131nda yine do\u011falgaz ve elektrik ba\u015fta olmak \u00fczere enerji zamlar\u0131 vard\u0131.<\/b><\/p>\n<p class=\"x_MsoNormal\">TBMM&#8217;de sal\u0131 g\u00fcn\u00fc g\u00fcndeme al\u0131nan uluslararas\u0131 anla\u015fmalar\u0131n g\u00f6r\u00fc\u015fmeleri devam ediyor. Ge\u00e7ti\u011fimiz g\u00fcn Ukrayna ile imzalanan bir uluslararas\u0131 anla\u015fma da TBMM\u2019de onayland\u0131. Anla\u015fmaya ili\u015fkin CHP ad\u0131na s\u00f6z alan \u0130stanbul Milletvekili \u00d6zg\u00fcr Karabat, enerji zamlar\u0131na ili\u015fkin dikkat \u00e7eken a\u00e7\u0131klamalarda bulundu. Konu\u015fmas\u0131nda TEDA\u015e&#8217;la ilgili birtak\u0131m ger\u00e7eklerin g\u00f6lgede kald\u0131\u011f\u0131n\u0131 ifade eden Karabat, Say\u0131\u015ftay&#8217;\u0131n 2020 y\u0131l\u0131 TEDA\u015e raporuna dayanarak \u00f6nemli veriler a\u00e7\u0131klad\u0131.<\/p>\n<p class=\"x_MsoNormal\"><b>\u2018102 AVUKATLI TEDA\u015e ALACAKLARINI TAHS\u0130L ETMEM\u0130\u015e\u2019<\/b><\/p>\n<p class=\"x_MsoNormal\">&#8220;TEDA\u015e 2020 y\u0131l\u0131nda 357 milyon zarar etmi\u015f, ge\u00e7mi\u015f y\u0131llara ait toplam zarar\u0131 ise 18 milyar TL. Da\u011f\u0131t\u0131m \u015firketleri k\u00e2r \u00fcst\u00fcne k\u00e2r ederken TEDA\u015e niye zarar ediyor?\u201d diye soran Karabat, TEDA\u015e&#8217;\u0131n, da\u011f\u0131t\u0131m \u015firketlerine devredildi\u011finde baz\u0131 alacaklar\u0131 oldu\u011funu ve bunlar\u0131n da bilin\u00e7li bir bi\u00e7imde tahsil edilmedi\u011fini savunarak \u015funlar\u0131 s\u00f6yledi: &#8220;TEDA\u015e da\u011f\u0131t\u0131m \u015firketlerine devredilirken 3,8 milyar alaca\u011f\u0131 vard\u0131. Bu alacaklar\u0131n tahsil edilip TEDA\u015e&#8217;a verilmesi gerekiyordu. TEDA\u015e&#8217;\u0131n hukuk biriminde tam 102 avukat\u0131 var. Avukat ordusu olan TEDA\u015e bu alacaklar\u0131 tahsil etmi\u015f mi? Hay\u0131r. Bu alacaklar\u0131n o g\u00fcnk\u00fc dolar de\u011feri ne kadar? 1 milyar 740 milyon dolar. Bu dolar\u0131n bug\u00fcnk\u00fc de\u011feri 23 milyar 490 milyon TL.\u201d<\/p>\n<p class=\"x_MsoNormal\"><b>\u201c4,5 M\u0130LYON VATANDA\u015eIN FATURASINA DENK\u201d<\/b><\/p>\n<p class=\"x_MsoNormal\">Bu verilerin Say\u0131\u015ftay raporlar\u0131nda a\u00e7\u0131k\u00e7a ortaya konuldu\u011funu belirten Karabat, a\u00e7\u0131k bi\u00e7imde kamu zarar\u0131 yarat\u0131ld\u0131\u011f\u0131n\u0131 savunarak \u015funlar\u0131 s\u00f6yledi: \u201cBu ihmaller s\u0131radan ihmaller de\u011fil, birileri vatanda\u015f\u0131 de\u011fil \u015firketleri kollamaya devam ediyor. Tahsil edilmeyen 23 milyar 490 milyon TL alacakla bug\u00fcn 500 liradan yakla\u015f\u0131k 4,5 milyon vatanda\u015f\u0131n on ayl\u0131k faturas\u0131n\u0131 \u00f6derdik. \u0130\u015fte size kaynak.\u201d<\/p>\n<p class=\"x_MsoNormal\">\u00a0Ya\u015fanan yolsuzluklar\u0131n bir tercih meselesi oldu\u011funa de\u011finen Karabat; \u201c\u0130ktisat da ekonomi de bir tercih meselesidir. Kimi tercih ediyorsunuz? Alt\u0131n\u015fehir&#8217;de oturan Fatma teyzeyi mi yoksa bu da\u011f\u0131t\u0131m \u015firketlerini mi tercih ediyorsunuz? \u0130nsanlar\u0131 evinde so\u011fuktan dondurmay\u0131 m\u0131 tercih edeceksiniz, esnaf\u0131n dondurma tezg\u00e2h\u0131n\u0131n fi\u015fini \u00e7ekmesini mi tercih edeceksiniz yoksa bu b\u00fcy\u00fck \u015firketleri mi tercih edeceksiniz? \u0130\u015fte o zaman sizin renginiz ortaya \u00e7\u0131kar!\u201d dedi.<\/p>\n<p class=\"x_MsoNormal\"><b>300 M\u0130LYAR C\u0130ROYA KAR\u015eILIK 8 M\u0130LYARLIK YATIRIM<\/b><\/p>\n<p class=\"x_MsoNormal\">Isparta\u2019da ya\u015fanan ve g\u00fcnlerce devam eden elektrik kesintilerine de de\u011finen Karabat, \u201c8 b\u00fcy\u00fck da\u011f\u0131t\u0131m \u015firketinin 300 milyarl\u0131k cirosu var. 300 milyarl\u0131k ciroya ra\u011fmen bu \u015firketler sadece 8 milyarl\u0131k bir yat\u0131r\u0131m yapm\u0131\u015f. Bu \u015firketler sadece 8 milyar yat\u0131r\u0131m yap\u0131yorsa biz gelecekte Isparta ve benzerlerini daha \u00e7ok konu\u015furuz. Isparta bu konudaki ihmalin, sorumsuzlu\u011fun ve rant\u0131n somut bir yans\u0131mas\u0131d\u0131r. 300 milyarl\u0131k elektrik t\u00fcketimine, elektrik sat\u0131\u015f\u0131na kar\u015f\u0131 8 milyarl\u0131k yat\u0131r\u0131m yapm\u0131\u015flar. Bunun da ad\u0131 &#8220;reform&#8221; oluyor, bunun ad\u0131 &#8220;reform&#8221; de\u011fil taland\u0131r!\u201d dedi.<\/p>\n","protected":false},"excerpt":{"rendered":"<p>Bu hafta boyunca uluslararas\u0131 anla\u015fmalar\u0131n g\u00f6r\u00fc\u015f\u00fcld\u00fc\u011f\u00fc TBMM yine yo\u011fun tart\u0131\u015fmalara sahne oldu. Bu haftaki tart\u0131\u015fmalar\u0131n oda\u011f\u0131nda yine do\u011falgaz ve elektrik<\/p>\n","protected":false},"author":1,"featured_media":0,"comment_status":"open","ping_status":"open","sticky":false,"template":"","format":"standard","meta":{"footnotes":""},"categories":[8,13],"tags":[],"class_list":["post-489","post","type-post","status-publish","format-standard","hentry","category-ekonomi","category-siyaset"],"yoast_head":"<!-- This site is optimized with the Yoast SEO plugin v28.2 - https:\/\/yoast.com\/product\/yoast-seo-wordpress\/ -->\n<title>TBMM&#039;DE TEDA\u015e TARTI\u015eMASI - MAV\u0130 HABER<\/title>\n<meta name=\"robots\" content=\"index, follow, max-snippet:-1, max-image-preview:large, max-video-preview:-1\" \/>\n<link rel=\"canonical\" href=\"https:\/\/www.mavihaber.com.tr\/?p=489\" \/>\n<meta property=\"og:locale\" content=\"tr_TR\" \/>\n<meta property=\"og:type\" content=\"article\" \/>\n<meta property=\"og:title\" content=\"TBMM&#039;DE TEDA\u015e TARTI\u015eMASI - MAV\u0130 HABER\" \/>\n<meta property=\"og:description\" content=\"Bu hafta boyunca uluslararas\u0131 anla\u015fmalar\u0131n g\u00f6r\u00fc\u015f\u00fcld\u00fc\u011f\u00fc TBMM yine yo\u011fun tart\u0131\u015fmalara sahne oldu. Bu haftaki tart\u0131\u015fmalar\u0131n oda\u011f\u0131nda yine do\u011falgaz ve elektrik\" \/>\n<meta property=\"og:url\" content=\"https:\/\/www.mavihaber.com.tr\/?p=489\" \/>\n<meta property=\"og:site_name\" content=\"MAV\u0130 HABER\" \/>\n<meta property=\"article:publisher\" content=\"https:\/\/www.facebook.com\/ceyhan.mavi.142\/\" \/>\n<meta property=\"article:published_time\" content=\"2022-02-17T09:55:50+00:00\" \/>\n<meta name=\"author\" content=\"MAV\u0130 HABER\" \/>\n<meta name=\"twitter:card\" content=\"summary_large_image\" \/>\n<meta name=\"twitter:creator\" content=\"@ceyhanmavihaber\" \/>\n<meta name=\"twitter:site\" content=\"@ceyhanmavihaber\" \/>\n<meta name=\"twitter:label1\" content=\"Yazan:\" \/>\n\t<meta name=\"twitter:data1\" content=\"MAV\u0130 HABER\" \/>\n\t<meta name=\"twitter:label2\" content=\"Tahmini okuma s\u00fcresi\" \/>\n\t<meta name=\"twitter:data2\" content=\"3 dakika\" \/>\n<script type=\"application\/ld+json\" class=\"yoast-schema-graph\">{\"@context\":\"https:\\\/\\\/schema.org\",\"@graph\":[{\"@type\":\"Article\",\"@id\":\"https:\\\/\\\/www.mavihaber.com.tr\\\/?p=489#article\",\"isPartOf\":{\"@id\":\"https:\\\/\\\/www.mavihaber.com.tr\\\/?p=489\"},\"author\":{\"name\":\"MAV\u0130 HABER\",\"@id\":\"https:\\\/\\\/www.mavihaber.com.tr\\\/#\\\/schema\\\/person\\\/6b483c36decdaf2ea80ccc7e00592ec5\"},\"headline\":\"TBMM&#8217;DE TEDA\u015e TARTI\u015eMASI\",\"datePublished\":\"2022-02-17T09:55:50+00:00\",\"mainEntityOfPage\":{\"@id\":\"https:\\\/\\\/www.mavihaber.com.tr\\\/?p=489\"},\"wordCount\":518,\"commentCount\":0,\"publisher\":{\"@id\":\"https:\\\/\\\/www.mavihaber.com.tr\\\/#organization\"},\"articleSection\":[\"Ekonomi\",\"Siyaset\"],\"inLanguage\":\"tr\",\"potentialAction\":[{\"@type\":\"CommentAction\",\"name\":\"Comment\",\"target\":[\"https:\\\/\\\/www.mavihaber.com.tr\\\/?p=489#respond\"]}]},{\"@type\":\"WebPage\",\"@id\":\"https:\\\/\\\/www.mavihaber.com.tr\\\/?p=489\",\"url\":\"https:\\\/\\\/www.mavihaber.com.tr\\\/?p=489\",\"name\":\"TBMM'DE TEDA\u015e TARTI\u015eMASI - MAV\u0130 HABER\",\"isPartOf\":{\"@id\":\"https:\\\/\\\/www.mavihaber.com.tr\\\/#website\"},\"datePublished\":\"2022-02-17T09:55:50+00:00\",\"breadcrumb\":{\"@id\":\"https:\\\/\\\/www.mavihaber.com.tr\\\/?p=489#breadcrumb\"},\"inLanguage\":\"tr\",\"potentialAction\":[{\"@type\":\"ReadAction\",\"target\":[\"https:\\\/\\\/www.mavihaber.com.tr\\\/?p=489\"]}]},{\"@type\":\"BreadcrumbList\",\"@id\":\"https:\\\/\\\/www.mavihaber.com.tr\\\/?p=489#breadcrumb\",\"itemListElement\":[{\"@type\":\"ListItem\",\"position\":1,\"name\":\"Anasayfa\",\"item\":\"https:\\\/\\\/www.mavihaber.com.tr\\\/\"},{\"@type\":\"ListItem\",\"position\":2,\"name\":\"TBMM&#8217;DE TEDA\u015e TARTI\u015eMASI\"}]},{\"@type\":\"WebSite\",\"@id\":\"https:\\\/\\\/www.mavihaber.com.tr\\\/#website\",\"url\":\"https:\\\/\\\/www.mavihaber.com.tr\\\/\",\"name\":\"MAV\u0130 HABER\",\"description\":\"S&Ouml;Z U&Ccedil;AR YAZI KALIR\",\"publisher\":{\"@id\":\"https:\\\/\\\/www.mavihaber.com.tr\\\/#organization\"},\"potentialAction\":[{\"@type\":\"SearchAction\",\"target\":{\"@type\":\"EntryPoint\",\"urlTemplate\":\"https:\\\/\\\/www.mavihaber.com.tr\\\/?s={search_term_string}\"},\"query-input\":{\"@type\":\"PropertyValueSpecification\",\"valueRequired\":true,\"valueName\":\"search_term_string\"}}],\"inLanguage\":\"tr\"},{\"@type\":\"Organization\",\"@id\":\"https:\\\/\\\/www.mavihaber.com.tr\\\/#organization\",\"name\":\"MAV\u0130 HABER\",\"url\":\"https:\\\/\\\/www.mavihaber.com.tr\\\/\",\"logo\":{\"@type\":\"ImageObject\",\"inLanguage\":\"tr\",\"@id\":\"https:\\\/\\\/www.mavihaber.com.tr\\\/#\\\/schema\\\/logo\\\/image\\\/\",\"url\":\"http:\\\/\\\/www.mavihaber.com.tr\\\/wp-content\\\/uploads\\\/2022\\\/02\\\/mavi-logo.png\",\"contentUrl\":\"http:\\\/\\\/www.mavihaber.com.tr\\\/wp-content\\\/uploads\\\/2022\\\/02\\\/mavi-logo.png\",\"width\":301,\"height\":81,\"caption\":\"MAV\u0130 HABER\"},\"image\":{\"@id\":\"https:\\\/\\\/www.mavihaber.com.tr\\\/#\\\/schema\\\/logo\\\/image\\\/\"},\"sameAs\":[\"https:\\\/\\\/www.facebook.com\\\/ceyhan.mavi.142\\\/\",\"https:\\\/\\\/x.com\\\/ceyhanmavihaber\",\"https:\\\/\\\/www.instagram.com\\\/ceyhanmavihaber\\\/\",\"https:\\\/\\\/www.youtube.com\\\/channel\\\/UCJQ-0-AFgj2GjI269QDUwNw\"]},{\"@type\":\"Person\",\"@id\":\"https:\\\/\\\/www.mavihaber.com.tr\\\/#\\\/schema\\\/person\\\/6b483c36decdaf2ea80ccc7e00592ec5\",\"name\":\"MAV\u0130 HABER\",\"image\":{\"@type\":\"ImageObject\",\"inLanguage\":\"tr\",\"@id\":\"https:\\\/\\\/secure.gravatar.com\\\/avatar\\\/8ec447ff07537b3472bb74c7b4212a4d84d9e722e01a066cab36264a08dd2a23?s=96&d=mm&r=g\",\"url\":\"https:\\\/\\\/secure.gravatar.com\\\/avatar\\\/8ec447ff07537b3472bb74c7b4212a4d84d9e722e01a066cab36264a08dd2a23?s=96&d=mm&r=g\",\"contentUrl\":\"https:\\\/\\\/secure.gravatar.com\\\/avatar\\\/8ec447ff07537b3472bb74c7b4212a4d84d9e722e01a066cab36264a08dd2a23?s=96&d=mm&r=g\",\"caption\":\"MAV\u0130 HABER\"},\"sameAs\":[\"http:\\\/\\\/www.mavihaber.com.tr\"],\"url\":\"https:\\\/\\\/www.mavihaber.com.tr\\\/?author=1\"}]}<\/script>\n<!-- \/ Yoast SEO plugin. -->","yoast_head_json":{"title":"TBMM'DE TEDA\u015e TARTI\u015eMASI - MAV\u0130 HABER","robots":{"index":"index","follow":"follow","max-snippet":"max-snippet:-1","max-image-preview":"max-image-preview:large","max-video-preview":"max-video-preview:-1"},"canonical":"https:\/\/www.mavihaber.com.tr\/?p=489","og_locale":"tr_TR","og_type":"article","og_title":"TBMM'DE TEDA\u015e TARTI\u015eMASI - MAV\u0130 HABER","og_description":"Bu hafta boyunca uluslararas\u0131 anla\u015fmalar\u0131n g\u00f6r\u00fc\u015f\u00fcld\u00fc\u011f\u00fc TBMM yine yo\u011fun tart\u0131\u015fmalara sahne oldu. Bu haftaki tart\u0131\u015fmalar\u0131n oda\u011f\u0131nda yine do\u011falgaz ve elektrik","og_url":"https:\/\/www.mavihaber.com.tr\/?p=489","og_site_name":"MAV\u0130 HABER","article_publisher":"https:\/\/www.facebook.com\/ceyhan.mavi.142\/","article_published_time":"2022-02-17T09:55:50+00:00","author":"MAV\u0130 HABER","twitter_card":"summary_large_image","twitter_creator":"@ceyhanmavihaber","twitter_site":"@ceyhanmavihaber","twitter_misc":{"Yazan:":"MAV\u0130 HABER","Tahmini okuma s\u00fcresi":"3 dakika"},"schema":{"@context":"https:\/\/schema.org","@graph":[{"@type":"Article","@id":"https:\/\/www.mavihaber.com.tr\/?p=489#article","isPartOf":{"@id":"https:\/\/www.mavihaber.com.tr\/?p=489"},"author":{"name":"MAV\u0130 HABER","@id":"https:\/\/www.mavihaber.com.tr\/#\/schema\/person\/6b483c36decdaf2ea80ccc7e00592ec5"},"headline":"TBMM&#8217;DE TEDA\u015e TARTI\u015eMASI","datePublished":"2022-02-17T09:55:50+00:00","mainEntityOfPage":{"@id":"https:\/\/www.mavihaber.com.tr\/?p=489"},"wordCount":518,"commentCount":0,"publisher":{"@id":"https:\/\/www.mavihaber.com.tr\/#organization"},"articleSection":["Ekonomi","Siyaset"],"inLanguage":"tr","potentialAction":[{"@type":"CommentAction","name":"Comment","target":["https:\/\/www.mavihaber.com.tr\/?p=489#respond"]}]},{"@type":"WebPage","@id":"https:\/\/www.mavihaber.com.tr\/?p=489","url":"https:\/\/www.mavihaber.com.tr\/?p=489","name":"TBMM'DE TEDA\u015e TARTI\u015eMASI - MAV\u0130 HABER","isPartOf":{"@id":"https:\/\/www.mavihaber.com.tr\/#website"},"datePublished":"2022-02-17T09:55:50+00:00","breadcrumb":{"@id":"https:\/\/www.mavihaber.com.tr\/?p=489#breadcrumb"},"inLanguage":"tr","potentialAction":[{"@type":"ReadAction","target":["https:\/\/www.mavihaber.com.tr\/?p=489"]}]},{"@type":"BreadcrumbList","@id":"https:\/\/www.mavihaber.com.tr\/?p=489#breadcrumb","itemListElement":[{"@type":"ListItem","position":1,"name":"Anasayfa","item":"https:\/\/www.mavihaber.com.tr\/"},{"@type":"ListItem","position":2,"name":"TBMM&#8217;DE TEDA\u015e TARTI\u015eMASI"}]},{"@type":"WebSite","@id":"https:\/\/www.mavihaber.com.tr\/#website","url":"https:\/\/www.mavihaber.com.tr\/","name":"MAV\u0130 HABER","description":"S&Ouml;Z U&Ccedil;AR YAZI KALIR","publisher":{"@id":"https:\/\/www.mavihaber.com.tr\/#organization"},"potentialAction":[{"@type":"SearchAction","target":{"@type":"EntryPoint","urlTemplate":"https:\/\/www.mavihaber.com.tr\/?s={search_term_string}"},"query-input":{"@type":"PropertyValueSpecification","valueRequired":true,"valueName":"search_term_string"}}],"inLanguage":"tr"},{"@type":"Organization","@id":"https:\/\/www.mavihaber.com.tr\/#organization","name":"MAV\u0130 HABER","url":"https:\/\/www.mavihaber.com.tr\/","logo":{"@type":"ImageObject","inLanguage":"tr","@id":"https:\/\/www.mavihaber.com.tr\/#\/schema\/logo\/image\/","url":"http:\/\/www.mavihaber.com.tr\/wp-content\/uploads\/2022\/02\/mavi-logo.png","contentUrl":"http:\/\/www.mavihaber.com.tr\/wp-content\/uploads\/2022\/02\/mavi-logo.png","width":301,"height":81,"caption":"MAV\u0130 HABER"},"image":{"@id":"https:\/\/www.mavihaber.com.tr\/#\/schema\/logo\/image\/"},"sameAs":["https:\/\/www.facebook.com\/ceyhan.mavi.142\/","https:\/\/x.com\/ceyhanmavihaber","https:\/\/www.instagram.com\/ceyhanmavihaber\/","https:\/\/www.youtube.com\/channel\/UCJQ-0-AFgj2GjI269QDUwNw"]},{"@type":"Person","@id":"https:\/\/www.mavihaber.com.tr\/#\/schema\/person\/6b483c36decdaf2ea80ccc7e00592ec5","name":"MAV\u0130 HABER","image":{"@type":"ImageObject","inLanguage":"tr","@id":"https:\/\/secure.gravatar.com\/avatar\/8ec447ff07537b3472bb74c7b4212a4d84d9e722e01a066cab36264a08dd2a23?s=96&d=mm&r=g","url":"https:\/\/secure.gravatar.com\/avatar\/8ec447ff07537b3472bb74c7b4212a4d84d9e722e01a066cab36264a08dd2a23?s=96&d=mm&r=g","contentUrl":"https:\/\/secure.gravatar.com\/avatar\/8ec447ff07537b3472bb74c7b4212a4d84d9e722e01a066cab36264a08dd2a23?s=96&d=mm&r=g","caption":"MAV\u0130 HABER"},"sameAs":["http:\/\/www.mavihaber.com.tr"],"url":"https:\/\/www.mavihaber.com.tr\/?author=1"}]}},"views":378,"_links":{"self":[{"href":"https:\/\/www.mavihaber.com.tr\/index.php?rest_route=\/wp\/v2\/posts\/489","targetHints":{"allow":["GET"]}}],"collection":[{"href":"https:\/\/www.mavihaber.com.tr\/index.php?rest_route=\/wp\/v2\/posts"}],"about":[{"href":"https:\/\/www.mavihaber.com.tr\/index.php?rest_route=\/wp\/v2\/types\/post"}],"author":[{"embeddable":true,"href":"https:\/\/www.mavihaber.com.tr\/index.php?rest_route=\/wp\/v2\/users\/1"}],"replies":[{"embeddable":true,"href":"https:\/\/www.mavihaber.com.tr\/index.php?rest_route=%2Fwp%2Fv2%2Fcomments&post=489"}],"version-history":[{"count":1,"href":"https:\/\/www.mavihaber.com.tr\/index.php?rest_route=\/wp\/v2\/posts\/489\/revisions"}],"predecessor-version":[{"id":491,"href":"https:\/\/www.mavihaber.com.tr\/index.php?rest_route=\/wp\/v2\/posts\/489\/revisions\/491"}],"wp:attachment":[{"href":"https:\/\/www.mavihaber.com.tr\/index.php?rest_route=%2Fwp%2Fv2%2Fmedia&parent=489"}],"wp:term":[{"taxonomy":"category","embeddable":true,"href":"https:\/\/www.mavihaber.com.tr\/index.php?rest_route=%2Fwp%2Fv2%2Fcategories&post=489"},{"taxonomy":"post_tag","embeddable":true,"href":"https:\/\/www.mavihaber.com.tr\/index.php?rest_route=%2Fwp%2Fv2%2Ftags&post=489"}],"curies":[{"name":"wp","href":"https:\/\/api.w.org\/{rel}","templated":true}]}}