{"id":493,"date":"2022-02-17T10:08:25","date_gmt":"2022-02-17T10:08:25","guid":{"rendered":"http:\/\/www.mavihaber.com.tr\/?p=493"},"modified":"2022-02-17T10:08:25","modified_gmt":"2022-02-17T10:08:25","slug":"ecz-yalbuzdag-gida-gibi-ilacta-da-kdv-1e-indirilmelidir","status":"publish","type":"post","link":"https:\/\/www.mavihaber.com.tr\/?p=493","title":{"rendered":"Ecz. Yalbuzda\u011f, \u201cG\u0131da gibi ila\u00e7\u2019ta da KDV %1\u2019e indirilmelidir!\u201d"},"content":{"rendered":"<p class=\"x_MsoNormal\">Adana Eczac\u0131 Odas\u0131 (ADEO) Ba\u015fkan\u0131 Ecz. \u00d6. M\u00fcrsel Yalbuzda\u011f, \u0130nsan\u0131n beslenmesi gibi sa\u011fl\u0131kl\u0131 ya\u015famas\u0131n\u0131n da bir hak oldu\u011funu belirterek \u201cG\u0131dada oldu\u011fu gibi ila\u00e7\u2019ta da KDV y\u00fczde bir\u2019e indirilmelidir\u201d dedi.<\/p>\n<p><img loading=\"lazy\" decoding=\"async\" class=\"size-medium wp-image-494\" src=\"http:\/\/www.mavihaber.com.tr\/wp-content\/uploads\/2022\/02\/Ilacta-KDV-Indirilmeli-1-300x186.jpg\" alt=\"\" width=\"300\" height=\"186\" \/><\/p>\n<p class=\"x_MsoNormal\">\u0130LA\u00c7LARIN TAMAMINDA KDV D\u00dc\u015e\u00dcR\u00dcLMEL\u0130<\/p>\n<p class=\"x_MsoNormal\">Adana Eczac\u0131 Odas\u0131 Y\u00f6netim Kurulu ad\u0131na konuya ili\u015fkin a\u00e7\u0131klama yapan Ba\u015fkan Ecz. \u00d6. M\u00fcrsel Yalbuzda\u011f, \u201c13 \u015eubat&#8217;ta Resmi Gazete\u2019de yay\u0131mlanan bildirime g\u00f6re g\u0131dada KDV oran\u0131 %1&#8217;e indirildi. Bu uygulama kapsam\u0131nda eczanelerimizde satt\u0131\u011f\u0131m\u0131z g\u0131da takviyeleri ve bebek mamalar\u0131n\u0131n da KDV oran\u0131 %1\u2019e indirildi. \u0130la\u00e7 gibi insan sa\u011fl\u0131\u011f\u0131 \u00fczerinde hayati \u00f6nem ta\u015f\u0131yan ve kullan\u0131lmas\u0131 zorunlu olan bir grupta KDV oran\u0131n\u0131n d\u00fc\u015f\u00fcr\u00fclmemesi ve ilac\u0131n kapsama al\u0131nmamas\u0131 tezatl\u0131k yaratmaktad\u0131r. \u0130nsan sa\u011fl\u0131\u011f\u0131 i\u00e7in olmazsa olmaz ila\u00e7lar\u0131n tamam\u0131nda KDV oran\u0131n\u0131n y\u00fczde bir\u2019e d\u00fc\u015f\u00fcr\u00fclmesi gerekmektedir. Bu anlamda bakanl\u0131k nezdinde t\u00fcm yetkililerin bu konunun \u00e7\u00f6z\u00fcm\u00fc i\u00e7in gerekeni yapmalar\u0131n\u0131 beklemekteyiz.\u201d diye konu\u015ftu.<\/p>\n","protected":false},"excerpt":{"rendered":"<p>Adana Eczac\u0131 Odas\u0131 (ADEO) Ba\u015fkan\u0131 Ecz. \u00d6. M\u00fcrsel Yalbuzda\u011f, \u0130nsan\u0131n beslenmesi gibi sa\u011fl\u0131kl\u0131 ya\u015famas\u0131n\u0131n da bir hak oldu\u011funu belirterek \u201cG\u0131dada<\/p>\n","protected":false},"author":1,"featured_media":0,"comment_status":"open","ping_status":"open","sticky":false,"template":"","format":"standard","meta":{"footnotes":""},"categories":[8,10,13],"tags":[],"class_list":["post-493","post","type-post","status-publish","format-standard","hentry","category-ekonomi","category-gundem","category-siyaset"],"yoast_head":"<!-- This site is optimized with the Yoast SEO plugin v28.2 - https:\/\/yoast.com\/product\/yoast-seo-wordpress\/ -->\n<title>Ecz. Yalbuzda\u011f, \u201cG\u0131da gibi ila\u00e7\u2019ta da KDV %1\u2019e indirilmelidir!\u201d - MAV\u0130 HABER<\/title>\n<meta name=\"robots\" content=\"index, follow, max-snippet:-1, max-image-preview:large, max-video-preview:-1\" \/>\n<link rel=\"canonical\" href=\"https:\/\/www.mavihaber.com.tr\/?p=493\" \/>\n<meta property=\"og:locale\" content=\"tr_TR\" \/>\n<meta property=\"og:type\" content=\"article\" \/>\n<meta property=\"og:title\" content=\"Ecz. Yalbuzda\u011f, \u201cG\u0131da gibi ila\u00e7\u2019ta da KDV %1\u2019e indirilmelidir!\u201d - MAV\u0130 HABER\" \/>\n<meta property=\"og:description\" content=\"Adana Eczac\u0131 Odas\u0131 (ADEO) Ba\u015fkan\u0131 Ecz. \u00d6. M\u00fcrsel Yalbuzda\u011f, \u0130nsan\u0131n beslenmesi gibi sa\u011fl\u0131kl\u0131 ya\u015famas\u0131n\u0131n da bir hak oldu\u011funu belirterek \u201cG\u0131dada\" \/>\n<meta property=\"og:url\" content=\"https:\/\/www.mavihaber.com.tr\/?p=493\" \/>\n<meta property=\"og:site_name\" content=\"MAV\u0130 HABER\" \/>\n<meta property=\"article:publisher\" content=\"https:\/\/www.facebook.com\/ceyhan.mavi.142\/\" \/>\n<meta property=\"article:published_time\" content=\"2022-02-17T10:08:25+00:00\" \/>\n<meta name=\"author\" content=\"MAV\u0130 HABER\" \/>\n<meta name=\"twitter:card\" content=\"summary_large_image\" \/>\n<meta name=\"twitter:creator\" content=\"@ceyhanmavihaber\" \/>\n<meta name=\"twitter:site\" content=\"@ceyhanmavihaber\" \/>\n<meta name=\"twitter:label1\" content=\"Yazan:\" \/>\n\t<meta name=\"twitter:data1\" content=\"MAV\u0130 HABER\" \/>\n\t<meta name=\"twitter:label2\" content=\"Tahmini okuma s\u00fcresi\" \/>\n\t<meta name=\"twitter:data2\" content=\"1 dakika\" \/>\n<script type=\"application\/ld+json\" class=\"yoast-schema-graph\">{\"@context\":\"https:\\\/\\\/schema.org\",\"@graph\":[{\"@type\":\"Article\",\"@id\":\"https:\\\/\\\/www.mavihaber.com.tr\\\/?p=493#article\",\"isPartOf\":{\"@id\":\"https:\\\/\\\/www.mavihaber.com.tr\\\/?p=493\"},\"author\":{\"name\":\"MAV\u0130 HABER\",\"@id\":\"https:\\\/\\\/www.mavihaber.com.tr\\\/#\\\/schema\\\/person\\\/6b483c36decdaf2ea80ccc7e00592ec5\"},\"headline\":\"Ecz. Yalbuzda\u011f, \u201cG\u0131da gibi ila\u00e7\u2019ta da KDV %1\u2019e indirilmelidir!\u201d\",\"datePublished\":\"2022-02-17T10:08:25+00:00\",\"mainEntityOfPage\":{\"@id\":\"https:\\\/\\\/www.mavihaber.com.tr\\\/?p=493\"},\"wordCount\":195,\"commentCount\":0,\"publisher\":{\"@id\":\"https:\\\/\\\/www.mavihaber.com.tr\\\/#organization\"},\"image\":{\"@id\":\"https:\\\/\\\/www.mavihaber.com.tr\\\/?p=493#primaryimage\"},\"thumbnailUrl\":\"http:\\\/\\\/www.mavihaber.com.tr\\\/wp-content\\\/uploads\\\/2022\\\/02\\\/Ilacta-KDV-Indirilmeli-1-300x186.jpg\",\"articleSection\":[\"Ekonomi\",\"G\u00fcndem\",\"Siyaset\"],\"inLanguage\":\"tr\",\"potentialAction\":[{\"@type\":\"CommentAction\",\"name\":\"Comment\",\"target\":[\"https:\\\/\\\/www.mavihaber.com.tr\\\/?p=493#respond\"]}]},{\"@type\":\"WebPage\",\"@id\":\"https:\\\/\\\/www.mavihaber.com.tr\\\/?p=493\",\"url\":\"https:\\\/\\\/www.mavihaber.com.tr\\\/?p=493\",\"name\":\"Ecz. Yalbuzda\u011f, \u201cG\u0131da gibi ila\u00e7\u2019ta da KDV %1\u2019e indirilmelidir!\u201d - MAV\u0130 HABER\",\"isPartOf\":{\"@id\":\"https:\\\/\\\/www.mavihaber.com.tr\\\/#website\"},\"primaryImageOfPage\":{\"@id\":\"https:\\\/\\\/www.mavihaber.com.tr\\\/?p=493#primaryimage\"},\"image\":{\"@id\":\"https:\\\/\\\/www.mavihaber.com.tr\\\/?p=493#primaryimage\"},\"thumbnailUrl\":\"http:\\\/\\\/www.mavihaber.com.tr\\\/wp-content\\\/uploads\\\/2022\\\/02\\\/Ilacta-KDV-Indirilmeli-1-300x186.jpg\",\"datePublished\":\"2022-02-17T10:08:25+00:00\",\"breadcrumb\":{\"@id\":\"https:\\\/\\\/www.mavihaber.com.tr\\\/?p=493#breadcrumb\"},\"inLanguage\":\"tr\",\"potentialAction\":[{\"@type\":\"ReadAction\",\"target\":[\"https:\\\/\\\/www.mavihaber.com.tr\\\/?p=493\"]}]},{\"@type\":\"ImageObject\",\"inLanguage\":\"tr\",\"@id\":\"https:\\\/\\\/www.mavihaber.com.tr\\\/?p=493#primaryimage\",\"url\":\"\",\"contentUrl\":\"\"},{\"@type\":\"BreadcrumbList\",\"@id\":\"https:\\\/\\\/www.mavihaber.com.tr\\\/?p=493#breadcrumb\",\"itemListElement\":[{\"@type\":\"ListItem\",\"position\":1,\"name\":\"Anasayfa\",\"item\":\"https:\\\/\\\/www.mavihaber.com.tr\\\/\"},{\"@type\":\"ListItem\",\"position\":2,\"name\":\"Ecz. Yalbuzda\u011f, \u201cG\u0131da gibi ila\u00e7\u2019ta da KDV %1\u2019e indirilmelidir!\u201d\"}]},{\"@type\":\"WebSite\",\"@id\":\"https:\\\/\\\/www.mavihaber.com.tr\\\/#website\",\"url\":\"https:\\\/\\\/www.mavihaber.com.tr\\\/\",\"name\":\"MAV\u0130 HABER\",\"description\":\"S&Ouml;Z U&Ccedil;AR YAZI KALIR\",\"publisher\":{\"@id\":\"https:\\\/\\\/www.mavihaber.com.tr\\\/#organization\"},\"potentialAction\":[{\"@type\":\"SearchAction\",\"target\":{\"@type\":\"EntryPoint\",\"urlTemplate\":\"https:\\\/\\\/www.mavihaber.com.tr\\\/?s={search_term_string}\"},\"query-input\":{\"@type\":\"PropertyValueSpecification\",\"valueRequired\":true,\"valueName\":\"search_term_string\"}}],\"inLanguage\":\"tr\"},{\"@type\":\"Organization\",\"@id\":\"https:\\\/\\\/www.mavihaber.com.tr\\\/#organization\",\"name\":\"MAV\u0130 HABER\",\"url\":\"https:\\\/\\\/www.mavihaber.com.tr\\\/\",\"logo\":{\"@type\":\"ImageObject\",\"inLanguage\":\"tr\",\"@id\":\"https:\\\/\\\/www.mavihaber.com.tr\\\/#\\\/schema\\\/logo\\\/image\\\/\",\"url\":\"http:\\\/\\\/www.mavihaber.com.tr\\\/wp-content\\\/uploads\\\/2022\\\/02\\\/mavi-logo.png\",\"contentUrl\":\"http:\\\/\\\/www.mavihaber.com.tr\\\/wp-content\\\/uploads\\\/2022\\\/02\\\/mavi-logo.png\",\"width\":301,\"height\":81,\"caption\":\"MAV\u0130 HABER\"},\"image\":{\"@id\":\"https:\\\/\\\/www.mavihaber.com.tr\\\/#\\\/schema\\\/logo\\\/image\\\/\"},\"sameAs\":[\"https:\\\/\\\/www.facebook.com\\\/ceyhan.mavi.142\\\/\",\"https:\\\/\\\/x.com\\\/ceyhanmavihaber\",\"https:\\\/\\\/www.instagram.com\\\/ceyhanmavihaber\\\/\",\"https:\\\/\\\/www.youtube.com\\\/channel\\\/UCJQ-0-AFgj2GjI269QDUwNw\"]},{\"@type\":\"Person\",\"@id\":\"https:\\\/\\\/www.mavihaber.com.tr\\\/#\\\/schema\\\/person\\\/6b483c36decdaf2ea80ccc7e00592ec5\",\"name\":\"MAV\u0130 HABER\",\"image\":{\"@type\":\"ImageObject\",\"inLanguage\":\"tr\",\"@id\":\"https:\\\/\\\/secure.gravatar.com\\\/avatar\\\/8ec447ff07537b3472bb74c7b4212a4d84d9e722e01a066cab36264a08dd2a23?s=96&d=mm&r=g\",\"url\":\"https:\\\/\\\/secure.gravatar.com\\\/avatar\\\/8ec447ff07537b3472bb74c7b4212a4d84d9e722e01a066cab36264a08dd2a23?s=96&d=mm&r=g\",\"contentUrl\":\"https:\\\/\\\/secure.gravatar.com\\\/avatar\\\/8ec447ff07537b3472bb74c7b4212a4d84d9e722e01a066cab36264a08dd2a23?s=96&d=mm&r=g\",\"caption\":\"MAV\u0130 HABER\"},\"sameAs\":[\"http:\\\/\\\/www.mavihaber.com.tr\"],\"url\":\"https:\\\/\\\/www.mavihaber.com.tr\\\/?author=1\"}]}<\/script>\n<!-- \/ Yoast SEO plugin. -->","yoast_head_json":{"title":"Ecz. Yalbuzda\u011f, \u201cG\u0131da gibi ila\u00e7\u2019ta da KDV %1\u2019e indirilmelidir!\u201d - MAV\u0130 HABER","robots":{"index":"index","follow":"follow","max-snippet":"max-snippet:-1","max-image-preview":"max-image-preview:large","max-video-preview":"max-video-preview:-1"},"canonical":"https:\/\/www.mavihaber.com.tr\/?p=493","og_locale":"tr_TR","og_type":"article","og_title":"Ecz. Yalbuzda\u011f, \u201cG\u0131da gibi ila\u00e7\u2019ta da KDV %1\u2019e indirilmelidir!\u201d - MAV\u0130 HABER","og_description":"Adana Eczac\u0131 Odas\u0131 (ADEO) Ba\u015fkan\u0131 Ecz. \u00d6. M\u00fcrsel Yalbuzda\u011f, \u0130nsan\u0131n beslenmesi gibi sa\u011fl\u0131kl\u0131 ya\u015famas\u0131n\u0131n da bir hak oldu\u011funu belirterek \u201cG\u0131dada","og_url":"https:\/\/www.mavihaber.com.tr\/?p=493","og_site_name":"MAV\u0130 HABER","article_publisher":"https:\/\/www.facebook.com\/ceyhan.mavi.142\/","article_published_time":"2022-02-17T10:08:25+00:00","author":"MAV\u0130 HABER","twitter_card":"summary_large_image","twitter_creator":"@ceyhanmavihaber","twitter_site":"@ceyhanmavihaber","twitter_misc":{"Yazan:":"MAV\u0130 HABER","Tahmini okuma s\u00fcresi":"1 dakika"},"schema":{"@context":"https:\/\/schema.org","@graph":[{"@type":"Article","@id":"https:\/\/www.mavihaber.com.tr\/?p=493#article","isPartOf":{"@id":"https:\/\/www.mavihaber.com.tr\/?p=493"},"author":{"name":"MAV\u0130 HABER","@id":"https:\/\/www.mavihaber.com.tr\/#\/schema\/person\/6b483c36decdaf2ea80ccc7e00592ec5"},"headline":"Ecz. Yalbuzda\u011f, \u201cG\u0131da gibi ila\u00e7\u2019ta da KDV %1\u2019e indirilmelidir!\u201d","datePublished":"2022-02-17T10:08:25+00:00","mainEntityOfPage":{"@id":"https:\/\/www.mavihaber.com.tr\/?p=493"},"wordCount":195,"commentCount":0,"publisher":{"@id":"https:\/\/www.mavihaber.com.tr\/#organization"},"image":{"@id":"https:\/\/www.mavihaber.com.tr\/?p=493#primaryimage"},"thumbnailUrl":"http:\/\/www.mavihaber.com.tr\/wp-content\/uploads\/2022\/02\/Ilacta-KDV-Indirilmeli-1-300x186.jpg","articleSection":["Ekonomi","G\u00fcndem","Siyaset"],"inLanguage":"tr","potentialAction":[{"@type":"CommentAction","name":"Comment","target":["https:\/\/www.mavihaber.com.tr\/?p=493#respond"]}]},{"@type":"WebPage","@id":"https:\/\/www.mavihaber.com.tr\/?p=493","url":"https:\/\/www.mavihaber.com.tr\/?p=493","name":"Ecz. Yalbuzda\u011f, \u201cG\u0131da gibi ila\u00e7\u2019ta da KDV %1\u2019e indirilmelidir!\u201d - MAV\u0130 HABER","isPartOf":{"@id":"https:\/\/www.mavihaber.com.tr\/#website"},"primaryImageOfPage":{"@id":"https:\/\/www.mavihaber.com.tr\/?p=493#primaryimage"},"image":{"@id":"https:\/\/www.mavihaber.com.tr\/?p=493#primaryimage"},"thumbnailUrl":"http:\/\/www.mavihaber.com.tr\/wp-content\/uploads\/2022\/02\/Ilacta-KDV-Indirilmeli-1-300x186.jpg","datePublished":"2022-02-17T10:08:25+00:00","breadcrumb":{"@id":"https:\/\/www.mavihaber.com.tr\/?p=493#breadcrumb"},"inLanguage":"tr","potentialAction":[{"@type":"ReadAction","target":["https:\/\/www.mavihaber.com.tr\/?p=493"]}]},{"@type":"ImageObject","inLanguage":"tr","@id":"https:\/\/www.mavihaber.com.tr\/?p=493#primaryimage","url":"","contentUrl":""},{"@type":"BreadcrumbList","@id":"https:\/\/www.mavihaber.com.tr\/?p=493#breadcrumb","itemListElement":[{"@type":"ListItem","position":1,"name":"Anasayfa","item":"https:\/\/www.mavihaber.com.tr\/"},{"@type":"ListItem","position":2,"name":"Ecz. Yalbuzda\u011f, \u201cG\u0131da gibi ila\u00e7\u2019ta da KDV %1\u2019e indirilmelidir!\u201d"}]},{"@type":"WebSite","@id":"https:\/\/www.mavihaber.com.tr\/#website","url":"https:\/\/www.mavihaber.com.tr\/","name":"MAV\u0130 HABER","description":"S&Ouml;Z U&Ccedil;AR YAZI KALIR","publisher":{"@id":"https:\/\/www.mavihaber.com.tr\/#organization"},"potentialAction":[{"@type":"SearchAction","target":{"@type":"EntryPoint","urlTemplate":"https:\/\/www.mavihaber.com.tr\/?s={search_term_string}"},"query-input":{"@type":"PropertyValueSpecification","valueRequired":true,"valueName":"search_term_string"}}],"inLanguage":"tr"},{"@type":"Organization","@id":"https:\/\/www.mavihaber.com.tr\/#organization","name":"MAV\u0130 HABER","url":"https:\/\/www.mavihaber.com.tr\/","logo":{"@type":"ImageObject","inLanguage":"tr","@id":"https:\/\/www.mavihaber.com.tr\/#\/schema\/logo\/image\/","url":"http:\/\/www.mavihaber.com.tr\/wp-content\/uploads\/2022\/02\/mavi-logo.png","contentUrl":"http:\/\/www.mavihaber.com.tr\/wp-content\/uploads\/2022\/02\/mavi-logo.png","width":301,"height":81,"caption":"MAV\u0130 HABER"},"image":{"@id":"https:\/\/www.mavihaber.com.tr\/#\/schema\/logo\/image\/"},"sameAs":["https:\/\/www.facebook.com\/ceyhan.mavi.142\/","https:\/\/x.com\/ceyhanmavihaber","https:\/\/www.instagram.com\/ceyhanmavihaber\/","https:\/\/www.youtube.com\/channel\/UCJQ-0-AFgj2GjI269QDUwNw"]},{"@type":"Person","@id":"https:\/\/www.mavihaber.com.tr\/#\/schema\/person\/6b483c36decdaf2ea80ccc7e00592ec5","name":"MAV\u0130 HABER","image":{"@type":"ImageObject","inLanguage":"tr","@id":"https:\/\/secure.gravatar.com\/avatar\/8ec447ff07537b3472bb74c7b4212a4d84d9e722e01a066cab36264a08dd2a23?s=96&d=mm&r=g","url":"https:\/\/secure.gravatar.com\/avatar\/8ec447ff07537b3472bb74c7b4212a4d84d9e722e01a066cab36264a08dd2a23?s=96&d=mm&r=g","contentUrl":"https:\/\/secure.gravatar.com\/avatar\/8ec447ff07537b3472bb74c7b4212a4d84d9e722e01a066cab36264a08dd2a23?s=96&d=mm&r=g","caption":"MAV\u0130 HABER"},"sameAs":["http:\/\/www.mavihaber.com.tr"],"url":"https:\/\/www.mavihaber.com.tr\/?author=1"}]}},"views":347,"_links":{"self":[{"href":"https:\/\/www.mavihaber.com.tr\/index.php?rest_route=\/wp\/v2\/posts\/493","targetHints":{"allow":["GET"]}}],"collection":[{"href":"https:\/\/www.mavihaber.com.tr\/index.php?rest_route=\/wp\/v2\/posts"}],"about":[{"href":"https:\/\/www.mavihaber.com.tr\/index.php?rest_route=\/wp\/v2\/types\/post"}],"author":[{"embeddable":true,"href":"https:\/\/www.mavihaber.com.tr\/index.php?rest_route=\/wp\/v2\/users\/1"}],"replies":[{"embeddable":true,"href":"https:\/\/www.mavihaber.com.tr\/index.php?rest_route=%2Fwp%2Fv2%2Fcomments&post=493"}],"version-history":[{"count":1,"href":"https:\/\/www.mavihaber.com.tr\/index.php?rest_route=\/wp\/v2\/posts\/493\/revisions"}],"predecessor-version":[{"id":496,"href":"https:\/\/www.mavihaber.com.tr\/index.php?rest_route=\/wp\/v2\/posts\/493\/revisions\/496"}],"wp:attachment":[{"href":"https:\/\/www.mavihaber.com.tr\/index.php?rest_route=%2Fwp%2Fv2%2Fmedia&parent=493"}],"wp:term":[{"taxonomy":"category","embeddable":true,"href":"https:\/\/www.mavihaber.com.tr\/index.php?rest_route=%2Fwp%2Fv2%2Fcategories&post=493"},{"taxonomy":"post_tag","embeddable":true,"href":"https:\/\/www.mavihaber.com.tr\/index.php?rest_route=%2Fwp%2Fv2%2Ftags&post=493"}],"curies":[{"name":"wp","href":"https:\/\/api.w.org\/{rel}","templated":true}]}}