{"id":497,"date":"2022-02-17T12:28:33","date_gmt":"2022-02-17T12:28:33","guid":{"rendered":"http:\/\/www.mavihaber.com.tr\/?p=497"},"modified":"2022-02-17T12:28:33","modified_gmt":"2022-02-17T12:28:33","slug":"hekim-ve-saglik-calisanlari-2-gun-is-birakti","status":"publish","type":"post","link":"https:\/\/www.mavihaber.com.tr\/?p=497","title":{"rendered":"Hekim ve Sa\u011fl\u0131k \u00c7al\u0131\u015fanlar\u0131 2 G\u00fcn \u0130\u015f B\u0131rakt\u0131"},"content":{"rendered":"<p>\u00d6zl\u00fck Haklar\u0131 ve g\u00fcvenli i\u015f yerinde \u00e7al\u0131\u015fmak amac\u0131yla iki g\u00fcnl\u00fck i\u015f b\u0131rakan hekim ve sa\u011fl\u0131k \u00e7al\u0131\u015fanlar\u0131 Kurttepe ASM \u00f6n\u00fcnde toplanarak bas\u0131n a\u00e7\u0131klamas\u0131 yapt\u0131.<\/p>\n<p><img loading=\"lazy\" decoding=\"async\" class=\"size-medium wp-image-501\" src=\"http:\/\/www.mavihaber.com.tr\/wp-content\/uploads\/2022\/02\/Saglikcilar-Is-Birakti-2-300x181.jpg\" alt=\"\" width=\"300\" height=\"181\" \/><\/p>\n<p>UZM. DR. MENTE\u015e, \u201cMART\u2019TA EYLEMLER\u0130M\u0130Z ARTARAK DEVAM EDECEK<\/p>\n<p>Adana Sa\u011fl\u0131k Platformu, Adana Tabip Odas\u0131, AHESEN, Genel Sa\u011fl\u0131k \u0130\u015f Sendikas\u0131, SES Adana \u015eubesi, TAHUD Adana \u015eubesi, Disk Emekli Sen ba\u015fkan ve \u00fcyelerinin kat\u0131ld\u0131\u011f\u0131 a\u00e7\u0131klamada uzun s\u00fcredir bu \u00fclkenin hekimleri maa\u015flar\u0131yla ge\u00e7inemez noktaya geldi\u011fini ifade eden Adana Tabip Odas\u0131 Ba\u015fkan\u0131 Uzm. Dr. Selahattin Mente\u015f, yapt\u0131\u011f\u0131 konu\u015fmada \u201cBiz hekimleri g\u00f6rmesi gerekenler sa\u011f\u0131r, dilsiz ve k\u00f6r taklidi yapmaya devam ediyor. Bu \u00fclkenin hekimleri ve sa\u011fl\u0131k \u00e7al\u0131\u015fanlar\u0131 bug\u00fcn oldu\u011fu gibi bundan sonrada sa\u011fl\u0131k sistemini durduracak g\u00fc\u00e7tedir. Biran \u00f6nce sesimizin duyulmas\u0131n\u0131 istiyoruz. Gen\u00e7 hekimlerimiz, hem\u015firelerimiz bu \u00fclkede kalmal\u0131 ve mutlu \u015fekilde mesleklerini icra etmelidir. Taleplerimiz yerine getirilmez ise Mart ay\u0131nda eylemlerimiz artarak devam edecektir.\u201d dedi.<\/p>\n<p><img loading=\"lazy\" decoding=\"async\" class=\"size-medium wp-image-500\" src=\"http:\/\/www.mavihaber.com.tr\/wp-content\/uploads\/2022\/02\/Saglikcilar-Is-Birakti-1-300x147.jpg\" alt=\"\" width=\"300\" height=\"147\" \/><\/p>\n<p>UZM. DR. \u0130\u015eG\u00dcZAR, \u201cSA\u011eLIK S\u0130STEM\u0130N\u0130N SORUNLARI B\u00dcY\u00dcKT\u00dcR\u201d<\/p>\n<p>Halk\u0131n sa\u011fl\u0131k gereksinimlerinin kar\u015f\u0131lanmas\u0131n\u0131n \u00f6n\u00fcndeki engeller her ge\u00e7en g\u00fcn artarken, sa\u011fl\u0131k \u00e7al\u0131\u015fanlar\u0131n\u0131n ya\u015fam ko\u015fullar\u0131 ise katlan\u0131lamaz bir hal ald\u0131\u011f\u0131n\u0131 belirten Adana Aile Hekimleri Derne\u011fi Genel Sekreteri Uzm. Dr. Kayhan S\u00fcreyya \u0130\u015fg\u00fczar, kurumlar ad\u0131na okudu\u011fu metinde \u015funlar\u0131 s\u00f6yledi;<\/p>\n<p>\u201c\u00dclkemizdeki sa\u011fl\u0131k sisteminin sorunlar\u0131 b\u00fcy\u00fckt\u00fcr. Kamudan istifalar, yurtd\u0131\u015f\u0131na g\u00f6\u00e7ler, \u015fiddet olaylar\u0131 bu i\u015fin b\u00f6yle s\u00fcremeyece\u011fini g\u00f6stermektedir. \u00c7al\u0131\u015fma ortam\u0131n\u0131n g\u00fcvenli olmamas\u0131 ve art\u0131k dayan\u0131lmaz noktaya gelen \u00f6zl\u00fck haklar\u0131m\u0131z\u0131n kayb\u0131 nedeniyle; 9 bin hekim, 850 di\u015f hekimi istifa yolunu se\u00e7mi\u015ftir. \u00dclkemizden her ay yeti\u015fmi\u015f 200 hekim ba\u015fka \u00fclkelere g\u00f6\u00e7 etmektedir. \u00c7\u00fcnk\u00fc bu \u00fclkenin hekim ve sa\u011fl\u0131k \u00e7al\u0131\u015fanlar\u0131 maa\u015flar\u0131 ile ge\u00e7inemez duruma gelmi\u015ftir. Hekim b\u00fcy\u00fcklerimiz emekli olamamaktad\u0131r \u00e7\u00fcnk\u00fc emekli maa\u015f\u0131 ile ge\u00e7inememektedir. Y\u0131llar\u0131n\u0131 bu \u00fclkeye vermi\u015f b\u00fcy\u00fcklerimize mezarda emeklilik hak g\u00f6r\u00fclmektedir. Maalesef oy birli\u011fi ile ge\u00e7irdi\u011finiz bir k\u0131s\u0131m hekimin emeklilikte iyile\u015fme hakk\u0131n\u0131 di\u011fer sa\u011fl\u0131k \u00e7al\u0131\u015fanlar\u0131n\u0131 bahane g\u00f6stererek komisyondan geri \u00e7ektiniz. 209 u hekim 543 sa\u011fl\u0131k \u00e7al\u0131\u015fan\u0131 karde\u015fimizi pandemi s\u00fcresince \u015fehit verdik. T\u00fcm bu gidi\u015fat biz sa\u011fl\u0131k\u00e7\u0131lar i\u00e7in dayan\u0131lmaz hale geldi ve 17-18 \u015fubatta i\u015f b\u0131rak\u0131yoruz. \u0130steklerimiz yerine getirilmez ise 14-15-16 Martta da i\u015f b\u0131rakaca\u011f\u0131m\u0131z\u0131 \u015fimdiden s\u00f6yl\u00fcyoruz.\u201d<\/p>\n<p><img loading=\"lazy\" decoding=\"async\" class=\"alignnone size-medium wp-image-499\" src=\"http:\/\/www.mavihaber.com.tr\/wp-content\/uploads\/2022\/02\/Uzm-Dr-Kayhan-Sureyya-Isguzar-300x200.jpg\" alt=\"\" width=\"300\" height=\"200\" \/><\/p>\n<p>HEK\u0130M VE SA\u011eLIK \u00c7ALI\u015eANLARININ \u0130STEKLER\u0130;<\/p>\n<p>\u201c\u00d6ncelikle yeni ba\u015flayan pratisyen hekim, di\u015f hekimi ve asistan hekim maa\u015flar\u0131 d\u00fczenlenmeli ve iyile\u015ftirilmelidir. En d\u00fc\u015f\u00fck \u00fccret yoksulluk s\u0131n\u0131r\u0131n\u0131n iki kat\u0131 olmal\u0131d\u0131r.<\/p>\n<p>T\u00fcm hekimler i\u00e7in 7200 ek g\u00f6stergeye ge\u00e7ilmelidir.<\/p>\n<p>G\u00f6reve ba\u015flanan g\u00fcnden itibaren her y\u0131la 120 g\u00fcn y\u0131pranma pay\u0131 verilmelidir.<\/p>\n<p>Aile hekimleri en az yoksulluk s\u0131n\u0131r\u0131n\u0131n iki kat\u0131 maa\u015f almal\u0131d\u0131r.<\/p>\n<p>Aile Sa\u011fl\u0131\u011f\u0131 Merkezi Cari gider \u00f6demeleri, ASM masraf art\u0131\u015f\u0131na paralel olarak art\u0131r\u0131lmal\u0131d\u0131r.<\/p>\n<p>Aile sa\u011fl\u0131\u011f\u0131 \u00e7al\u0131\u015fanlar\u0131n\u0131n ve di\u011fer sa\u011fl\u0131k personelinin maa\u015flar\u0131 iyile\u015ftirilmelidir. En d\u00fc\u015f\u00fck sa\u011fl\u0131k emek\u00e7isi maa\u015f\u0131 yoksulluk s\u0131n\u0131r\u0131n\u0131n \u00fcst\u00fcnde olmal\u0131d\u0131r.<\/p>\n<p>Aile hekimli\u011findeki ceza y\u00f6netmeli\u011fi derhal kald\u0131r\u0131lmal\u0131 ve yeniden d\u00fczenlenmelidir.<\/p>\n<p>Emekli sand\u0131\u011f\u0131, Ba\u011f-kur, SSK ay\u0131rmaks\u0131z\u0131n t\u00fcm hekim emekli maa\u015flar\u0131 en az yoksulluk s\u0131n\u0131r\u0131n\u0131n \u00fcst\u00fcnde olmal\u0131d\u0131r.<\/p>\n<p>Bir t\u00fcrl\u00fc bizleri koruyacak \u015fekilde \u00e7\u0131kmayan \u015fiddet yasas\u0131 bir an \u00f6nce etkili ve cayd\u0131r\u0131c\u0131 bir \u015fekilde \u00e7\u0131kar\u0131lmal\u0131d\u0131r.<\/p>\n<p>Covid 19 illiyet ba\u011f\u0131 aranmaks\u0131z\u0131n meslek hastal\u0131\u011f\u0131 kabul edilmelidir. Oyalama De\u011fil Hakk\u0131m\u0131z\u0131 \u0130stiyoruz.\u201d<\/p>\n<p><img loading=\"lazy\" decoding=\"async\" class=\"size-medium wp-image-498\" src=\"http:\/\/www.mavihaber.com.tr\/wp-content\/uploads\/2022\/02\/Uzm-Dr-Selahattin-Mentes-300x196.jpg\" alt=\"\" width=\"300\" height=\"196\" \/><\/p>\n","protected":false},"excerpt":{"rendered":"<p>\u00d6zl\u00fck Haklar\u0131 ve g\u00fcvenli i\u015f yerinde \u00e7al\u0131\u015fmak amac\u0131yla iki g\u00fcnl\u00fck i\u015f b\u0131rakan hekim ve sa\u011fl\u0131k \u00e7al\u0131\u015fanlar\u0131 Kurttepe ASM \u00f6n\u00fcnde toplanarak<\/p>\n","protected":false},"author":1,"featured_media":0,"comment_status":"open","ping_status":"open","sticky":false,"template":"","format":"standard","meta":{"footnotes":""},"categories":[8,10,12,13],"tags":[],"class_list":["post-497","post","type-post","status-publish","format-standard","hentry","category-ekonomi","category-gundem","category-saglik","category-siyaset"],"yoast_head":"<!-- This site is optimized with the Yoast SEO plugin v28.2 - https:\/\/yoast.com\/product\/yoast-seo-wordpress\/ -->\n<title>Hekim ve Sa\u011fl\u0131k \u00c7al\u0131\u015fanlar\u0131 2 G\u00fcn \u0130\u015f B\u0131rakt\u0131 - MAV\u0130 HABER<\/title>\n<meta name=\"robots\" content=\"index, follow, max-snippet:-1, max-image-preview:large, max-video-preview:-1\" \/>\n<link rel=\"canonical\" href=\"https:\/\/www.mavihaber.com.tr\/?p=497\" \/>\n<meta property=\"og:locale\" content=\"tr_TR\" \/>\n<meta property=\"og:type\" content=\"article\" \/>\n<meta property=\"og:title\" content=\"Hekim ve Sa\u011fl\u0131k \u00c7al\u0131\u015fanlar\u0131 2 G\u00fcn \u0130\u015f B\u0131rakt\u0131 - MAV\u0130 HABER\" \/>\n<meta property=\"og:description\" content=\"\u00d6zl\u00fck Haklar\u0131 ve g\u00fcvenli i\u015f yerinde \u00e7al\u0131\u015fmak amac\u0131yla iki g\u00fcnl\u00fck i\u015f b\u0131rakan hekim ve sa\u011fl\u0131k \u00e7al\u0131\u015fanlar\u0131 Kurttepe ASM \u00f6n\u00fcnde toplanarak\" \/>\n<meta property=\"og:url\" content=\"https:\/\/www.mavihaber.com.tr\/?p=497\" \/>\n<meta property=\"og:site_name\" content=\"MAV\u0130 HABER\" \/>\n<meta property=\"article:publisher\" content=\"https:\/\/www.facebook.com\/ceyhan.mavi.142\/\" \/>\n<meta property=\"article:published_time\" content=\"2022-02-17T12:28:33+00:00\" \/>\n<meta name=\"author\" content=\"MAV\u0130 HABER\" \/>\n<meta name=\"twitter:card\" content=\"summary_large_image\" \/>\n<meta name=\"twitter:creator\" content=\"@ceyhanmavihaber\" \/>\n<meta name=\"twitter:site\" content=\"@ceyhanmavihaber\" \/>\n<meta name=\"twitter:label1\" content=\"Yazan:\" \/>\n\t<meta name=\"twitter:data1\" content=\"MAV\u0130 HABER\" \/>\n\t<meta name=\"twitter:label2\" content=\"Tahmini okuma s\u00fcresi\" \/>\n\t<meta name=\"twitter:data2\" content=\"4 dakika\" \/>\n<script type=\"application\/ld+json\" class=\"yoast-schema-graph\">{\"@context\":\"https:\\\/\\\/schema.org\",\"@graph\":[{\"@type\":\"Article\",\"@id\":\"https:\\\/\\\/www.mavihaber.com.tr\\\/?p=497#article\",\"isPartOf\":{\"@id\":\"https:\\\/\\\/www.mavihaber.com.tr\\\/?p=497\"},\"author\":{\"name\":\"MAV\u0130 HABER\",\"@id\":\"https:\\\/\\\/www.mavihaber.com.tr\\\/#\\\/schema\\\/person\\\/6b483c36decdaf2ea80ccc7e00592ec5\"},\"headline\":\"Hekim ve Sa\u011fl\u0131k \u00c7al\u0131\u015fanlar\u0131 2 G\u00fcn \u0130\u015f B\u0131rakt\u0131\",\"datePublished\":\"2022-02-17T12:28:33+00:00\",\"mainEntityOfPage\":{\"@id\":\"https:\\\/\\\/www.mavihaber.com.tr\\\/?p=497\"},\"wordCount\":687,\"commentCount\":0,\"publisher\":{\"@id\":\"https:\\\/\\\/www.mavihaber.com.tr\\\/#organization\"},\"image\":{\"@id\":\"https:\\\/\\\/www.mavihaber.com.tr\\\/?p=497#primaryimage\"},\"thumbnailUrl\":\"http:\\\/\\\/www.mavihaber.com.tr\\\/wp-content\\\/uploads\\\/2022\\\/02\\\/Saglikcilar-Is-Birakti-2-300x181.jpg\",\"articleSection\":[\"Ekonomi\",\"G\u00fcndem\",\"Sa\u011fl\u0131k\",\"Siyaset\"],\"inLanguage\":\"tr\",\"potentialAction\":[{\"@type\":\"CommentAction\",\"name\":\"Comment\",\"target\":[\"https:\\\/\\\/www.mavihaber.com.tr\\\/?p=497#respond\"]}]},{\"@type\":\"WebPage\",\"@id\":\"https:\\\/\\\/www.mavihaber.com.tr\\\/?p=497\",\"url\":\"https:\\\/\\\/www.mavihaber.com.tr\\\/?p=497\",\"name\":\"Hekim ve Sa\u011fl\u0131k \u00c7al\u0131\u015fanlar\u0131 2 G\u00fcn \u0130\u015f B\u0131rakt\u0131 - MAV\u0130 HABER\",\"isPartOf\":{\"@id\":\"https:\\\/\\\/www.mavihaber.com.tr\\\/#website\"},\"primaryImageOfPage\":{\"@id\":\"https:\\\/\\\/www.mavihaber.com.tr\\\/?p=497#primaryimage\"},\"image\":{\"@id\":\"https:\\\/\\\/www.mavihaber.com.tr\\\/?p=497#primaryimage\"},\"thumbnailUrl\":\"http:\\\/\\\/www.mavihaber.com.tr\\\/wp-content\\\/uploads\\\/2022\\\/02\\\/Saglikcilar-Is-Birakti-2-300x181.jpg\",\"datePublished\":\"2022-02-17T12:28:33+00:00\",\"breadcrumb\":{\"@id\":\"https:\\\/\\\/www.mavihaber.com.tr\\\/?p=497#breadcrumb\"},\"inLanguage\":\"tr\",\"potentialAction\":[{\"@type\":\"ReadAction\",\"target\":[\"https:\\\/\\\/www.mavihaber.com.tr\\\/?p=497\"]}]},{\"@type\":\"ImageObject\",\"inLanguage\":\"tr\",\"@id\":\"https:\\\/\\\/www.mavihaber.com.tr\\\/?p=497#primaryimage\",\"url\":\"\",\"contentUrl\":\"\"},{\"@type\":\"BreadcrumbList\",\"@id\":\"https:\\\/\\\/www.mavihaber.com.tr\\\/?p=497#breadcrumb\",\"itemListElement\":[{\"@type\":\"ListItem\",\"position\":1,\"name\":\"Anasayfa\",\"item\":\"https:\\\/\\\/www.mavihaber.com.tr\\\/\"},{\"@type\":\"ListItem\",\"position\":2,\"name\":\"Hekim ve Sa\u011fl\u0131k \u00c7al\u0131\u015fanlar\u0131 2 G\u00fcn \u0130\u015f B\u0131rakt\u0131\"}]},{\"@type\":\"WebSite\",\"@id\":\"https:\\\/\\\/www.mavihaber.com.tr\\\/#website\",\"url\":\"https:\\\/\\\/www.mavihaber.com.tr\\\/\",\"name\":\"MAV\u0130 HABER\",\"description\":\"S&Ouml;Z U&Ccedil;AR YAZI KALIR\",\"publisher\":{\"@id\":\"https:\\\/\\\/www.mavihaber.com.tr\\\/#organization\"},\"potentialAction\":[{\"@type\":\"SearchAction\",\"target\":{\"@type\":\"EntryPoint\",\"urlTemplate\":\"https:\\\/\\\/www.mavihaber.com.tr\\\/?s={search_term_string}\"},\"query-input\":{\"@type\":\"PropertyValueSpecification\",\"valueRequired\":true,\"valueName\":\"search_term_string\"}}],\"inLanguage\":\"tr\"},{\"@type\":\"Organization\",\"@id\":\"https:\\\/\\\/www.mavihaber.com.tr\\\/#organization\",\"name\":\"MAV\u0130 HABER\",\"url\":\"https:\\\/\\\/www.mavihaber.com.tr\\\/\",\"logo\":{\"@type\":\"ImageObject\",\"inLanguage\":\"tr\",\"@id\":\"https:\\\/\\\/www.mavihaber.com.tr\\\/#\\\/schema\\\/logo\\\/image\\\/\",\"url\":\"http:\\\/\\\/www.mavihaber.com.tr\\\/wp-content\\\/uploads\\\/2022\\\/02\\\/mavi-logo.png\",\"contentUrl\":\"http:\\\/\\\/www.mavihaber.com.tr\\\/wp-content\\\/uploads\\\/2022\\\/02\\\/mavi-logo.png\",\"width\":301,\"height\":81,\"caption\":\"MAV\u0130 HABER\"},\"image\":{\"@id\":\"https:\\\/\\\/www.mavihaber.com.tr\\\/#\\\/schema\\\/logo\\\/image\\\/\"},\"sameAs\":[\"https:\\\/\\\/www.facebook.com\\\/ceyhan.mavi.142\\\/\",\"https:\\\/\\\/x.com\\\/ceyhanmavihaber\",\"https:\\\/\\\/www.instagram.com\\\/ceyhanmavihaber\\\/\",\"https:\\\/\\\/www.youtube.com\\\/channel\\\/UCJQ-0-AFgj2GjI269QDUwNw\"]},{\"@type\":\"Person\",\"@id\":\"https:\\\/\\\/www.mavihaber.com.tr\\\/#\\\/schema\\\/person\\\/6b483c36decdaf2ea80ccc7e00592ec5\",\"name\":\"MAV\u0130 HABER\",\"image\":{\"@type\":\"ImageObject\",\"inLanguage\":\"tr\",\"@id\":\"https:\\\/\\\/secure.gravatar.com\\\/avatar\\\/8ec447ff07537b3472bb74c7b4212a4d84d9e722e01a066cab36264a08dd2a23?s=96&d=mm&r=g\",\"url\":\"https:\\\/\\\/secure.gravatar.com\\\/avatar\\\/8ec447ff07537b3472bb74c7b4212a4d84d9e722e01a066cab36264a08dd2a23?s=96&d=mm&r=g\",\"contentUrl\":\"https:\\\/\\\/secure.gravatar.com\\\/avatar\\\/8ec447ff07537b3472bb74c7b4212a4d84d9e722e01a066cab36264a08dd2a23?s=96&d=mm&r=g\",\"caption\":\"MAV\u0130 HABER\"},\"sameAs\":[\"http:\\\/\\\/www.mavihaber.com.tr\"],\"url\":\"https:\\\/\\\/www.mavihaber.com.tr\\\/?author=1\"}]}<\/script>\n<!-- \/ Yoast SEO plugin. -->","yoast_head_json":{"title":"Hekim ve Sa\u011fl\u0131k \u00c7al\u0131\u015fanlar\u0131 2 G\u00fcn \u0130\u015f B\u0131rakt\u0131 - MAV\u0130 HABER","robots":{"index":"index","follow":"follow","max-snippet":"max-snippet:-1","max-image-preview":"max-image-preview:large","max-video-preview":"max-video-preview:-1"},"canonical":"https:\/\/www.mavihaber.com.tr\/?p=497","og_locale":"tr_TR","og_type":"article","og_title":"Hekim ve Sa\u011fl\u0131k \u00c7al\u0131\u015fanlar\u0131 2 G\u00fcn \u0130\u015f B\u0131rakt\u0131 - MAV\u0130 HABER","og_description":"\u00d6zl\u00fck Haklar\u0131 ve g\u00fcvenli i\u015f yerinde \u00e7al\u0131\u015fmak amac\u0131yla iki g\u00fcnl\u00fck i\u015f b\u0131rakan hekim ve sa\u011fl\u0131k \u00e7al\u0131\u015fanlar\u0131 Kurttepe ASM \u00f6n\u00fcnde toplanarak","og_url":"https:\/\/www.mavihaber.com.tr\/?p=497","og_site_name":"MAV\u0130 HABER","article_publisher":"https:\/\/www.facebook.com\/ceyhan.mavi.142\/","article_published_time":"2022-02-17T12:28:33+00:00","author":"MAV\u0130 HABER","twitter_card":"summary_large_image","twitter_creator":"@ceyhanmavihaber","twitter_site":"@ceyhanmavihaber","twitter_misc":{"Yazan:":"MAV\u0130 HABER","Tahmini okuma s\u00fcresi":"4 dakika"},"schema":{"@context":"https:\/\/schema.org","@graph":[{"@type":"Article","@id":"https:\/\/www.mavihaber.com.tr\/?p=497#article","isPartOf":{"@id":"https:\/\/www.mavihaber.com.tr\/?p=497"},"author":{"name":"MAV\u0130 HABER","@id":"https:\/\/www.mavihaber.com.tr\/#\/schema\/person\/6b483c36decdaf2ea80ccc7e00592ec5"},"headline":"Hekim ve Sa\u011fl\u0131k \u00c7al\u0131\u015fanlar\u0131 2 G\u00fcn \u0130\u015f B\u0131rakt\u0131","datePublished":"2022-02-17T12:28:33+00:00","mainEntityOfPage":{"@id":"https:\/\/www.mavihaber.com.tr\/?p=497"},"wordCount":687,"commentCount":0,"publisher":{"@id":"https:\/\/www.mavihaber.com.tr\/#organization"},"image":{"@id":"https:\/\/www.mavihaber.com.tr\/?p=497#primaryimage"},"thumbnailUrl":"http:\/\/www.mavihaber.com.tr\/wp-content\/uploads\/2022\/02\/Saglikcilar-Is-Birakti-2-300x181.jpg","articleSection":["Ekonomi","G\u00fcndem","Sa\u011fl\u0131k","Siyaset"],"inLanguage":"tr","potentialAction":[{"@type":"CommentAction","name":"Comment","target":["https:\/\/www.mavihaber.com.tr\/?p=497#respond"]}]},{"@type":"WebPage","@id":"https:\/\/www.mavihaber.com.tr\/?p=497","url":"https:\/\/www.mavihaber.com.tr\/?p=497","name":"Hekim ve Sa\u011fl\u0131k \u00c7al\u0131\u015fanlar\u0131 2 G\u00fcn \u0130\u015f B\u0131rakt\u0131 - MAV\u0130 HABER","isPartOf":{"@id":"https:\/\/www.mavihaber.com.tr\/#website"},"primaryImageOfPage":{"@id":"https:\/\/www.mavihaber.com.tr\/?p=497#primaryimage"},"image":{"@id":"https:\/\/www.mavihaber.com.tr\/?p=497#primaryimage"},"thumbnailUrl":"http:\/\/www.mavihaber.com.tr\/wp-content\/uploads\/2022\/02\/Saglikcilar-Is-Birakti-2-300x181.jpg","datePublished":"2022-02-17T12:28:33+00:00","breadcrumb":{"@id":"https:\/\/www.mavihaber.com.tr\/?p=497#breadcrumb"},"inLanguage":"tr","potentialAction":[{"@type":"ReadAction","target":["https:\/\/www.mavihaber.com.tr\/?p=497"]}]},{"@type":"ImageObject","inLanguage":"tr","@id":"https:\/\/www.mavihaber.com.tr\/?p=497#primaryimage","url":"","contentUrl":""},{"@type":"BreadcrumbList","@id":"https:\/\/www.mavihaber.com.tr\/?p=497#breadcrumb","itemListElement":[{"@type":"ListItem","position":1,"name":"Anasayfa","item":"https:\/\/www.mavihaber.com.tr\/"},{"@type":"ListItem","position":2,"name":"Hekim ve Sa\u011fl\u0131k \u00c7al\u0131\u015fanlar\u0131 2 G\u00fcn \u0130\u015f B\u0131rakt\u0131"}]},{"@type":"WebSite","@id":"https:\/\/www.mavihaber.com.tr\/#website","url":"https:\/\/www.mavihaber.com.tr\/","name":"MAV\u0130 HABER","description":"S&Ouml;Z U&Ccedil;AR YAZI KALIR","publisher":{"@id":"https:\/\/www.mavihaber.com.tr\/#organization"},"potentialAction":[{"@type":"SearchAction","target":{"@type":"EntryPoint","urlTemplate":"https:\/\/www.mavihaber.com.tr\/?s={search_term_string}"},"query-input":{"@type":"PropertyValueSpecification","valueRequired":true,"valueName":"search_term_string"}}],"inLanguage":"tr"},{"@type":"Organization","@id":"https:\/\/www.mavihaber.com.tr\/#organization","name":"MAV\u0130 HABER","url":"https:\/\/www.mavihaber.com.tr\/","logo":{"@type":"ImageObject","inLanguage":"tr","@id":"https:\/\/www.mavihaber.com.tr\/#\/schema\/logo\/image\/","url":"http:\/\/www.mavihaber.com.tr\/wp-content\/uploads\/2022\/02\/mavi-logo.png","contentUrl":"http:\/\/www.mavihaber.com.tr\/wp-content\/uploads\/2022\/02\/mavi-logo.png","width":301,"height":81,"caption":"MAV\u0130 HABER"},"image":{"@id":"https:\/\/www.mavihaber.com.tr\/#\/schema\/logo\/image\/"},"sameAs":["https:\/\/www.facebook.com\/ceyhan.mavi.142\/","https:\/\/x.com\/ceyhanmavihaber","https:\/\/www.instagram.com\/ceyhanmavihaber\/","https:\/\/www.youtube.com\/channel\/UCJQ-0-AFgj2GjI269QDUwNw"]},{"@type":"Person","@id":"https:\/\/www.mavihaber.com.tr\/#\/schema\/person\/6b483c36decdaf2ea80ccc7e00592ec5","name":"MAV\u0130 HABER","image":{"@type":"ImageObject","inLanguage":"tr","@id":"https:\/\/secure.gravatar.com\/avatar\/8ec447ff07537b3472bb74c7b4212a4d84d9e722e01a066cab36264a08dd2a23?s=96&d=mm&r=g","url":"https:\/\/secure.gravatar.com\/avatar\/8ec447ff07537b3472bb74c7b4212a4d84d9e722e01a066cab36264a08dd2a23?s=96&d=mm&r=g","contentUrl":"https:\/\/secure.gravatar.com\/avatar\/8ec447ff07537b3472bb74c7b4212a4d84d9e722e01a066cab36264a08dd2a23?s=96&d=mm&r=g","caption":"MAV\u0130 HABER"},"sameAs":["http:\/\/www.mavihaber.com.tr"],"url":"https:\/\/www.mavihaber.com.tr\/?author=1"}]}},"views":453,"_links":{"self":[{"href":"https:\/\/www.mavihaber.com.tr\/index.php?rest_route=\/wp\/v2\/posts\/497","targetHints":{"allow":["GET"]}}],"collection":[{"href":"https:\/\/www.mavihaber.com.tr\/index.php?rest_route=\/wp\/v2\/posts"}],"about":[{"href":"https:\/\/www.mavihaber.com.tr\/index.php?rest_route=\/wp\/v2\/types\/post"}],"author":[{"embeddable":true,"href":"https:\/\/www.mavihaber.com.tr\/index.php?rest_route=\/wp\/v2\/users\/1"}],"replies":[{"embeddable":true,"href":"https:\/\/www.mavihaber.com.tr\/index.php?rest_route=%2Fwp%2Fv2%2Fcomments&post=497"}],"version-history":[{"count":1,"href":"https:\/\/www.mavihaber.com.tr\/index.php?rest_route=\/wp\/v2\/posts\/497\/revisions"}],"predecessor-version":[{"id":506,"href":"https:\/\/www.mavihaber.com.tr\/index.php?rest_route=\/wp\/v2\/posts\/497\/revisions\/506"}],"wp:attachment":[{"href":"https:\/\/www.mavihaber.com.tr\/index.php?rest_route=%2Fwp%2Fv2%2Fmedia&parent=497"}],"wp:term":[{"taxonomy":"category","embeddable":true,"href":"https:\/\/www.mavihaber.com.tr\/index.php?rest_route=%2Fwp%2Fv2%2Fcategories&post=497"},{"taxonomy":"post_tag","embeddable":true,"href":"https:\/\/www.mavihaber.com.tr\/index.php?rest_route=%2Fwp%2Fv2%2Ftags&post=497"}],"curies":[{"name":"wp","href":"https:\/\/api.w.org\/{rel}","templated":true}]}}