{"id":537,"date":"2022-02-18T12:25:11","date_gmt":"2022-02-18T12:25:11","guid":{"rendered":"http:\/\/www.mavihaber.com.tr\/?p=537"},"modified":"2022-02-18T12:27:07","modified_gmt":"2022-02-18T12:27:07","slug":"537","status":"publish","type":"post","link":"https:\/\/www.mavihaber.com.tr\/?p=537","title":{"rendered":""},"content":{"rendered":"<p>Sa\u011fl\u0131k \u00e7al\u0131\u015fanlar\u0131na 3600 ek g\u00f6stergede hayal k\u0131r\u0131kl\u0131\u011f\u0131 ya\u015fatmay\u0131n!<\/p>\n<p>Anadolu Sa\u011fl\u0131k Sen Genel Ba\u015fkan\u0131 Necip Ta\u015fk\u0131n, \u00e7al\u0131\u015fmalar\u0131 devam eden 3600 ek g\u00f6stergede sa\u011fl\u0131k \u00e7al\u0131\u015fanlar\u0131na hayal k\u0131r\u0131kl\u0131\u011f\u0131 ya\u015fat\u0131lmamas\u0131n\u0131 istedi.<\/p>\n<p>Cumhurba\u015fkan\u0131\u2019n\u0131n \u00f6\u011fretmen, polis, hem\u015fire ve din g\u00f6revlilerine verilece\u011fini a\u00e7\u0131klad\u0131\u011f\u0131 3600 ek g\u00f6sterge kapsam\u0131n\u0131n geni\u015fletilmeyerek a\u00e7\u0131kland\u0131\u011f\u0131 \u015fekliyle 6. D\u00f6nem Toplu S\u00f6zle\u015fme g\u00f6r\u00fc\u015fmelerinde s\u00f6zle\u015fme maddesi haline getirilmesinin tarihi bir hata oldu\u011funa dikkat \u00e7eken Ta\u015fk\u0131n, 3600 ek g\u00f6stergenin sadece d\u00f6rt meslek grubuna verilmesi halinde \u00e7al\u0131\u015fma bar\u0131\u015f\u0131n\u0131n bozulaca\u011f\u0131n\u0131 belirterek, bunu dikkate almayan ve bu hatay\u0131 yapan yetkilileri memurlar\u0131n affetmeyece\u011fini s\u00f6yledi.<\/p>\n<p>\u00c7al\u0131\u015fma ve Sosyal G\u00fcvenlik Bakanl\u0131\u011f\u0131&#8217;ndan yap\u0131lan a\u00e7\u0131klamada 3600 ek g\u00f6sterge \u00e7al\u0131\u015fmalar\u0131n\u0131n haziran ay\u0131nda Meclis\u2019e getirilece\u011finin anla\u015f\u0131ld\u0131\u011f\u0131n\u0131 s\u00f6yleyen Ta\u015fk\u0131n, 3600 ek g\u00f6stergenin kapsam\u0131n\u0131n geni\u015fletilmesi gerekti\u011fine vurgu yapt\u0131.<\/p>\n<p>3600 ek g\u00f6stergenin memur ve memur emeklileri i\u00e7in \u00f6nemine ve gereklili\u011fine dikkat \u00e7eken Necip Ta\u015fk\u0131n, a\u00e7\u0131klamas\u0131nda \u015fu ifadelere yer verdi:<\/p>\n<p>\u201c3600 ek g\u00f6sterge i\u00e7in Say\u0131n Cumhurba\u015fkan\u0131\u2019n\u0131n a\u00e7\u0131klad\u0131\u011f\u0131 d\u00f6rt meslek grubuna daha sonra idareci olan ve bu pozisyondan emekli olanlarda dahil edildi. \u00d6zellikle sa\u011fl\u0131k te\u015fkilatlar\u0131nda hem\u015fire d\u0131\u015f\u0131nda \u00e7al\u0131\u015fan 38 bran\u015ftaki sa\u011fl\u0131k \u00e7al\u0131\u015fanlar\u0131n\u0131n durumu ne olacak? Sadece d\u00f6rt meslek, idareci pozisyonunda \u00e7al\u0131\u015fanlara ek g\u00f6sterge d\u00fczenlemesi yap\u0131lmas\u0131 hem adalete g\u00f6lge d\u00fc\u015f\u00fcr\u00fcr, hem \u00e7al\u0131\u015fma bar\u0131\u015f\u0131n\u0131 bozar, hem de \u00fccret dengesizli\u011fini art\u0131rarak b\u00fcy\u00fck bir u\u00e7urum olu\u015fturur!<\/p>\n<p>3600 ek g\u00f6sterge memurun ikramiye ve maa\u015flar\u0131nda %20-25 oran\u0131nda art\u0131\u015f sa\u011flayacak. 2 milyon memur ve memur emeklisinin bekledi\u011fi 3600 ek g\u00f6sterge, \u00f6zellikle ekonomik olarak y\u0131pranan ve zor \u015fartlarda ya\u015famaya \u00e7al\u0131\u015fan dar ve sabit gelirli memur ve memur emeklileri i\u00e7in b\u00fcy\u00fck \u00f6nem arz ediyor. Zira memur emeklilerinde 700-800 lira aras\u0131nda bir art\u0131\u015f meydana getirecektir ki bu da emeklinin ya\u015fam \u015fartlar\u0131n\u0131n iyile\u015ftirilmesi a\u00e7\u0131s\u0131ndan son derece \u00f6nemlidir. Bu nedenle bunun kapsam\u0131 geni\u015fletilmelidir. Kapsam\u0131n geni\u015fletilmesi halinde halen g\u00f6rev yapan memurun hem \u00fccretinde, hem de emekli maa\u015f\u0131nda \u00f6nemli bir art\u0131\u015f olaca\u011f\u0131 gibi ayn\u0131 zamanda kamuda y\u00fckselmenin de \u00f6n\u00fcn\u00fc a\u00e7acakt\u0131r.<\/p>\n<p>Sosyal hukuk devleti ve Anayasa\u2019n\u0131n gere\u011fi olarak devlet, \u00e7al\u0131\u015fanlar\u0131na ve emeklilerine insanca ya\u015fayaca\u011f\u0131 ko\u015fullar\u0131 sa\u011flamak zorundad\u0131r. 3600 ek g\u00f6sterge kapsam\u0131n\u0131n geni\u015fletilerek t\u00fcm \u00e7al\u0131\u015fanlar\u0131 ve emeklilerini kapsayacak \u015fekilde d\u00fczenlenmesi halinde memurun ayl\u0131k maa\u015f\u0131, alaca\u011f\u0131 maa\u015f zamm\u0131, emekli olduktan sonra alaca\u011f\u0131 emekli ikramiyesi ve ayl\u0131\u011f\u0131nda olumlu art\u0131\u015f olacak ve insanca ya\u015fayabilece\u011fi bir seviyeye gelmi\u015f olacakt\u0131r. Bu nedenlerle Say\u0131n yetkililerin bunlar\u0131 dikkate alarak d\u00fczenleme yapmalar\u0131n\u0131n \u00f6nemini bir kez daha hat\u0131rlatmak istiyorum.\u201d<\/p>\n","protected":false},"excerpt":{"rendered":"<p>Sa\u011fl\u0131k \u00e7al\u0131\u015fanlar\u0131na 3600 ek g\u00f6stergede hayal k\u0131r\u0131kl\u0131\u011f\u0131 ya\u015fatmay\u0131n! Anadolu Sa\u011fl\u0131k Sen Genel Ba\u015fkan\u0131 Necip Ta\u015fk\u0131n, \u00e7al\u0131\u015fmalar\u0131 devam eden 3600 ek<\/p>\n","protected":false},"author":1,"featured_media":0,"comment_status":"open","ping_status":"open","sticky":false,"template":"","format":"standard","meta":{"footnotes":""},"categories":[8,10,12,14],"tags":[],"class_list":["post-537","post","type-post","status-publish","format-standard","hentry","category-ekonomi","category-gundem","category-saglik","category-son-dakika"],"yoast_head":"<!-- This site is optimized with the Yoast SEO plugin v28.2 - https:\/\/yoast.com\/product\/yoast-seo-wordpress\/ -->\n<title>- MAV\u0130 HABER<\/title>\n<meta name=\"robots\" content=\"index, follow, max-snippet:-1, max-image-preview:large, max-video-preview:-1\" \/>\n<link rel=\"canonical\" href=\"https:\/\/www.mavihaber.com.tr\/?p=537\" \/>\n<meta property=\"og:locale\" content=\"tr_TR\" \/>\n<meta property=\"og:type\" content=\"article\" \/>\n<meta property=\"og:title\" content=\"- MAV\u0130 HABER\" \/>\n<meta property=\"og:description\" content=\"Sa\u011fl\u0131k \u00e7al\u0131\u015fanlar\u0131na 3600 ek g\u00f6stergede hayal k\u0131r\u0131kl\u0131\u011f\u0131 ya\u015fatmay\u0131n! Anadolu Sa\u011fl\u0131k Sen Genel Ba\u015fkan\u0131 Necip Ta\u015fk\u0131n, \u00e7al\u0131\u015fmalar\u0131 devam eden 3600 ek\" \/>\n<meta property=\"og:url\" content=\"https:\/\/www.mavihaber.com.tr\/?p=537\" \/>\n<meta property=\"og:site_name\" content=\"MAV\u0130 HABER\" \/>\n<meta property=\"article:publisher\" content=\"https:\/\/www.facebook.com\/ceyhan.mavi.142\/\" \/>\n<meta property=\"article:published_time\" content=\"2022-02-18T12:25:11+00:00\" \/>\n<meta property=\"article:modified_time\" content=\"2022-02-18T12:27:07+00:00\" \/>\n<meta name=\"author\" content=\"MAV\u0130 HABER\" \/>\n<meta name=\"twitter:card\" content=\"summary_large_image\" \/>\n<meta name=\"twitter:creator\" content=\"@ceyhanmavihaber\" \/>\n<meta name=\"twitter:site\" content=\"@ceyhanmavihaber\" \/>\n<meta name=\"twitter:label1\" content=\"Yazan:\" \/>\n\t<meta name=\"twitter:data1\" content=\"MAV\u0130 HABER\" \/>\n\t<meta name=\"twitter:label2\" content=\"Tahmini okuma s\u00fcresi\" \/>\n\t<meta name=\"twitter:data2\" content=\"3 dakika\" \/>\n<script type=\"application\/ld+json\" class=\"yoast-schema-graph\">{\"@context\":\"https:\\\/\\\/schema.org\",\"@graph\":[{\"@type\":\"Article\",\"@id\":\"https:\\\/\\\/www.mavihaber.com.tr\\\/?p=537#article\",\"isPartOf\":{\"@id\":\"https:\\\/\\\/www.mavihaber.com.tr\\\/?p=537\"},\"author\":{\"name\":\"MAV\u0130 HABER\",\"@id\":\"https:\\\/\\\/www.mavihaber.com.tr\\\/#\\\/schema\\\/person\\\/6b483c36decdaf2ea80ccc7e00592ec5\"},\"headline\":\"Ba\u015fl\u0131k yok\",\"datePublished\":\"2022-02-18T12:25:11+00:00\",\"dateModified\":\"2022-02-18T12:27:07+00:00\",\"mainEntityOfPage\":{\"@id\":\"https:\\\/\\\/www.mavihaber.com.tr\\\/?p=537\"},\"wordCount\":515,\"commentCount\":0,\"publisher\":{\"@id\":\"https:\\\/\\\/www.mavihaber.com.tr\\\/#organization\"},\"articleSection\":[\"Ekonomi\",\"G\u00fcndem\",\"Sa\u011fl\u0131k\",\"Son Dakika\"],\"inLanguage\":\"tr\",\"potentialAction\":[{\"@type\":\"CommentAction\",\"name\":\"Comment\",\"target\":[\"https:\\\/\\\/www.mavihaber.com.tr\\\/?p=537#respond\"]}]},{\"@type\":\"WebPage\",\"@id\":\"https:\\\/\\\/www.mavihaber.com.tr\\\/?p=537\",\"url\":\"https:\\\/\\\/www.mavihaber.com.tr\\\/?p=537\",\"name\":\"- MAV\u0130 HABER\",\"isPartOf\":{\"@id\":\"https:\\\/\\\/www.mavihaber.com.tr\\\/#website\"},\"datePublished\":\"2022-02-18T12:25:11+00:00\",\"dateModified\":\"2022-02-18T12:27:07+00:00\",\"inLanguage\":\"tr\",\"potentialAction\":[{\"@type\":\"ReadAction\",\"target\":[\"https:\\\/\\\/www.mavihaber.com.tr\\\/?p=537\"]}]},{\"@type\":\"WebSite\",\"@id\":\"https:\\\/\\\/www.mavihaber.com.tr\\\/#website\",\"url\":\"https:\\\/\\\/www.mavihaber.com.tr\\\/\",\"name\":\"MAV\u0130 HABER\",\"description\":\"S&Ouml;Z U&Ccedil;AR YAZI KALIR\",\"publisher\":{\"@id\":\"https:\\\/\\\/www.mavihaber.com.tr\\\/#organization\"},\"potentialAction\":[{\"@type\":\"SearchAction\",\"target\":{\"@type\":\"EntryPoint\",\"urlTemplate\":\"https:\\\/\\\/www.mavihaber.com.tr\\\/?s={search_term_string}\"},\"query-input\":{\"@type\":\"PropertyValueSpecification\",\"valueRequired\":true,\"valueName\":\"search_term_string\"}}],\"inLanguage\":\"tr\"},{\"@type\":\"Organization\",\"@id\":\"https:\\\/\\\/www.mavihaber.com.tr\\\/#organization\",\"name\":\"MAV\u0130 HABER\",\"url\":\"https:\\\/\\\/www.mavihaber.com.tr\\\/\",\"logo\":{\"@type\":\"ImageObject\",\"inLanguage\":\"tr\",\"@id\":\"https:\\\/\\\/www.mavihaber.com.tr\\\/#\\\/schema\\\/logo\\\/image\\\/\",\"url\":\"http:\\\/\\\/www.mavihaber.com.tr\\\/wp-content\\\/uploads\\\/2022\\\/02\\\/mavi-logo.png\",\"contentUrl\":\"http:\\\/\\\/www.mavihaber.com.tr\\\/wp-content\\\/uploads\\\/2022\\\/02\\\/mavi-logo.png\",\"width\":301,\"height\":81,\"caption\":\"MAV\u0130 HABER\"},\"image\":{\"@id\":\"https:\\\/\\\/www.mavihaber.com.tr\\\/#\\\/schema\\\/logo\\\/image\\\/\"},\"sameAs\":[\"https:\\\/\\\/www.facebook.com\\\/ceyhan.mavi.142\\\/\",\"https:\\\/\\\/x.com\\\/ceyhanmavihaber\",\"https:\\\/\\\/www.instagram.com\\\/ceyhanmavihaber\\\/\",\"https:\\\/\\\/www.youtube.com\\\/channel\\\/UCJQ-0-AFgj2GjI269QDUwNw\"]},{\"@type\":\"Person\",\"@id\":\"https:\\\/\\\/www.mavihaber.com.tr\\\/#\\\/schema\\\/person\\\/6b483c36decdaf2ea80ccc7e00592ec5\",\"name\":\"MAV\u0130 HABER\",\"image\":{\"@type\":\"ImageObject\",\"inLanguage\":\"tr\",\"@id\":\"https:\\\/\\\/secure.gravatar.com\\\/avatar\\\/8ec447ff07537b3472bb74c7b4212a4d84d9e722e01a066cab36264a08dd2a23?s=96&d=mm&r=g\",\"url\":\"https:\\\/\\\/secure.gravatar.com\\\/avatar\\\/8ec447ff07537b3472bb74c7b4212a4d84d9e722e01a066cab36264a08dd2a23?s=96&d=mm&r=g\",\"contentUrl\":\"https:\\\/\\\/secure.gravatar.com\\\/avatar\\\/8ec447ff07537b3472bb74c7b4212a4d84d9e722e01a066cab36264a08dd2a23?s=96&d=mm&r=g\",\"caption\":\"MAV\u0130 HABER\"},\"sameAs\":[\"http:\\\/\\\/www.mavihaber.com.tr\"],\"url\":\"https:\\\/\\\/www.mavihaber.com.tr\\\/?author=1\"}]}<\/script>\n<!-- \/ Yoast SEO plugin. -->","yoast_head_json":{"title":"- MAV\u0130 HABER","robots":{"index":"index","follow":"follow","max-snippet":"max-snippet:-1","max-image-preview":"max-image-preview:large","max-video-preview":"max-video-preview:-1"},"canonical":"https:\/\/www.mavihaber.com.tr\/?p=537","og_locale":"tr_TR","og_type":"article","og_title":"- MAV\u0130 HABER","og_description":"Sa\u011fl\u0131k \u00e7al\u0131\u015fanlar\u0131na 3600 ek g\u00f6stergede hayal k\u0131r\u0131kl\u0131\u011f\u0131 ya\u015fatmay\u0131n! Anadolu Sa\u011fl\u0131k Sen Genel Ba\u015fkan\u0131 Necip Ta\u015fk\u0131n, \u00e7al\u0131\u015fmalar\u0131 devam eden 3600 ek","og_url":"https:\/\/www.mavihaber.com.tr\/?p=537","og_site_name":"MAV\u0130 HABER","article_publisher":"https:\/\/www.facebook.com\/ceyhan.mavi.142\/","article_published_time":"2022-02-18T12:25:11+00:00","article_modified_time":"2022-02-18T12:27:07+00:00","author":"MAV\u0130 HABER","twitter_card":"summary_large_image","twitter_creator":"@ceyhanmavihaber","twitter_site":"@ceyhanmavihaber","twitter_misc":{"Yazan:":"MAV\u0130 HABER","Tahmini okuma s\u00fcresi":"3 dakika"},"schema":{"@context":"https:\/\/schema.org","@graph":[{"@type":"Article","@id":"https:\/\/www.mavihaber.com.tr\/?p=537#article","isPartOf":{"@id":"https:\/\/www.mavihaber.com.tr\/?p=537"},"author":{"name":"MAV\u0130 HABER","@id":"https:\/\/www.mavihaber.com.tr\/#\/schema\/person\/6b483c36decdaf2ea80ccc7e00592ec5"},"headline":"Ba\u015fl\u0131k yok","datePublished":"2022-02-18T12:25:11+00:00","dateModified":"2022-02-18T12:27:07+00:00","mainEntityOfPage":{"@id":"https:\/\/www.mavihaber.com.tr\/?p=537"},"wordCount":515,"commentCount":0,"publisher":{"@id":"https:\/\/www.mavihaber.com.tr\/#organization"},"articleSection":["Ekonomi","G\u00fcndem","Sa\u011fl\u0131k","Son Dakika"],"inLanguage":"tr","potentialAction":[{"@type":"CommentAction","name":"Comment","target":["https:\/\/www.mavihaber.com.tr\/?p=537#respond"]}]},{"@type":"WebPage","@id":"https:\/\/www.mavihaber.com.tr\/?p=537","url":"https:\/\/www.mavihaber.com.tr\/?p=537","name":"- MAV\u0130 HABER","isPartOf":{"@id":"https:\/\/www.mavihaber.com.tr\/#website"},"datePublished":"2022-02-18T12:25:11+00:00","dateModified":"2022-02-18T12:27:07+00:00","inLanguage":"tr","potentialAction":[{"@type":"ReadAction","target":["https:\/\/www.mavihaber.com.tr\/?p=537"]}]},{"@type":"WebSite","@id":"https:\/\/www.mavihaber.com.tr\/#website","url":"https:\/\/www.mavihaber.com.tr\/","name":"MAV\u0130 HABER","description":"S&Ouml;Z U&Ccedil;AR YAZI KALIR","publisher":{"@id":"https:\/\/www.mavihaber.com.tr\/#organization"},"potentialAction":[{"@type":"SearchAction","target":{"@type":"EntryPoint","urlTemplate":"https:\/\/www.mavihaber.com.tr\/?s={search_term_string}"},"query-input":{"@type":"PropertyValueSpecification","valueRequired":true,"valueName":"search_term_string"}}],"inLanguage":"tr"},{"@type":"Organization","@id":"https:\/\/www.mavihaber.com.tr\/#organization","name":"MAV\u0130 HABER","url":"https:\/\/www.mavihaber.com.tr\/","logo":{"@type":"ImageObject","inLanguage":"tr","@id":"https:\/\/www.mavihaber.com.tr\/#\/schema\/logo\/image\/","url":"http:\/\/www.mavihaber.com.tr\/wp-content\/uploads\/2022\/02\/mavi-logo.png","contentUrl":"http:\/\/www.mavihaber.com.tr\/wp-content\/uploads\/2022\/02\/mavi-logo.png","width":301,"height":81,"caption":"MAV\u0130 HABER"},"image":{"@id":"https:\/\/www.mavihaber.com.tr\/#\/schema\/logo\/image\/"},"sameAs":["https:\/\/www.facebook.com\/ceyhan.mavi.142\/","https:\/\/x.com\/ceyhanmavihaber","https:\/\/www.instagram.com\/ceyhanmavihaber\/","https:\/\/www.youtube.com\/channel\/UCJQ-0-AFgj2GjI269QDUwNw"]},{"@type":"Person","@id":"https:\/\/www.mavihaber.com.tr\/#\/schema\/person\/6b483c36decdaf2ea80ccc7e00592ec5","name":"MAV\u0130 HABER","image":{"@type":"ImageObject","inLanguage":"tr","@id":"https:\/\/secure.gravatar.com\/avatar\/8ec447ff07537b3472bb74c7b4212a4d84d9e722e01a066cab36264a08dd2a23?s=96&d=mm&r=g","url":"https:\/\/secure.gravatar.com\/avatar\/8ec447ff07537b3472bb74c7b4212a4d84d9e722e01a066cab36264a08dd2a23?s=96&d=mm&r=g","contentUrl":"https:\/\/secure.gravatar.com\/avatar\/8ec447ff07537b3472bb74c7b4212a4d84d9e722e01a066cab36264a08dd2a23?s=96&d=mm&r=g","caption":"MAV\u0130 HABER"},"sameAs":["http:\/\/www.mavihaber.com.tr"],"url":"https:\/\/www.mavihaber.com.tr\/?author=1"}]}},"views":466,"_links":{"self":[{"href":"https:\/\/www.mavihaber.com.tr\/index.php?rest_route=\/wp\/v2\/posts\/537","targetHints":{"allow":["GET"]}}],"collection":[{"href":"https:\/\/www.mavihaber.com.tr\/index.php?rest_route=\/wp\/v2\/posts"}],"about":[{"href":"https:\/\/www.mavihaber.com.tr\/index.php?rest_route=\/wp\/v2\/types\/post"}],"author":[{"embeddable":true,"href":"https:\/\/www.mavihaber.com.tr\/index.php?rest_route=\/wp\/v2\/users\/1"}],"replies":[{"embeddable":true,"href":"https:\/\/www.mavihaber.com.tr\/index.php?rest_route=%2Fwp%2Fv2%2Fcomments&post=537"}],"version-history":[{"count":1,"href":"https:\/\/www.mavihaber.com.tr\/index.php?rest_route=\/wp\/v2\/posts\/537\/revisions"}],"predecessor-version":[{"id":539,"href":"https:\/\/www.mavihaber.com.tr\/index.php?rest_route=\/wp\/v2\/posts\/537\/revisions\/539"}],"wp:attachment":[{"href":"https:\/\/www.mavihaber.com.tr\/index.php?rest_route=%2Fwp%2Fv2%2Fmedia&parent=537"}],"wp:term":[{"taxonomy":"category","embeddable":true,"href":"https:\/\/www.mavihaber.com.tr\/index.php?rest_route=%2Fwp%2Fv2%2Fcategories&post=537"},{"taxonomy":"post_tag","embeddable":true,"href":"https:\/\/www.mavihaber.com.tr\/index.php?rest_route=%2Fwp%2Fv2%2Ftags&post=537"}],"curies":[{"name":"wp","href":"https:\/\/api.w.org\/{rel}","templated":true}]}}