{"id":552,"date":"2022-02-21T11:20:38","date_gmt":"2022-02-21T11:20:38","guid":{"rendered":"http:\/\/www.mavihaber.com.tr\/?p=552"},"modified":"2022-02-21T11:20:38","modified_gmt":"2022-02-21T11:20:38","slug":"tuyap-kitap-fuarlari-kaldigi-yerden-devam-ediyor","status":"publish","type":"post","link":"https:\/\/www.mavihaber.com.tr\/?p=552","title":{"rendered":"T\u00fcyap kitap fuarlar\u0131 kald\u0131\u011f\u0131 yerden devam ediyor"},"content":{"rendered":"<p>\u00b7 \u00c7ukurova Kitap Fuar\u0131 ile T\u00fcyap kitap fuarlar\u0131 kald\u0131\u011f\u0131 yerden devam ediyor<\/p>\n<p>\u00b7 \u00c7ukurova Kitap Fuar\u0131 onlarca k\u00fclt\u00fcr etkinli\u011fiyle geri d\u00f6nd\u00fc<\/p>\n<p><img loading=\"lazy\" decoding=\"async\" class=\"alignnone size-medium wp-image-553\" src=\"http:\/\/www.mavihaber.com.tr\/wp-content\/uploads\/2022\/02\/MTN_5057-300x200.jpg\" alt=\"\" width=\"300\" height=\"200\" \/><\/p>\n<p>\u0130ki y\u0131ll\u0131k bir aradan sonra T\u00fcyap Adana Fuarc\u0131l\u0131k taraf\u0131ndan T\u00fcrkiye Yay\u0131nc\u0131lar Birli\u011fi i\u015f birli\u011fi ile d\u00fczenlenen \u00c7ukurova 14. Kitap Fuar\u0131, bug\u00fcn itibariyle T\u00fcyap Adana Uluslararas\u0131 Fuar ve Kongre Merkezi\u2019nde kap\u0131lar\u0131n\u0131 a\u00e7t\u0131. Onlarca k\u00fclt\u00fcr etkinli\u011fine sahne olacak Fuar, 27 \u015eubat\u2019a kadar devam edecek.<\/p>\n<p>Okurlar\u0131n T\u00fcyap kitap fuarlar\u0131na olan hasreti \u00c7ukurova Kitap Fuar\u0131 ile sona erdi. Bug\u00fcn itibariyle Adana\u2019da on d\u00f6rd\u00fcnc\u00fc kez kap\u0131lar\u0131n\u0131 a\u00e7an fuar, b\u00f6lgenin sosyal ve k\u00fclt\u00fcrel geli\u015fimine olumlu katk\u0131 sa\u011flamaya devam edecek. \u0130ki y\u0131l aradan sonra geri d\u00f6n\u00fc\u015f\u00fcn heyecan\u0131 ile onlarca k\u00fclt\u00fcr etkinli\u011fi ve imza g\u00fcnleri d\u00fczenlenecek olan fuar, 9 g\u00fcn boyunca ziyaret\u00e7ilerini a\u011f\u0131rlayacak.<\/p>\n<p>\u201cYeniden bulu\u015ftu\u011fumuz i\u00e7in mutluyuz\u201d<\/p>\n<p>\u00c7ukurova 14. Kitap Fuar\u0131\u2019n\u0131n resmi a\u00e7\u0131l\u0131\u015f t\u00f6reninde fuara co\u015fkuyla haz\u0131rland\u0131klar\u0131n\u0131 ifade eden T\u00fcyap Adana Fuarc\u0131l\u0131k Genel M\u00fcd\u00fcr\u00fc \u0130lhan Ers\u00f6zl\u00fc, \u201cFuar\u0131m\u0131z\u0131 on d\u00f6rd\u00fcnc\u00fc kez kitapseverlerin be\u011fenisine sunuyoruz. Hem okurlar\u0131m\u0131zla hem de yazarlar\u0131m\u0131zla yeniden bulu\u015ftu\u011fumuz i\u00e7in mutluyuz. Bug\u00fcn kap\u0131lar\u0131n\u0131 a\u00e7t\u0131\u011f\u0131m\u0131z \u00c7ukurova Kitap Fuar\u0131 bir\u00e7ok k\u00fclt\u00fcr etkinli\u011fi ve imza g\u00fcn\u00fcyle birlikte b\u00f6lgenin k\u00fclt\u00fcrel geli\u015fimi i\u00e7in \u00f6nemli bir platform olarak kar\u015f\u0131m\u0131za \u00e7\u0131k\u0131yor. Ayn\u0131 zamanda iki y\u0131ll\u0131k bir aradan sonra T\u00fcyap kitap fuarlar\u0131n\u0131n bu y\u0131lki ba\u015flang\u0131c\u0131 olan fuar\u0131m\u0131z i\u00e7in t\u00fcm haz\u0131rl\u0131klar\u0131m\u0131z\u0131 co\u015fku ile yapt\u0131k. Kitap fuarlar\u0131m\u0131z\u0131 \u00f6zleyen ziyaret\u00e7ilerimizin beklentilerini \u00fcst d\u00fczeyde kar\u015f\u0131layaca\u011f\u0131m\u0131za inan\u0131yorum. T\u00fcyap Fuarc\u0131l\u0131k Grubu olarak kitap fuarlar\u0131m\u0131zda i\u015f birli\u011fi yapt\u0131\u011f\u0131m\u0131z T\u00fcrkiye Yay\u0131nc\u0131lar Birli\u011fi\u2019ne ve Adana\u2019daki t\u00fcm fuarlar\u0131m\u0131zda desteklerini esirgemeyen Adana Valili\u011fimize, Adana B\u00fcy\u00fck\u015fehir Belediyemize ve \u00c7UFA\u015e\u2019a \u00e7ok te\u015fekk\u00fcr ediyorum\u201d dedi.<\/p>\n<p>Sanata sayg\u0131 duru\u015fu<\/p>\n<p>Okurlar, ilgiyle takip ettikleri yazarlarla bulu\u015fmak i\u00e7in g\u00fcn say\u0131yordu. \u00c7ukurova 14. Kitap Fuar\u0131\u2019nda kitapseverler, kitap fuarlar\u0131n\u0131n simgesi haline gelen s\u00f6yle\u015fi, panel gibi k\u00fclt\u00fcr etkinlikleri ve sab\u0131rs\u0131zl\u0131kla bekledikleri imza g\u00fcnlerinde yazar ve \u00e7izerlerle bulu\u015facak. \u015e\u00fckr\u00fc Erba\u015f\u2019tan Zafer Alg\u00f6z\u2019e, Varol Ya\u015faro\u011flu\u2019ndan Ataol Behramo\u011flu\u2019na kadar bir\u00e7ok usta isim fuarda sevenleriyle beraber olacak. S\u00f6yle\u015filer ve \u015fiir dinletileriyle beraber ziyaret\u00e7iler unutulmaz bir fuar deneyimi ya\u015fayacak. Ayn\u0131 zamanda yak\u0131n zamanda yitirdi\u011fimiz yazar Salih Bolat ve oyuncu Fatma Girik i\u00e7in d\u00fczenlenecek etkinliklerle usta sanat\u00e7\u0131lar i\u00e7in son g\u00f6rev yerine getirilecek. Fuarla ilgili etkinlik program\u0131 ve ayr\u0131nt\u0131l\u0131 bilgiye \u00c7ukurova 14. Kitap Fuar\u0131\u2019n\u0131n www.cukurovakitapfuari.com web sitesinden eri\u015febilecek.<\/p>\n<p>Y\u00fczlerce yay\u0131nevi, binlerce ziyaret\u00e7i<\/p>\n<p><img loading=\"lazy\" decoding=\"async\" class=\"alignnone size-medium wp-image-555\" src=\"http:\/\/www.mavihaber.com.tr\/wp-content\/uploads\/2022\/02\/MTN_5092-1-300x200.jpg\" alt=\"\" width=\"300\" height=\"200\" \/><\/p>\n<p>\u00c7ukurova 14. Kitap Fuar\u0131\u2019nda 300\u2019e yak\u0131n yay\u0131nevi binlerce ziyaret\u00e7iyi a\u011f\u0131rlamaya haz\u0131rlan\u0131yor. Ayr\u0131ca 55 k\u00fclt\u00fcr etkinli\u011fi ve 250\u2019nin \u00fczerinde imza g\u00fcn\u00fc ile bu y\u0131l da \u00c7ukurova Kitap Fuar\u0131, b\u00f6lgenin en b\u00fcy\u00fck kitap fuar\u0131 olmas\u0131ndan ald\u0131\u011f\u0131 g\u00fc\u00e7le unutulmaz bulu\u015fmalara imza atacak. Fuar, sadece Adana\u2019dan de\u011fil, \u00c7ukurova b\u00f6lgesinden de \u00f6nemli ziyaret\u00e7iler a\u011f\u0131rlayacak.<\/p>\n<p>9 g\u00fcn boyunca fuar heyecan\u0131 ya\u015fanacak<\/p>\n<p>&nbsp;<\/p>\n<p>Ziyaret\u00e7iler ve kat\u0131l\u0131mc\u0131lar dokuz g\u00fcn boyunca fuar heyecan\u0131n\u0131 ya\u015fayacak. \u00c7ukurova 14. Kitap Fuar\u0131 19-26 \u015eubat 2022 tarihlerinde 10.00 \u2013 20.00 saatlerinde, son g\u00fcn olan 27 \u015eubat 2022 tarihinde ise 10.00 \u2013 19.00 saatleri aras\u0131nda ziyaret edilebilecek. Fuarda kitaplar, s\u00fcreli yay\u0131nlar, gazete ve dergi yay\u0131nc\u0131l\u0131\u011f\u0131nda faaliyet g\u00f6steren kat\u0131l\u0131mc\u0131lar, medya kurulu\u015flar\u0131 ve yay\u0131n faaliyetinde bulunan \u00f6nemli sivil toplum kurulu\u015flar\u0131 \u00fcr\u00fcnlerini sergileyerek, ziyaret\u00e7ilerle bir araya gelecekler.<\/p>\n<p>\u00d6nce sa\u011fl\u0131k<\/p>\n<p>&nbsp;<\/p>\n<p>Kitaptan mobilyaya, ambalajdan tar\u0131ma kadar d\u00fczenledi\u011fi \u00e7ok say\u0131da fuarla sekt\u00f6r\u00fcn geli\u015fimine y\u00f6n veren T\u00fcyap, her fuarda uygulad\u0131\u011f\u0131 COVID-19 tedbirlerini \u00c7ukurova Kitap Fuar\u0131\u2019nda da titizlikle uygulayacak. Sa\u011fl\u0131k Bakanl\u0131\u011f\u0131 ve TOBB\u2019un hijyen y\u00f6nergelerini g\u00f6zeterek ald\u0131\u011f\u0131 tedbirlerle kat\u0131l\u0131mc\u0131 ve ziyaret\u00e7ilerine temass\u0131z ve sa\u011fl\u0131kl\u0131 fuar ortam\u0131 yaratacak.<\/p>\n<p><img loading=\"lazy\" decoding=\"async\" class=\"alignnone size-medium wp-image-556\" src=\"http:\/\/www.mavihaber.com.tr\/wp-content\/uploads\/2022\/02\/MTN_4679-300x200.jpg\" alt=\"\" width=\"300\" height=\"200\" \/><\/p>\n<p>T\u00dcYAP Hakk\u0131nda: T\u00fcyap, T\u00fcrkiye\u2019nin ilk fuarc\u0131l\u0131k \u015firketi olarak 1979\u2019da B\u00fclent \u00dcnal taraf\u0131ndan kuruldu. T\u00fcrkiye\u2019de fuarc\u0131l\u0131\u011f\u0131n geli\u015fiminin \u00f6nc\u00fcs\u00fc olan T\u00fcyap Fuarc\u0131l\u0131k Grubu kurulu\u015fundan bug\u00fcne kadar yurt i\u00e7inde 1.827, yurt d\u0131\u015f\u0131nda ise 39 \u00fclkede 200 fuar ger\u00e7ekle\u015ftirdi. Geride b\u0131rakt\u0131\u011f\u0131 42 y\u0131lda T\u00fcyap, 127 \u00fclkeden 337 bin 913 firmaya hizmet verdi ve d\u00fczenledi\u011fi fuarlarda 213 \u00fclkeden 67 milyon 133 bin 226 ziyaret\u00e7iyi a\u011f\u0131rlad\u0131. \u00c7in, Rusya ve Afrika\u2019da ilk T\u00fcrk ihra\u00e7 \u00fcr\u00fcnleri fuarlar\u0131n\u0131 organize eden \u015firket, halen y\u0131lda ortalama 10 yurt d\u0131\u015f\u0131 fuara T\u00fcrk milli kat\u0131l\u0131m\u0131 organize ediyor. T\u00fcrkiye\u2019de kendi fuar merkezine sahip tek \u00f6zel sekt\u00f6r fuarc\u0131l\u0131k kurulu\u015fu olan T\u00fcyap, profesyonel kadrosu ve 100\u2019\u00fc a\u015fk\u0131n meslek \u00f6rg\u00fct\u00fc ile uzun vadeli i\u015f birlikleri yaparak, T\u00fcrkiye\u2019de sahip oldu\u011fu ve i\u015fletti\u011fi 6 fuar merkezi ve 4 \u00fclkede sahip oldu\u011fu uluslararas\u0131 ofisi ile d\u00fczenli ihtisas fuarlar\u0131 ger\u00e7ekle\u015ftiriyor. Yeni d\u00f6nemde \u2018ticaret i\u00e7in \u00f6nce sa\u011fl\u0131k\u2019 mottosuyla fuarlar\u0131n\u0131 d\u00fczenleyen T\u00fcyap, T\u00fcrk Standartlar\u0131 Enstit\u00fcs\u00fc\u2019n\u00fcn COVID-19 Hijyen, Enfeksiyon \u00d6nleme ve Kontrol Belgelendirme Program\u0131 \u015fartlar\u0131n\u0131 yerine getirerek TSE COVID-19 G\u00fcvenli Hizmet Belgesi almaya hak kazanan ilk fuarc\u0131l\u0131k \u015firketi olman\u0131n sorumlulu\u011fuyla, dijital olanaklar\u0131n\u0131 da seferber ederek hibrit fuarlar d\u00fczenlemeyi s\u00fcrd\u00fcr\u00fcyor.<\/p>\n","protected":false},"excerpt":{"rendered":"<p>\u00b7 \u00c7ukurova Kitap Fuar\u0131 ile T\u00fcyap kitap fuarlar\u0131 kald\u0131\u011f\u0131 yerden devam ediyor \u00b7 \u00c7ukurova Kitap Fuar\u0131 onlarca k\u00fclt\u00fcr etkinli\u011fiyle geri<\/p>\n","protected":false},"author":1,"featured_media":0,"comment_status":"open","ping_status":"open","sticky":false,"template":"","format":"standard","meta":{"footnotes":""},"categories":[24,10],"tags":[],"class_list":["post-552","post","type-post","status-publish","format-standard","hentry","category-egitim","category-gundem"],"yoast_head":"<!-- This site is optimized with the Yoast SEO plugin v28.2 - https:\/\/yoast.com\/product\/yoast-seo-wordpress\/ -->\n<title>T\u00fcyap kitap fuarlar\u0131 kald\u0131\u011f\u0131 yerden devam ediyor - MAV\u0130 HABER<\/title>\n<meta name=\"robots\" content=\"index, follow, max-snippet:-1, max-image-preview:large, max-video-preview:-1\" \/>\n<link rel=\"canonical\" href=\"https:\/\/www.mavihaber.com.tr\/?p=552\" \/>\n<meta property=\"og:locale\" content=\"tr_TR\" \/>\n<meta property=\"og:type\" content=\"article\" \/>\n<meta property=\"og:title\" content=\"T\u00fcyap kitap fuarlar\u0131 kald\u0131\u011f\u0131 yerden devam ediyor - MAV\u0130 HABER\" \/>\n<meta property=\"og:description\" content=\"\u00b7 \u00c7ukurova Kitap Fuar\u0131 ile T\u00fcyap kitap fuarlar\u0131 kald\u0131\u011f\u0131 yerden devam ediyor \u00b7 \u00c7ukurova Kitap Fuar\u0131 onlarca k\u00fclt\u00fcr etkinli\u011fiyle geri\" \/>\n<meta property=\"og:url\" content=\"https:\/\/www.mavihaber.com.tr\/?p=552\" \/>\n<meta property=\"og:site_name\" content=\"MAV\u0130 HABER\" \/>\n<meta property=\"article:publisher\" content=\"https:\/\/www.facebook.com\/ceyhan.mavi.142\/\" \/>\n<meta property=\"article:published_time\" content=\"2022-02-21T11:20:38+00:00\" \/>\n<meta name=\"author\" content=\"MAV\u0130 HABER\" \/>\n<meta name=\"twitter:card\" content=\"summary_large_image\" \/>\n<meta name=\"twitter:creator\" content=\"@ceyhanmavihaber\" \/>\n<meta name=\"twitter:site\" content=\"@ceyhanmavihaber\" \/>\n<meta name=\"twitter:label1\" content=\"Yazan:\" \/>\n\t<meta name=\"twitter:data1\" content=\"MAV\u0130 HABER\" \/>\n\t<meta name=\"twitter:label2\" content=\"Tahmini okuma s\u00fcresi\" \/>\n\t<meta name=\"twitter:data2\" content=\"5 dakika\" \/>\n<script type=\"application\/ld+json\" class=\"yoast-schema-graph\">{\"@context\":\"https:\\\/\\\/schema.org\",\"@graph\":[{\"@type\":\"Article\",\"@id\":\"https:\\\/\\\/www.mavihaber.com.tr\\\/?p=552#article\",\"isPartOf\":{\"@id\":\"https:\\\/\\\/www.mavihaber.com.tr\\\/?p=552\"},\"author\":{\"name\":\"MAV\u0130 HABER\",\"@id\":\"https:\\\/\\\/www.mavihaber.com.tr\\\/#\\\/schema\\\/person\\\/6b483c36decdaf2ea80ccc7e00592ec5\"},\"headline\":\"T\u00fcyap kitap fuarlar\u0131 kald\u0131\u011f\u0131 yerden devam ediyor\",\"datePublished\":\"2022-02-21T11:20:38+00:00\",\"mainEntityOfPage\":{\"@id\":\"https:\\\/\\\/www.mavihaber.com.tr\\\/?p=552\"},\"wordCount\":1004,\"commentCount\":0,\"publisher\":{\"@id\":\"https:\\\/\\\/www.mavihaber.com.tr\\\/#organization\"},\"image\":{\"@id\":\"https:\\\/\\\/www.mavihaber.com.tr\\\/?p=552#primaryimage\"},\"thumbnailUrl\":\"http:\\\/\\\/www.mavihaber.com.tr\\\/wp-content\\\/uploads\\\/2022\\\/02\\\/MTN_5057-300x200.jpg\",\"articleSection\":[\"E\u011fitim\",\"G\u00fcndem\"],\"inLanguage\":\"tr\",\"potentialAction\":[{\"@type\":\"CommentAction\",\"name\":\"Comment\",\"target\":[\"https:\\\/\\\/www.mavihaber.com.tr\\\/?p=552#respond\"]}]},{\"@type\":\"WebPage\",\"@id\":\"https:\\\/\\\/www.mavihaber.com.tr\\\/?p=552\",\"url\":\"https:\\\/\\\/www.mavihaber.com.tr\\\/?p=552\",\"name\":\"T\u00fcyap kitap fuarlar\u0131 kald\u0131\u011f\u0131 yerden devam ediyor - MAV\u0130 HABER\",\"isPartOf\":{\"@id\":\"https:\\\/\\\/www.mavihaber.com.tr\\\/#website\"},\"primaryImageOfPage\":{\"@id\":\"https:\\\/\\\/www.mavihaber.com.tr\\\/?p=552#primaryimage\"},\"image\":{\"@id\":\"https:\\\/\\\/www.mavihaber.com.tr\\\/?p=552#primaryimage\"},\"thumbnailUrl\":\"http:\\\/\\\/www.mavihaber.com.tr\\\/wp-content\\\/uploads\\\/2022\\\/02\\\/MTN_5057-300x200.jpg\",\"datePublished\":\"2022-02-21T11:20:38+00:00\",\"breadcrumb\":{\"@id\":\"https:\\\/\\\/www.mavihaber.com.tr\\\/?p=552#breadcrumb\"},\"inLanguage\":\"tr\",\"potentialAction\":[{\"@type\":\"ReadAction\",\"target\":[\"https:\\\/\\\/www.mavihaber.com.tr\\\/?p=552\"]}]},{\"@type\":\"ImageObject\",\"inLanguage\":\"tr\",\"@id\":\"https:\\\/\\\/www.mavihaber.com.tr\\\/?p=552#primaryimage\",\"url\":\"\",\"contentUrl\":\"\"},{\"@type\":\"BreadcrumbList\",\"@id\":\"https:\\\/\\\/www.mavihaber.com.tr\\\/?p=552#breadcrumb\",\"itemListElement\":[{\"@type\":\"ListItem\",\"position\":1,\"name\":\"Anasayfa\",\"item\":\"https:\\\/\\\/www.mavihaber.com.tr\\\/\"},{\"@type\":\"ListItem\",\"position\":2,\"name\":\"T\u00fcyap kitap fuarlar\u0131 kald\u0131\u011f\u0131 yerden devam ediyor\"}]},{\"@type\":\"WebSite\",\"@id\":\"https:\\\/\\\/www.mavihaber.com.tr\\\/#website\",\"url\":\"https:\\\/\\\/www.mavihaber.com.tr\\\/\",\"name\":\"MAV\u0130 HABER\",\"description\":\"S&Ouml;Z U&Ccedil;AR YAZI KALIR\",\"publisher\":{\"@id\":\"https:\\\/\\\/www.mavihaber.com.tr\\\/#organization\"},\"potentialAction\":[{\"@type\":\"SearchAction\",\"target\":{\"@type\":\"EntryPoint\",\"urlTemplate\":\"https:\\\/\\\/www.mavihaber.com.tr\\\/?s={search_term_string}\"},\"query-input\":{\"@type\":\"PropertyValueSpecification\",\"valueRequired\":true,\"valueName\":\"search_term_string\"}}],\"inLanguage\":\"tr\"},{\"@type\":\"Organization\",\"@id\":\"https:\\\/\\\/www.mavihaber.com.tr\\\/#organization\",\"name\":\"MAV\u0130 HABER\",\"url\":\"https:\\\/\\\/www.mavihaber.com.tr\\\/\",\"logo\":{\"@type\":\"ImageObject\",\"inLanguage\":\"tr\",\"@id\":\"https:\\\/\\\/www.mavihaber.com.tr\\\/#\\\/schema\\\/logo\\\/image\\\/\",\"url\":\"http:\\\/\\\/www.mavihaber.com.tr\\\/wp-content\\\/uploads\\\/2022\\\/02\\\/mavi-logo.png\",\"contentUrl\":\"http:\\\/\\\/www.mavihaber.com.tr\\\/wp-content\\\/uploads\\\/2022\\\/02\\\/mavi-logo.png\",\"width\":301,\"height\":81,\"caption\":\"MAV\u0130 HABER\"},\"image\":{\"@id\":\"https:\\\/\\\/www.mavihaber.com.tr\\\/#\\\/schema\\\/logo\\\/image\\\/\"},\"sameAs\":[\"https:\\\/\\\/www.facebook.com\\\/ceyhan.mavi.142\\\/\",\"https:\\\/\\\/x.com\\\/ceyhanmavihaber\",\"https:\\\/\\\/www.instagram.com\\\/ceyhanmavihaber\\\/\",\"https:\\\/\\\/www.youtube.com\\\/channel\\\/UCJQ-0-AFgj2GjI269QDUwNw\"]},{\"@type\":\"Person\",\"@id\":\"https:\\\/\\\/www.mavihaber.com.tr\\\/#\\\/schema\\\/person\\\/6b483c36decdaf2ea80ccc7e00592ec5\",\"name\":\"MAV\u0130 HABER\",\"image\":{\"@type\":\"ImageObject\",\"inLanguage\":\"tr\",\"@id\":\"https:\\\/\\\/secure.gravatar.com\\\/avatar\\\/8ec447ff07537b3472bb74c7b4212a4d84d9e722e01a066cab36264a08dd2a23?s=96&d=mm&r=g\",\"url\":\"https:\\\/\\\/secure.gravatar.com\\\/avatar\\\/8ec447ff07537b3472bb74c7b4212a4d84d9e722e01a066cab36264a08dd2a23?s=96&d=mm&r=g\",\"contentUrl\":\"https:\\\/\\\/secure.gravatar.com\\\/avatar\\\/8ec447ff07537b3472bb74c7b4212a4d84d9e722e01a066cab36264a08dd2a23?s=96&d=mm&r=g\",\"caption\":\"MAV\u0130 HABER\"},\"sameAs\":[\"http:\\\/\\\/www.mavihaber.com.tr\"],\"url\":\"https:\\\/\\\/www.mavihaber.com.tr\\\/?author=1\"}]}<\/script>\n<!-- \/ Yoast SEO plugin. -->","yoast_head_json":{"title":"T\u00fcyap kitap fuarlar\u0131 kald\u0131\u011f\u0131 yerden devam ediyor - MAV\u0130 HABER","robots":{"index":"index","follow":"follow","max-snippet":"max-snippet:-1","max-image-preview":"max-image-preview:large","max-video-preview":"max-video-preview:-1"},"canonical":"https:\/\/www.mavihaber.com.tr\/?p=552","og_locale":"tr_TR","og_type":"article","og_title":"T\u00fcyap kitap fuarlar\u0131 kald\u0131\u011f\u0131 yerden devam ediyor - MAV\u0130 HABER","og_description":"\u00b7 \u00c7ukurova Kitap Fuar\u0131 ile T\u00fcyap kitap fuarlar\u0131 kald\u0131\u011f\u0131 yerden devam ediyor \u00b7 \u00c7ukurova Kitap Fuar\u0131 onlarca k\u00fclt\u00fcr etkinli\u011fiyle geri","og_url":"https:\/\/www.mavihaber.com.tr\/?p=552","og_site_name":"MAV\u0130 HABER","article_publisher":"https:\/\/www.facebook.com\/ceyhan.mavi.142\/","article_published_time":"2022-02-21T11:20:38+00:00","author":"MAV\u0130 HABER","twitter_card":"summary_large_image","twitter_creator":"@ceyhanmavihaber","twitter_site":"@ceyhanmavihaber","twitter_misc":{"Yazan:":"MAV\u0130 HABER","Tahmini okuma s\u00fcresi":"5 dakika"},"schema":{"@context":"https:\/\/schema.org","@graph":[{"@type":"Article","@id":"https:\/\/www.mavihaber.com.tr\/?p=552#article","isPartOf":{"@id":"https:\/\/www.mavihaber.com.tr\/?p=552"},"author":{"name":"MAV\u0130 HABER","@id":"https:\/\/www.mavihaber.com.tr\/#\/schema\/person\/6b483c36decdaf2ea80ccc7e00592ec5"},"headline":"T\u00fcyap kitap fuarlar\u0131 kald\u0131\u011f\u0131 yerden devam ediyor","datePublished":"2022-02-21T11:20:38+00:00","mainEntityOfPage":{"@id":"https:\/\/www.mavihaber.com.tr\/?p=552"},"wordCount":1004,"commentCount":0,"publisher":{"@id":"https:\/\/www.mavihaber.com.tr\/#organization"},"image":{"@id":"https:\/\/www.mavihaber.com.tr\/?p=552#primaryimage"},"thumbnailUrl":"http:\/\/www.mavihaber.com.tr\/wp-content\/uploads\/2022\/02\/MTN_5057-300x200.jpg","articleSection":["E\u011fitim","G\u00fcndem"],"inLanguage":"tr","potentialAction":[{"@type":"CommentAction","name":"Comment","target":["https:\/\/www.mavihaber.com.tr\/?p=552#respond"]}]},{"@type":"WebPage","@id":"https:\/\/www.mavihaber.com.tr\/?p=552","url":"https:\/\/www.mavihaber.com.tr\/?p=552","name":"T\u00fcyap kitap fuarlar\u0131 kald\u0131\u011f\u0131 yerden devam ediyor - MAV\u0130 HABER","isPartOf":{"@id":"https:\/\/www.mavihaber.com.tr\/#website"},"primaryImageOfPage":{"@id":"https:\/\/www.mavihaber.com.tr\/?p=552#primaryimage"},"image":{"@id":"https:\/\/www.mavihaber.com.tr\/?p=552#primaryimage"},"thumbnailUrl":"http:\/\/www.mavihaber.com.tr\/wp-content\/uploads\/2022\/02\/MTN_5057-300x200.jpg","datePublished":"2022-02-21T11:20:38+00:00","breadcrumb":{"@id":"https:\/\/www.mavihaber.com.tr\/?p=552#breadcrumb"},"inLanguage":"tr","potentialAction":[{"@type":"ReadAction","target":["https:\/\/www.mavihaber.com.tr\/?p=552"]}]},{"@type":"ImageObject","inLanguage":"tr","@id":"https:\/\/www.mavihaber.com.tr\/?p=552#primaryimage","url":"","contentUrl":""},{"@type":"BreadcrumbList","@id":"https:\/\/www.mavihaber.com.tr\/?p=552#breadcrumb","itemListElement":[{"@type":"ListItem","position":1,"name":"Anasayfa","item":"https:\/\/www.mavihaber.com.tr\/"},{"@type":"ListItem","position":2,"name":"T\u00fcyap kitap fuarlar\u0131 kald\u0131\u011f\u0131 yerden devam ediyor"}]},{"@type":"WebSite","@id":"https:\/\/www.mavihaber.com.tr\/#website","url":"https:\/\/www.mavihaber.com.tr\/","name":"MAV\u0130 HABER","description":"S&Ouml;Z U&Ccedil;AR YAZI KALIR","publisher":{"@id":"https:\/\/www.mavihaber.com.tr\/#organization"},"potentialAction":[{"@type":"SearchAction","target":{"@type":"EntryPoint","urlTemplate":"https:\/\/www.mavihaber.com.tr\/?s={search_term_string}"},"query-input":{"@type":"PropertyValueSpecification","valueRequired":true,"valueName":"search_term_string"}}],"inLanguage":"tr"},{"@type":"Organization","@id":"https:\/\/www.mavihaber.com.tr\/#organization","name":"MAV\u0130 HABER","url":"https:\/\/www.mavihaber.com.tr\/","logo":{"@type":"ImageObject","inLanguage":"tr","@id":"https:\/\/www.mavihaber.com.tr\/#\/schema\/logo\/image\/","url":"http:\/\/www.mavihaber.com.tr\/wp-content\/uploads\/2022\/02\/mavi-logo.png","contentUrl":"http:\/\/www.mavihaber.com.tr\/wp-content\/uploads\/2022\/02\/mavi-logo.png","width":301,"height":81,"caption":"MAV\u0130 HABER"},"image":{"@id":"https:\/\/www.mavihaber.com.tr\/#\/schema\/logo\/image\/"},"sameAs":["https:\/\/www.facebook.com\/ceyhan.mavi.142\/","https:\/\/x.com\/ceyhanmavihaber","https:\/\/www.instagram.com\/ceyhanmavihaber\/","https:\/\/www.youtube.com\/channel\/UCJQ-0-AFgj2GjI269QDUwNw"]},{"@type":"Person","@id":"https:\/\/www.mavihaber.com.tr\/#\/schema\/person\/6b483c36decdaf2ea80ccc7e00592ec5","name":"MAV\u0130 HABER","image":{"@type":"ImageObject","inLanguage":"tr","@id":"https:\/\/secure.gravatar.com\/avatar\/8ec447ff07537b3472bb74c7b4212a4d84d9e722e01a066cab36264a08dd2a23?s=96&d=mm&r=g","url":"https:\/\/secure.gravatar.com\/avatar\/8ec447ff07537b3472bb74c7b4212a4d84d9e722e01a066cab36264a08dd2a23?s=96&d=mm&r=g","contentUrl":"https:\/\/secure.gravatar.com\/avatar\/8ec447ff07537b3472bb74c7b4212a4d84d9e722e01a066cab36264a08dd2a23?s=96&d=mm&r=g","caption":"MAV\u0130 HABER"},"sameAs":["http:\/\/www.mavihaber.com.tr"],"url":"https:\/\/www.mavihaber.com.tr\/?author=1"}]}},"views":350,"_links":{"self":[{"href":"https:\/\/www.mavihaber.com.tr\/index.php?rest_route=\/wp\/v2\/posts\/552","targetHints":{"allow":["GET"]}}],"collection":[{"href":"https:\/\/www.mavihaber.com.tr\/index.php?rest_route=\/wp\/v2\/posts"}],"about":[{"href":"https:\/\/www.mavihaber.com.tr\/index.php?rest_route=\/wp\/v2\/types\/post"}],"author":[{"embeddable":true,"href":"https:\/\/www.mavihaber.com.tr\/index.php?rest_route=\/wp\/v2\/users\/1"}],"replies":[{"embeddable":true,"href":"https:\/\/www.mavihaber.com.tr\/index.php?rest_route=%2Fwp%2Fv2%2Fcomments&post=552"}],"version-history":[{"count":1,"href":"https:\/\/www.mavihaber.com.tr\/index.php?rest_route=\/wp\/v2\/posts\/552\/revisions"}],"predecessor-version":[{"id":558,"href":"https:\/\/www.mavihaber.com.tr\/index.php?rest_route=\/wp\/v2\/posts\/552\/revisions\/558"}],"wp:attachment":[{"href":"https:\/\/www.mavihaber.com.tr\/index.php?rest_route=%2Fwp%2Fv2%2Fmedia&parent=552"}],"wp:term":[{"taxonomy":"category","embeddable":true,"href":"https:\/\/www.mavihaber.com.tr\/index.php?rest_route=%2Fwp%2Fv2%2Fcategories&post=552"},{"taxonomy":"post_tag","embeddable":true,"href":"https:\/\/www.mavihaber.com.tr\/index.php?rest_route=%2Fwp%2Fv2%2Ftags&post=552"}],"curies":[{"name":"wp","href":"https:\/\/api.w.org\/{rel}","templated":true}]}}