{"id":576,"date":"2022-02-21T12:26:22","date_gmt":"2022-02-21T12:26:22","guid":{"rendered":"http:\/\/www.mavihaber.com.tr\/?p=576"},"modified":"2022-02-21T12:26:22","modified_gmt":"2022-02-21T12:26:22","slug":"prof-dr-tuncel-akademisyenlerle-bir-araya-geldi","status":"publish","type":"post","link":"https:\/\/www.mavihaber.com.tr\/?p=576","title":{"rendered":"Prof. Dr. Tuncel, Akademisyenlerle Bir araya Geldi"},"content":{"rendered":"<p>\u00c7ukurova \u00dcniversitesi Rekt\u00f6r\u00fc Prof. Dr. Meryem Tuncel, y\u00fcksekokul ve meslek y\u00fcksekokulu \u00f6\u011fretim elemanlar\u0131yla bir toplant\u0131 yapt\u0131.<\/p>\n<p>Mithat \u00d6zsan Amfisi\u2019nde ger\u00e7ekle\u015fen toplant\u0131ya Rekt\u00f6r Prof. Dr. Meryem Tuncel, Rekt\u00f6r Yard\u0131mc\u0131lar\u0131 Prof. Dr. Hayri Levent Y\u0131lmaz, Prof. Dr. S\u00fcha Berbero\u011flu, Genel Sekreter Dr. Mehmet Cing\u00f6z, y\u00fcksekokul ve meslek y\u00fcksekokulu m\u00fcd\u00fcrleri ile \u00f6\u011fretim elemanlar\u0131 kat\u0131ld\u0131.<\/p>\n<p>Kar\u015f\u0131l\u0131kl\u0131 g\u00f6r\u00fc\u015f al\u0131\u015fveri\u015f \u015feklinde ge\u00e7en toplant\u0131da Rekt\u00f6r Prof. Dr. Meryem Tuncel, \u00c7ukurova \u00dcniversitesinin her ge\u00e7en y\u0131l e\u011fitim-\u00f6\u011fretim, ara\u015ft\u0131rma konular\u0131 ve bilimsel \u00e7al\u0131\u015fmalarda \u00e7\u0131tay\u0131 biraz daha \u00fcste ta\u015f\u0131d\u0131\u011f\u0131na dikkati \u00e7ekti. Prof. Dr. Tuncel, g\u00f6reve geldikleri g\u00fcnden itibaren oldu\u011fu gibi bundan sonra da akademisyenlerin ara\u015ft\u0131rma-geli\u015ftirme projeleri ve yay\u0131nlar\u0131n\u0131n kalitesinin art\u0131r\u0131lmas\u0131 konusunda y\u00f6netim olarak destek vermeye devam edeceklerini s\u00f6yledi.<\/p>\n<p>Toplant\u0131da ayr\u0131ca, \u00c7ukurova \u00dcniversitesinin \u0130htisasla\u015fma ve Misyon Farkl\u0131la\u015fmas\u0131 Projesi kapsam\u0131nda y\u00fcr\u00fct\u00fclecek s\u00fcre\u00e7 ile kalite denetim ve izleme konular\u0131nda akademisyenlere bilgi aktar\u0131ld\u0131. Toplant\u0131 soru-cevap k\u0131sm\u0131yla sona erdi.<\/p>\n<p>\u00c7ukurova \u00dcniversitesi Rekt\u00f6r\u00fc Prof. Dr. Meryem Tuncel, y\u00fcksekokul ve meslek y\u00fcksekokulu \u00f6\u011fretim elemanlar\u0131yla bir toplant\u0131 yapt\u0131.<\/p>\n<p>Mithat \u00d6zsan Amfisi\u2019nde ger\u00e7ekle\u015fen toplant\u0131ya Rekt\u00f6r Prof. Dr. Meryem Tuncel, Rekt\u00f6r Yard\u0131mc\u0131lar\u0131 Prof. Dr. Hayri Levent Y\u0131lmaz, Prof. Dr. S\u00fcha Berbero\u011flu, Genel Sekreter Dr. Mehmet Cing\u00f6z, y\u00fcksekokul ve meslek y\u00fcksekokulu m\u00fcd\u00fcrleri ile \u00f6\u011fretim elemanlar\u0131 kat\u0131ld\u0131.<\/p>\n<p>Kar\u015f\u0131l\u0131kl\u0131 g\u00f6r\u00fc\u015f al\u0131\u015fveri\u015f \u015feklinde ge\u00e7en toplant\u0131da Rekt\u00f6r Prof. Dr. Meryem Tuncel, \u00c7ukurova \u00dcniversitesinin her ge\u00e7en y\u0131l e\u011fitim-\u00f6\u011fretim, ara\u015ft\u0131rma konular\u0131 ve bilimsel \u00e7al\u0131\u015fmalarda \u00e7\u0131tay\u0131 biraz daha \u00fcste ta\u015f\u0131d\u0131\u011f\u0131na dikkati \u00e7ekti. Prof. Dr. Tuncel, g\u00f6reve geldikleri g\u00fcnden itibaren oldu\u011fu gibi bundan sonra da akademisyenlerin ara\u015ft\u0131rma-geli\u015ftirme projeleri ve yay\u0131nlar\u0131n\u0131n kalitesinin art\u0131r\u0131lmas\u0131 konusunda y\u00f6netim olarak destek vermeye devam edeceklerini s\u00f6yledi.<\/p>\n<p>Toplant\u0131da ayr\u0131ca, \u00c7ukurova \u00dcniversitesinin \u0130htisasla\u015fma ve Misyon Farkl\u0131la\u015fmas\u0131 Projesi kapsam\u0131nda y\u00fcr\u00fct\u00fclecek s\u00fcre\u00e7 ile kalite denetim ve izleme konular\u0131nda akademisyenlere bilgi aktar\u0131ld\u0131. Toplant\u0131 soru-cevap k\u0131sm\u0131yla sona erdi.<\/p>\n","protected":false},"excerpt":{"rendered":"<p>\u00c7ukurova \u00dcniversitesi Rekt\u00f6r\u00fc Prof. Dr. Meryem Tuncel, y\u00fcksekokul ve meslek y\u00fcksekokulu \u00f6\u011fretim elemanlar\u0131yla bir toplant\u0131 yapt\u0131. Mithat \u00d6zsan Amfisi\u2019nde ger\u00e7ekle\u015fen<\/p>\n","protected":false},"author":1,"featured_media":0,"comment_status":"open","ping_status":"open","sticky":false,"template":"","format":"standard","meta":{"footnotes":""},"categories":[24],"tags":[],"class_list":["post-576","post","type-post","status-publish","format-standard","hentry","category-egitim"],"yoast_head":"<!-- This site is optimized with the Yoast SEO plugin v28.2 - https:\/\/yoast.com\/product\/yoast-seo-wordpress\/ -->\n<title>Prof. Dr. Tuncel, Akademisyenlerle Bir araya Geldi - MAV\u0130 HABER<\/title>\n<meta name=\"robots\" content=\"index, follow, max-snippet:-1, max-image-preview:large, max-video-preview:-1\" \/>\n<link rel=\"canonical\" href=\"https:\/\/www.mavihaber.com.tr\/?p=576\" \/>\n<meta property=\"og:locale\" content=\"tr_TR\" \/>\n<meta property=\"og:type\" content=\"article\" \/>\n<meta property=\"og:title\" content=\"Prof. Dr. Tuncel, Akademisyenlerle Bir araya Geldi - MAV\u0130 HABER\" \/>\n<meta property=\"og:description\" content=\"\u00c7ukurova \u00dcniversitesi Rekt\u00f6r\u00fc Prof. Dr. Meryem Tuncel, y\u00fcksekokul ve meslek y\u00fcksekokulu \u00f6\u011fretim elemanlar\u0131yla bir toplant\u0131 yapt\u0131. Mithat \u00d6zsan Amfisi\u2019nde ger\u00e7ekle\u015fen\" \/>\n<meta property=\"og:url\" content=\"https:\/\/www.mavihaber.com.tr\/?p=576\" \/>\n<meta property=\"og:site_name\" content=\"MAV\u0130 HABER\" \/>\n<meta property=\"article:publisher\" content=\"https:\/\/www.facebook.com\/ceyhan.mavi.142\/\" \/>\n<meta property=\"article:published_time\" content=\"2022-02-21T12:26:22+00:00\" \/>\n<meta name=\"author\" content=\"MAV\u0130 HABER\" \/>\n<meta name=\"twitter:card\" content=\"summary_large_image\" \/>\n<meta name=\"twitter:creator\" content=\"@ceyhanmavihaber\" \/>\n<meta name=\"twitter:site\" content=\"@ceyhanmavihaber\" \/>\n<meta name=\"twitter:label1\" content=\"Yazan:\" \/>\n\t<meta name=\"twitter:data1\" content=\"MAV\u0130 HABER\" \/>\n\t<meta name=\"twitter:label2\" content=\"Tahmini okuma s\u00fcresi\" \/>\n\t<meta name=\"twitter:data2\" content=\"2 dakika\" \/>\n<script type=\"application\/ld+json\" class=\"yoast-schema-graph\">{\"@context\":\"https:\\\/\\\/schema.org\",\"@graph\":[{\"@type\":\"Article\",\"@id\":\"https:\\\/\\\/www.mavihaber.com.tr\\\/?p=576#article\",\"isPartOf\":{\"@id\":\"https:\\\/\\\/www.mavihaber.com.tr\\\/?p=576\"},\"author\":{\"name\":\"MAV\u0130 HABER\",\"@id\":\"https:\\\/\\\/www.mavihaber.com.tr\\\/#\\\/schema\\\/person\\\/6b483c36decdaf2ea80ccc7e00592ec5\"},\"headline\":\"Prof. Dr. Tuncel, Akademisyenlerle Bir araya Geldi\",\"datePublished\":\"2022-02-21T12:26:22+00:00\",\"mainEntityOfPage\":{\"@id\":\"https:\\\/\\\/www.mavihaber.com.tr\\\/?p=576\"},\"wordCount\":401,\"commentCount\":0,\"publisher\":{\"@id\":\"https:\\\/\\\/www.mavihaber.com.tr\\\/#organization\"},\"articleSection\":[\"E\u011fitim\"],\"inLanguage\":\"tr\",\"potentialAction\":[{\"@type\":\"CommentAction\",\"name\":\"Comment\",\"target\":[\"https:\\\/\\\/www.mavihaber.com.tr\\\/?p=576#respond\"]}]},{\"@type\":\"WebPage\",\"@id\":\"https:\\\/\\\/www.mavihaber.com.tr\\\/?p=576\",\"url\":\"https:\\\/\\\/www.mavihaber.com.tr\\\/?p=576\",\"name\":\"Prof. Dr. Tuncel, Akademisyenlerle Bir araya Geldi - MAV\u0130 HABER\",\"isPartOf\":{\"@id\":\"https:\\\/\\\/www.mavihaber.com.tr\\\/#website\"},\"datePublished\":\"2022-02-21T12:26:22+00:00\",\"breadcrumb\":{\"@id\":\"https:\\\/\\\/www.mavihaber.com.tr\\\/?p=576#breadcrumb\"},\"inLanguage\":\"tr\",\"potentialAction\":[{\"@type\":\"ReadAction\",\"target\":[\"https:\\\/\\\/www.mavihaber.com.tr\\\/?p=576\"]}]},{\"@type\":\"BreadcrumbList\",\"@id\":\"https:\\\/\\\/www.mavihaber.com.tr\\\/?p=576#breadcrumb\",\"itemListElement\":[{\"@type\":\"ListItem\",\"position\":1,\"name\":\"Anasayfa\",\"item\":\"https:\\\/\\\/www.mavihaber.com.tr\\\/\"},{\"@type\":\"ListItem\",\"position\":2,\"name\":\"Prof. Dr. Tuncel, Akademisyenlerle Bir araya Geldi\"}]},{\"@type\":\"WebSite\",\"@id\":\"https:\\\/\\\/www.mavihaber.com.tr\\\/#website\",\"url\":\"https:\\\/\\\/www.mavihaber.com.tr\\\/\",\"name\":\"MAV\u0130 HABER\",\"description\":\"S&Ouml;Z U&Ccedil;AR YAZI KALIR\",\"publisher\":{\"@id\":\"https:\\\/\\\/www.mavihaber.com.tr\\\/#organization\"},\"potentialAction\":[{\"@type\":\"SearchAction\",\"target\":{\"@type\":\"EntryPoint\",\"urlTemplate\":\"https:\\\/\\\/www.mavihaber.com.tr\\\/?s={search_term_string}\"},\"query-input\":{\"@type\":\"PropertyValueSpecification\",\"valueRequired\":true,\"valueName\":\"search_term_string\"}}],\"inLanguage\":\"tr\"},{\"@type\":\"Organization\",\"@id\":\"https:\\\/\\\/www.mavihaber.com.tr\\\/#organization\",\"name\":\"MAV\u0130 HABER\",\"url\":\"https:\\\/\\\/www.mavihaber.com.tr\\\/\",\"logo\":{\"@type\":\"ImageObject\",\"inLanguage\":\"tr\",\"@id\":\"https:\\\/\\\/www.mavihaber.com.tr\\\/#\\\/schema\\\/logo\\\/image\\\/\",\"url\":\"http:\\\/\\\/www.mavihaber.com.tr\\\/wp-content\\\/uploads\\\/2022\\\/02\\\/mavi-logo.png\",\"contentUrl\":\"http:\\\/\\\/www.mavihaber.com.tr\\\/wp-content\\\/uploads\\\/2022\\\/02\\\/mavi-logo.png\",\"width\":301,\"height\":81,\"caption\":\"MAV\u0130 HABER\"},\"image\":{\"@id\":\"https:\\\/\\\/www.mavihaber.com.tr\\\/#\\\/schema\\\/logo\\\/image\\\/\"},\"sameAs\":[\"https:\\\/\\\/www.facebook.com\\\/ceyhan.mavi.142\\\/\",\"https:\\\/\\\/x.com\\\/ceyhanmavihaber\",\"https:\\\/\\\/www.instagram.com\\\/ceyhanmavihaber\\\/\",\"https:\\\/\\\/www.youtube.com\\\/channel\\\/UCJQ-0-AFgj2GjI269QDUwNw\"]},{\"@type\":\"Person\",\"@id\":\"https:\\\/\\\/www.mavihaber.com.tr\\\/#\\\/schema\\\/person\\\/6b483c36decdaf2ea80ccc7e00592ec5\",\"name\":\"MAV\u0130 HABER\",\"image\":{\"@type\":\"ImageObject\",\"inLanguage\":\"tr\",\"@id\":\"https:\\\/\\\/secure.gravatar.com\\\/avatar\\\/8ec447ff07537b3472bb74c7b4212a4d84d9e722e01a066cab36264a08dd2a23?s=96&d=mm&r=g\",\"url\":\"https:\\\/\\\/secure.gravatar.com\\\/avatar\\\/8ec447ff07537b3472bb74c7b4212a4d84d9e722e01a066cab36264a08dd2a23?s=96&d=mm&r=g\",\"contentUrl\":\"https:\\\/\\\/secure.gravatar.com\\\/avatar\\\/8ec447ff07537b3472bb74c7b4212a4d84d9e722e01a066cab36264a08dd2a23?s=96&d=mm&r=g\",\"caption\":\"MAV\u0130 HABER\"},\"sameAs\":[\"http:\\\/\\\/www.mavihaber.com.tr\"],\"url\":\"https:\\\/\\\/www.mavihaber.com.tr\\\/?author=1\"}]}<\/script>\n<!-- \/ Yoast SEO plugin. -->","yoast_head_json":{"title":"Prof. Dr. Tuncel, Akademisyenlerle Bir araya Geldi - MAV\u0130 HABER","robots":{"index":"index","follow":"follow","max-snippet":"max-snippet:-1","max-image-preview":"max-image-preview:large","max-video-preview":"max-video-preview:-1"},"canonical":"https:\/\/www.mavihaber.com.tr\/?p=576","og_locale":"tr_TR","og_type":"article","og_title":"Prof. Dr. Tuncel, Akademisyenlerle Bir araya Geldi - MAV\u0130 HABER","og_description":"\u00c7ukurova \u00dcniversitesi Rekt\u00f6r\u00fc Prof. Dr. Meryem Tuncel, y\u00fcksekokul ve meslek y\u00fcksekokulu \u00f6\u011fretim elemanlar\u0131yla bir toplant\u0131 yapt\u0131. Mithat \u00d6zsan Amfisi\u2019nde ger\u00e7ekle\u015fen","og_url":"https:\/\/www.mavihaber.com.tr\/?p=576","og_site_name":"MAV\u0130 HABER","article_publisher":"https:\/\/www.facebook.com\/ceyhan.mavi.142\/","article_published_time":"2022-02-21T12:26:22+00:00","author":"MAV\u0130 HABER","twitter_card":"summary_large_image","twitter_creator":"@ceyhanmavihaber","twitter_site":"@ceyhanmavihaber","twitter_misc":{"Yazan:":"MAV\u0130 HABER","Tahmini okuma s\u00fcresi":"2 dakika"},"schema":{"@context":"https:\/\/schema.org","@graph":[{"@type":"Article","@id":"https:\/\/www.mavihaber.com.tr\/?p=576#article","isPartOf":{"@id":"https:\/\/www.mavihaber.com.tr\/?p=576"},"author":{"name":"MAV\u0130 HABER","@id":"https:\/\/www.mavihaber.com.tr\/#\/schema\/person\/6b483c36decdaf2ea80ccc7e00592ec5"},"headline":"Prof. Dr. Tuncel, Akademisyenlerle Bir araya Geldi","datePublished":"2022-02-21T12:26:22+00:00","mainEntityOfPage":{"@id":"https:\/\/www.mavihaber.com.tr\/?p=576"},"wordCount":401,"commentCount":0,"publisher":{"@id":"https:\/\/www.mavihaber.com.tr\/#organization"},"articleSection":["E\u011fitim"],"inLanguage":"tr","potentialAction":[{"@type":"CommentAction","name":"Comment","target":["https:\/\/www.mavihaber.com.tr\/?p=576#respond"]}]},{"@type":"WebPage","@id":"https:\/\/www.mavihaber.com.tr\/?p=576","url":"https:\/\/www.mavihaber.com.tr\/?p=576","name":"Prof. Dr. Tuncel, Akademisyenlerle Bir araya Geldi - MAV\u0130 HABER","isPartOf":{"@id":"https:\/\/www.mavihaber.com.tr\/#website"},"datePublished":"2022-02-21T12:26:22+00:00","breadcrumb":{"@id":"https:\/\/www.mavihaber.com.tr\/?p=576#breadcrumb"},"inLanguage":"tr","potentialAction":[{"@type":"ReadAction","target":["https:\/\/www.mavihaber.com.tr\/?p=576"]}]},{"@type":"BreadcrumbList","@id":"https:\/\/www.mavihaber.com.tr\/?p=576#breadcrumb","itemListElement":[{"@type":"ListItem","position":1,"name":"Anasayfa","item":"https:\/\/www.mavihaber.com.tr\/"},{"@type":"ListItem","position":2,"name":"Prof. Dr. Tuncel, Akademisyenlerle Bir araya Geldi"}]},{"@type":"WebSite","@id":"https:\/\/www.mavihaber.com.tr\/#website","url":"https:\/\/www.mavihaber.com.tr\/","name":"MAV\u0130 HABER","description":"S&Ouml;Z U&Ccedil;AR YAZI KALIR","publisher":{"@id":"https:\/\/www.mavihaber.com.tr\/#organization"},"potentialAction":[{"@type":"SearchAction","target":{"@type":"EntryPoint","urlTemplate":"https:\/\/www.mavihaber.com.tr\/?s={search_term_string}"},"query-input":{"@type":"PropertyValueSpecification","valueRequired":true,"valueName":"search_term_string"}}],"inLanguage":"tr"},{"@type":"Organization","@id":"https:\/\/www.mavihaber.com.tr\/#organization","name":"MAV\u0130 HABER","url":"https:\/\/www.mavihaber.com.tr\/","logo":{"@type":"ImageObject","inLanguage":"tr","@id":"https:\/\/www.mavihaber.com.tr\/#\/schema\/logo\/image\/","url":"http:\/\/www.mavihaber.com.tr\/wp-content\/uploads\/2022\/02\/mavi-logo.png","contentUrl":"http:\/\/www.mavihaber.com.tr\/wp-content\/uploads\/2022\/02\/mavi-logo.png","width":301,"height":81,"caption":"MAV\u0130 HABER"},"image":{"@id":"https:\/\/www.mavihaber.com.tr\/#\/schema\/logo\/image\/"},"sameAs":["https:\/\/www.facebook.com\/ceyhan.mavi.142\/","https:\/\/x.com\/ceyhanmavihaber","https:\/\/www.instagram.com\/ceyhanmavihaber\/","https:\/\/www.youtube.com\/channel\/UCJQ-0-AFgj2GjI269QDUwNw"]},{"@type":"Person","@id":"https:\/\/www.mavihaber.com.tr\/#\/schema\/person\/6b483c36decdaf2ea80ccc7e00592ec5","name":"MAV\u0130 HABER","image":{"@type":"ImageObject","inLanguage":"tr","@id":"https:\/\/secure.gravatar.com\/avatar\/8ec447ff07537b3472bb74c7b4212a4d84d9e722e01a066cab36264a08dd2a23?s=96&d=mm&r=g","url":"https:\/\/secure.gravatar.com\/avatar\/8ec447ff07537b3472bb74c7b4212a4d84d9e722e01a066cab36264a08dd2a23?s=96&d=mm&r=g","contentUrl":"https:\/\/secure.gravatar.com\/avatar\/8ec447ff07537b3472bb74c7b4212a4d84d9e722e01a066cab36264a08dd2a23?s=96&d=mm&r=g","caption":"MAV\u0130 HABER"},"sameAs":["http:\/\/www.mavihaber.com.tr"],"url":"https:\/\/www.mavihaber.com.tr\/?author=1"}]}},"views":389,"_links":{"self":[{"href":"https:\/\/www.mavihaber.com.tr\/index.php?rest_route=\/wp\/v2\/posts\/576","targetHints":{"allow":["GET"]}}],"collection":[{"href":"https:\/\/www.mavihaber.com.tr\/index.php?rest_route=\/wp\/v2\/posts"}],"about":[{"href":"https:\/\/www.mavihaber.com.tr\/index.php?rest_route=\/wp\/v2\/types\/post"}],"author":[{"embeddable":true,"href":"https:\/\/www.mavihaber.com.tr\/index.php?rest_route=\/wp\/v2\/users\/1"}],"replies":[{"embeddable":true,"href":"https:\/\/www.mavihaber.com.tr\/index.php?rest_route=%2Fwp%2Fv2%2Fcomments&post=576"}],"version-history":[{"count":1,"href":"https:\/\/www.mavihaber.com.tr\/index.php?rest_route=\/wp\/v2\/posts\/576\/revisions"}],"predecessor-version":[{"id":578,"href":"https:\/\/www.mavihaber.com.tr\/index.php?rest_route=\/wp\/v2\/posts\/576\/revisions\/578"}],"wp:attachment":[{"href":"https:\/\/www.mavihaber.com.tr\/index.php?rest_route=%2Fwp%2Fv2%2Fmedia&parent=576"}],"wp:term":[{"taxonomy":"category","embeddable":true,"href":"https:\/\/www.mavihaber.com.tr\/index.php?rest_route=%2Fwp%2Fv2%2Fcategories&post=576"},{"taxonomy":"post_tag","embeddable":true,"href":"https:\/\/www.mavihaber.com.tr\/index.php?rest_route=%2Fwp%2Fv2%2Ftags&post=576"}],"curies":[{"name":"wp","href":"https:\/\/api.w.org\/{rel}","templated":true}]}}