{"id":614,"date":"2022-02-22T13:42:14","date_gmt":"2022-02-22T13:42:14","guid":{"rendered":"http:\/\/www.mavihaber.com.tr\/?p=614"},"modified":"2022-02-22T13:42:14","modified_gmt":"2022-02-22T13:42:14","slug":"614","status":"publish","type":"post","link":"https:\/\/www.mavihaber.com.tr\/?p=614","title":{"rendered":""},"content":{"rendered":"<p>Gazeteciler Muhtarlara misafir oldu<\/p>\n<p>Adana\u2019n\u0131n Ceyhan il\u00e7esinde Muhtarlar Dernek Ba\u015fkan\u0131 Eren Ula\u015f ile y\u00f6netimi il\u00e7ede faliyet g\u00f6steren yerel ve ulusal bas\u0131n temsilcileriyle bir araya geldi.<\/p>\n<p>Muhtarlar dernek binas\u0131nda her hafta pazartesi g\u00fcnleri il\u00e7edeki farkl\u0131 kurum, kurulu\u015f ve ki\u015fileri konuk eden Ceyhan Muhtarlar Dernek Ba\u015fkan\u0131<br \/>\nEren Ula\u015f, bu hafta gazetecileri konuk etti. Davetlerine icabet eden Ba\u015fkan Ula\u015f, \u201cMuhtarlar\u0131m\u0131z\u0131n her biri \u00e7ok de\u011ferli ve \u00e7al\u0131\u015fkan insanlar. Mahallelerimizin sorunlar\u0131 i\u00e7in her kap\u0131y\u0131 \u00e7al\u0131yoruz. Amirlerimizin yan\u0131 s\u0131ra sivil toplum kurulu\u015flar\u0131m\u0131z\u0131, siyasi parti temsilcilerimizi ayr\u0131m yapmaks\u0131z\u0131n ziyaret ediyor, taleplerimizi iletiyoruz. Ceyhan\u2019a hizmet noktas\u0131nda canla ba\u015fla \u00e7al\u0131\u015f\u0131rken, bizlerin bu hizmetlerini kamuoyuna yans\u0131tan halk\u0131n g\u00f6z\u00fc, kula\u011f\u0131 ve sesi olan gazeteci dostlar\u0131m\u0131zla bir araya gelerek isti\u015fare yapal\u0131m, bir arada olal\u0131m istedik. Bizi yaln\u0131z b\u0131rakmayan bas\u0131n mensubu emek\u00e7ilerin de muhtarlar olarak her zaman yanlar\u0131nda olaca\u011f\u0131z\u201d dedi.<\/p>\n<p>Ceyhan g\u00fcndeminin konu\u015fuldu\u011fu davette, Gazeteciler, Muhtarlar Dernek Ba\u015fkan\u0131 Eren Ula\u015f ve y\u00f6netimine te\u015fekk\u00fcr etti.<\/p>\n","protected":false},"excerpt":{"rendered":"<p>Gazeteciler Muhtarlara misafir oldu Adana\u2019n\u0131n Ceyhan il\u00e7esinde Muhtarlar Dernek Ba\u015fkan\u0131 Eren Ula\u015f ile y\u00f6netimi il\u00e7ede faliyet g\u00f6steren yerel ve ulusal<\/p>\n","protected":false},"author":1,"featured_media":0,"comment_status":"open","ping_status":"open","sticky":false,"template":"","format":"standard","meta":{"footnotes":""},"categories":[10,13],"tags":[],"class_list":["post-614","post","type-post","status-publish","format-standard","hentry","category-gundem","category-siyaset"],"yoast_head":"<!-- This site is optimized with the Yoast SEO plugin v28.2 - https:\/\/yoast.com\/product\/yoast-seo-wordpress\/ -->\n<title>- MAV\u0130 HABER<\/title>\n<meta name=\"robots\" content=\"index, follow, max-snippet:-1, max-image-preview:large, max-video-preview:-1\" \/>\n<link rel=\"canonical\" href=\"https:\/\/www.mavihaber.com.tr\/?p=614\" \/>\n<meta property=\"og:locale\" content=\"tr_TR\" \/>\n<meta property=\"og:type\" content=\"article\" \/>\n<meta property=\"og:title\" content=\"- MAV\u0130 HABER\" \/>\n<meta property=\"og:description\" content=\"Gazeteciler Muhtarlara misafir oldu Adana\u2019n\u0131n Ceyhan il\u00e7esinde Muhtarlar Dernek Ba\u015fkan\u0131 Eren Ula\u015f ile y\u00f6netimi il\u00e7ede faliyet g\u00f6steren yerel ve ulusal\" \/>\n<meta property=\"og:url\" content=\"https:\/\/www.mavihaber.com.tr\/?p=614\" \/>\n<meta property=\"og:site_name\" content=\"MAV\u0130 HABER\" \/>\n<meta property=\"article:publisher\" content=\"https:\/\/www.facebook.com\/ceyhan.mavi.142\/\" \/>\n<meta property=\"article:published_time\" content=\"2022-02-22T13:42:14+00:00\" \/>\n<meta name=\"author\" content=\"MAV\u0130 HABER\" \/>\n<meta name=\"twitter:card\" content=\"summary_large_image\" \/>\n<meta name=\"twitter:creator\" content=\"@ceyhanmavihaber\" \/>\n<meta name=\"twitter:site\" content=\"@ceyhanmavihaber\" \/>\n<meta name=\"twitter:label1\" content=\"Yazan:\" \/>\n\t<meta name=\"twitter:data1\" content=\"MAV\u0130 HABER\" \/>\n\t<meta name=\"twitter:label2\" content=\"Tahmini okuma s\u00fcresi\" \/>\n\t<meta name=\"twitter:data2\" content=\"1 dakika\" \/>\n<script type=\"application\/ld+json\" class=\"yoast-schema-graph\">{\"@context\":\"https:\\\/\\\/schema.org\",\"@graph\":[{\"@type\":\"Article\",\"@id\":\"https:\\\/\\\/www.mavihaber.com.tr\\\/?p=614#article\",\"isPartOf\":{\"@id\":\"https:\\\/\\\/www.mavihaber.com.tr\\\/?p=614\"},\"author\":{\"name\":\"MAV\u0130 HABER\",\"@id\":\"https:\\\/\\\/www.mavihaber.com.tr\\\/#\\\/schema\\\/person\\\/6b483c36decdaf2ea80ccc7e00592ec5\"},\"headline\":\"Ba\u015fl\u0131k yok\",\"datePublished\":\"2022-02-22T13:42:14+00:00\",\"mainEntityOfPage\":{\"@id\":\"https:\\\/\\\/www.mavihaber.com.tr\\\/?p=614\"},\"wordCount\":195,\"commentCount\":0,\"publisher\":{\"@id\":\"https:\\\/\\\/www.mavihaber.com.tr\\\/#organization\"},\"articleSection\":[\"G\u00fcndem\",\"Siyaset\"],\"inLanguage\":\"tr\",\"potentialAction\":[{\"@type\":\"CommentAction\",\"name\":\"Comment\",\"target\":[\"https:\\\/\\\/www.mavihaber.com.tr\\\/?p=614#respond\"]}]},{\"@type\":\"WebPage\",\"@id\":\"https:\\\/\\\/www.mavihaber.com.tr\\\/?p=614\",\"url\":\"https:\\\/\\\/www.mavihaber.com.tr\\\/?p=614\",\"name\":\"- MAV\u0130 HABER\",\"isPartOf\":{\"@id\":\"https:\\\/\\\/www.mavihaber.com.tr\\\/#website\"},\"datePublished\":\"2022-02-22T13:42:14+00:00\",\"inLanguage\":\"tr\",\"potentialAction\":[{\"@type\":\"ReadAction\",\"target\":[\"https:\\\/\\\/www.mavihaber.com.tr\\\/?p=614\"]}]},{\"@type\":\"WebSite\",\"@id\":\"https:\\\/\\\/www.mavihaber.com.tr\\\/#website\",\"url\":\"https:\\\/\\\/www.mavihaber.com.tr\\\/\",\"name\":\"MAV\u0130 HABER\",\"description\":\"S&Ouml;Z U&Ccedil;AR YAZI KALIR\",\"publisher\":{\"@id\":\"https:\\\/\\\/www.mavihaber.com.tr\\\/#organization\"},\"potentialAction\":[{\"@type\":\"SearchAction\",\"target\":{\"@type\":\"EntryPoint\",\"urlTemplate\":\"https:\\\/\\\/www.mavihaber.com.tr\\\/?s={search_term_string}\"},\"query-input\":{\"@type\":\"PropertyValueSpecification\",\"valueRequired\":true,\"valueName\":\"search_term_string\"}}],\"inLanguage\":\"tr\"},{\"@type\":\"Organization\",\"@id\":\"https:\\\/\\\/www.mavihaber.com.tr\\\/#organization\",\"name\":\"MAV\u0130 HABER\",\"url\":\"https:\\\/\\\/www.mavihaber.com.tr\\\/\",\"logo\":{\"@type\":\"ImageObject\",\"inLanguage\":\"tr\",\"@id\":\"https:\\\/\\\/www.mavihaber.com.tr\\\/#\\\/schema\\\/logo\\\/image\\\/\",\"url\":\"http:\\\/\\\/www.mavihaber.com.tr\\\/wp-content\\\/uploads\\\/2022\\\/02\\\/mavi-logo.png\",\"contentUrl\":\"http:\\\/\\\/www.mavihaber.com.tr\\\/wp-content\\\/uploads\\\/2022\\\/02\\\/mavi-logo.png\",\"width\":301,\"height\":81,\"caption\":\"MAV\u0130 HABER\"},\"image\":{\"@id\":\"https:\\\/\\\/www.mavihaber.com.tr\\\/#\\\/schema\\\/logo\\\/image\\\/\"},\"sameAs\":[\"https:\\\/\\\/www.facebook.com\\\/ceyhan.mavi.142\\\/\",\"https:\\\/\\\/x.com\\\/ceyhanmavihaber\",\"https:\\\/\\\/www.instagram.com\\\/ceyhanmavihaber\\\/\",\"https:\\\/\\\/www.youtube.com\\\/channel\\\/UCJQ-0-AFgj2GjI269QDUwNw\"]},{\"@type\":\"Person\",\"@id\":\"https:\\\/\\\/www.mavihaber.com.tr\\\/#\\\/schema\\\/person\\\/6b483c36decdaf2ea80ccc7e00592ec5\",\"name\":\"MAV\u0130 HABER\",\"image\":{\"@type\":\"ImageObject\",\"inLanguage\":\"tr\",\"@id\":\"https:\\\/\\\/secure.gravatar.com\\\/avatar\\\/8ec447ff07537b3472bb74c7b4212a4d84d9e722e01a066cab36264a08dd2a23?s=96&d=mm&r=g\",\"url\":\"https:\\\/\\\/secure.gravatar.com\\\/avatar\\\/8ec447ff07537b3472bb74c7b4212a4d84d9e722e01a066cab36264a08dd2a23?s=96&d=mm&r=g\",\"contentUrl\":\"https:\\\/\\\/secure.gravatar.com\\\/avatar\\\/8ec447ff07537b3472bb74c7b4212a4d84d9e722e01a066cab36264a08dd2a23?s=96&d=mm&r=g\",\"caption\":\"MAV\u0130 HABER\"},\"sameAs\":[\"http:\\\/\\\/www.mavihaber.com.tr\"],\"url\":\"https:\\\/\\\/www.mavihaber.com.tr\\\/?author=1\"}]}<\/script>\n<!-- \/ Yoast SEO plugin. -->","yoast_head_json":{"title":"- MAV\u0130 HABER","robots":{"index":"index","follow":"follow","max-snippet":"max-snippet:-1","max-image-preview":"max-image-preview:large","max-video-preview":"max-video-preview:-1"},"canonical":"https:\/\/www.mavihaber.com.tr\/?p=614","og_locale":"tr_TR","og_type":"article","og_title":"- MAV\u0130 HABER","og_description":"Gazeteciler Muhtarlara misafir oldu Adana\u2019n\u0131n Ceyhan il\u00e7esinde Muhtarlar Dernek Ba\u015fkan\u0131 Eren Ula\u015f ile y\u00f6netimi il\u00e7ede faliyet g\u00f6steren yerel ve ulusal","og_url":"https:\/\/www.mavihaber.com.tr\/?p=614","og_site_name":"MAV\u0130 HABER","article_publisher":"https:\/\/www.facebook.com\/ceyhan.mavi.142\/","article_published_time":"2022-02-22T13:42:14+00:00","author":"MAV\u0130 HABER","twitter_card":"summary_large_image","twitter_creator":"@ceyhanmavihaber","twitter_site":"@ceyhanmavihaber","twitter_misc":{"Yazan:":"MAV\u0130 HABER","Tahmini okuma s\u00fcresi":"1 dakika"},"schema":{"@context":"https:\/\/schema.org","@graph":[{"@type":"Article","@id":"https:\/\/www.mavihaber.com.tr\/?p=614#article","isPartOf":{"@id":"https:\/\/www.mavihaber.com.tr\/?p=614"},"author":{"name":"MAV\u0130 HABER","@id":"https:\/\/www.mavihaber.com.tr\/#\/schema\/person\/6b483c36decdaf2ea80ccc7e00592ec5"},"headline":"Ba\u015fl\u0131k yok","datePublished":"2022-02-22T13:42:14+00:00","mainEntityOfPage":{"@id":"https:\/\/www.mavihaber.com.tr\/?p=614"},"wordCount":195,"commentCount":0,"publisher":{"@id":"https:\/\/www.mavihaber.com.tr\/#organization"},"articleSection":["G\u00fcndem","Siyaset"],"inLanguage":"tr","potentialAction":[{"@type":"CommentAction","name":"Comment","target":["https:\/\/www.mavihaber.com.tr\/?p=614#respond"]}]},{"@type":"WebPage","@id":"https:\/\/www.mavihaber.com.tr\/?p=614","url":"https:\/\/www.mavihaber.com.tr\/?p=614","name":"- MAV\u0130 HABER","isPartOf":{"@id":"https:\/\/www.mavihaber.com.tr\/#website"},"datePublished":"2022-02-22T13:42:14+00:00","inLanguage":"tr","potentialAction":[{"@type":"ReadAction","target":["https:\/\/www.mavihaber.com.tr\/?p=614"]}]},{"@type":"WebSite","@id":"https:\/\/www.mavihaber.com.tr\/#website","url":"https:\/\/www.mavihaber.com.tr\/","name":"MAV\u0130 HABER","description":"S&Ouml;Z U&Ccedil;AR YAZI KALIR","publisher":{"@id":"https:\/\/www.mavihaber.com.tr\/#organization"},"potentialAction":[{"@type":"SearchAction","target":{"@type":"EntryPoint","urlTemplate":"https:\/\/www.mavihaber.com.tr\/?s={search_term_string}"},"query-input":{"@type":"PropertyValueSpecification","valueRequired":true,"valueName":"search_term_string"}}],"inLanguage":"tr"},{"@type":"Organization","@id":"https:\/\/www.mavihaber.com.tr\/#organization","name":"MAV\u0130 HABER","url":"https:\/\/www.mavihaber.com.tr\/","logo":{"@type":"ImageObject","inLanguage":"tr","@id":"https:\/\/www.mavihaber.com.tr\/#\/schema\/logo\/image\/","url":"http:\/\/www.mavihaber.com.tr\/wp-content\/uploads\/2022\/02\/mavi-logo.png","contentUrl":"http:\/\/www.mavihaber.com.tr\/wp-content\/uploads\/2022\/02\/mavi-logo.png","width":301,"height":81,"caption":"MAV\u0130 HABER"},"image":{"@id":"https:\/\/www.mavihaber.com.tr\/#\/schema\/logo\/image\/"},"sameAs":["https:\/\/www.facebook.com\/ceyhan.mavi.142\/","https:\/\/x.com\/ceyhanmavihaber","https:\/\/www.instagram.com\/ceyhanmavihaber\/","https:\/\/www.youtube.com\/channel\/UCJQ-0-AFgj2GjI269QDUwNw"]},{"@type":"Person","@id":"https:\/\/www.mavihaber.com.tr\/#\/schema\/person\/6b483c36decdaf2ea80ccc7e00592ec5","name":"MAV\u0130 HABER","image":{"@type":"ImageObject","inLanguage":"tr","@id":"https:\/\/secure.gravatar.com\/avatar\/8ec447ff07537b3472bb74c7b4212a4d84d9e722e01a066cab36264a08dd2a23?s=96&d=mm&r=g","url":"https:\/\/secure.gravatar.com\/avatar\/8ec447ff07537b3472bb74c7b4212a4d84d9e722e01a066cab36264a08dd2a23?s=96&d=mm&r=g","contentUrl":"https:\/\/secure.gravatar.com\/avatar\/8ec447ff07537b3472bb74c7b4212a4d84d9e722e01a066cab36264a08dd2a23?s=96&d=mm&r=g","caption":"MAV\u0130 HABER"},"sameAs":["http:\/\/www.mavihaber.com.tr"],"url":"https:\/\/www.mavihaber.com.tr\/?author=1"}]}},"views":346,"_links":{"self":[{"href":"https:\/\/www.mavihaber.com.tr\/index.php?rest_route=\/wp\/v2\/posts\/614","targetHints":{"allow":["GET"]}}],"collection":[{"href":"https:\/\/www.mavihaber.com.tr\/index.php?rest_route=\/wp\/v2\/posts"}],"about":[{"href":"https:\/\/www.mavihaber.com.tr\/index.php?rest_route=\/wp\/v2\/types\/post"}],"author":[{"embeddable":true,"href":"https:\/\/www.mavihaber.com.tr\/index.php?rest_route=\/wp\/v2\/users\/1"}],"replies":[{"embeddable":true,"href":"https:\/\/www.mavihaber.com.tr\/index.php?rest_route=%2Fwp%2Fv2%2Fcomments&post=614"}],"version-history":[{"count":1,"href":"https:\/\/www.mavihaber.com.tr\/index.php?rest_route=\/wp\/v2\/posts\/614\/revisions"}],"predecessor-version":[{"id":617,"href":"https:\/\/www.mavihaber.com.tr\/index.php?rest_route=\/wp\/v2\/posts\/614\/revisions\/617"}],"wp:attachment":[{"href":"https:\/\/www.mavihaber.com.tr\/index.php?rest_route=%2Fwp%2Fv2%2Fmedia&parent=614"}],"wp:term":[{"taxonomy":"category","embeddable":true,"href":"https:\/\/www.mavihaber.com.tr\/index.php?rest_route=%2Fwp%2Fv2%2Fcategories&post=614"},{"taxonomy":"post_tag","embeddable":true,"href":"https:\/\/www.mavihaber.com.tr\/index.php?rest_route=%2Fwp%2Fv2%2Ftags&post=614"}],"curies":[{"name":"wp","href":"https:\/\/api.w.org\/{rel}","templated":true}]}}