{"id":633,"date":"2022-02-23T10:06:05","date_gmt":"2022-02-23T10:06:05","guid":{"rendered":"http:\/\/www.mavihaber.com.tr\/?p=633"},"modified":"2022-02-23T10:07:30","modified_gmt":"2022-02-23T10:07:30","slug":"mangal-yuzunden-birbirilerini-vurdular","status":"publish","type":"post","link":"https:\/\/www.mavihaber.com.tr\/?p=633","title":{"rendered":"Mangal y\u00fcz\u00fcnden birbirilerini vurdular"},"content":{"rendered":"<p>MANGAL Y\u00dcZ\u00dcNDEN B\u0130RB\u0130R\u0130LER\u0130N\u0130 VURDULAR.<\/p>\n<p>Olay, 21 \u015eubat g\u00fcn\u00fc saat 12.30 s\u0131ralar\u0131nda \u00c7ukurova il\u00e7esi Toros Mahallesi Mavi Bulvar Caddesi&#8217;nde meydana geldi. Polis ekipleri, silahl\u0131 bir ki\u015finin 34 BSE 159 plakal\u0131 otomobile zorla bindi\u011fi ihbar\u0131 \u00fczerine harekete ge\u00e7ti. Mavi Bulvara giren otomobilin s\u00fcr\u00fcc\u00fcs\u00fcne polis &#8216;dur&#8217; ihtar\u0131nda bulundu. Ancak s\u00fcr\u00fcc\u00fc yoluna devam edince polis ekipleri lastiklere ate\u015f a\u00e7arak otomobili durdurdu. Bu s\u0131rada otomobilden de silah sesleri geldi. Havaya uyar\u0131 ate\u015fi a\u00e7an ekiplerin ablukaya ald\u0131\u011f\u0131 otomobilden Abdullah K. ile s\u00fcr\u00fcc\u00fc Adnan A. yaral\u0131 olarak \u00e7\u0131kar\u0131ld\u0131. Baca\u011f\u0131ndan yaralanan Abdullah K., Adana \u015eehir E\u011fitim ve Ara\u015ft\u0131rma Hastanesi&#8217;ne, karn\u0131ndan ve baca\u011f\u0131ndan yaralanan Adnan A. ise Seyhan Devlet Hastanesi&#8217;ne kald\u0131r\u0131ld\u0131.<\/p>\n<p>OTOMOB\u0130L\u0130NE S\u0130LAHLA B\u0130N\u0130P, S\u00dcRMES\u0130N\u0130 \u0130STEM\u0130\u015e<\/p>\n<p>Hastanedeki tedavisinin ard\u0131ndan taburcu edilen Abdullah K., polis taraf\u0131ndan g\u00f6zalt\u0131na al\u0131nd\u0131. Yap\u0131lan ara\u015ft\u0131rmada, Abdullah K.?nin oturdu\u011fu sitede mangal yakt\u0131\u011f\u0131, bunun \u00fczerine de y\u00f6netici Adnan A.?n\u0131n kendisini uyarmas\u0131 \u00fczerine ikili aras\u0131nda kavga\u00a0 \u00e7\u0131kt\u0131\u011f\u0131 ve birbirlerinden \u015fikayet\u00e7i olduklar\u0131 tespit edildi. Olay g\u00fcn\u00fc Abdullah K.&#8217;nin elindeki t\u00fcfekle Adnan A.&#8217;n\u0131n\u00a0 kulland\u0131\u011f\u0131 park halindeki otomobile binip, arac\u0131 s\u00fcrmesini istedi\u011fi, yolda da olay\u0131n ya\u015fand\u0131\u011f\u0131 bildirildi.<\/p>\n<p>TUTUKLANDI<\/p>\n<p>Emniyete g\u00f6t\u00fcr\u00fclen Abdullah K. ifadesinde, Adnan A.?nin otomobiline bindi\u011fini, bu s\u0131rada aralar\u0131nda tart\u0131\u015fma \u00e7\u0131kt\u0131\u011f\u0131n\u0131 belirterek, &#8216;Pompal\u0131 t\u00fcfe\u011fi elimden al\u0131p, bana ate\u015f etti. Arbede \u00e7\u0131k\u0131nca ben de silahl\u0131 al\u0131p Adnan A.&#8217;y\u0131 yaralad\u0131m&#8217; dedi.<\/p>\n<p>\u0130\u015flemlerinin ard\u0131ndan sevk edildi\u011fi adliyede mahkemeye \u00e7\u0131kar\u0131lan Abdullah K., tutukland\u0131.<\/p>\n","protected":false},"excerpt":{"rendered":"<p>MANGAL Y\u00dcZ\u00dcNDEN B\u0130RB\u0130R\u0130LER\u0130N\u0130 VURDULAR. Olay, 21 \u015eubat g\u00fcn\u00fc saat 12.30 s\u0131ralar\u0131nda \u00c7ukurova il\u00e7esi Toros Mahallesi Mavi Bulvar Caddesi&#8217;nde meydana geldi.<\/p>\n","protected":false},"author":1,"featured_media":0,"comment_status":"open","ping_status":"open","sticky":false,"template":"","format":"standard","meta":{"footnotes":""},"categories":[10],"tags":[],"class_list":["post-633","post","type-post","status-publish","format-standard","hentry","category-gundem"],"yoast_head":"<!-- This site is optimized with the Yoast SEO plugin v28.2 - https:\/\/yoast.com\/product\/yoast-seo-wordpress\/ -->\n<title>Mangal y\u00fcz\u00fcnden birbirilerini vurdular - MAV\u0130 HABER<\/title>\n<meta name=\"robots\" content=\"index, follow, max-snippet:-1, max-image-preview:large, max-video-preview:-1\" \/>\n<link rel=\"canonical\" href=\"https:\/\/www.mavihaber.com.tr\/?p=633\" \/>\n<meta property=\"og:locale\" content=\"tr_TR\" \/>\n<meta property=\"og:type\" content=\"article\" \/>\n<meta property=\"og:title\" content=\"Mangal y\u00fcz\u00fcnden birbirilerini vurdular - MAV\u0130 HABER\" \/>\n<meta property=\"og:description\" content=\"MANGAL Y\u00dcZ\u00dcNDEN B\u0130RB\u0130R\u0130LER\u0130N\u0130 VURDULAR. Olay, 21 \u015eubat g\u00fcn\u00fc saat 12.30 s\u0131ralar\u0131nda \u00c7ukurova il\u00e7esi Toros Mahallesi Mavi Bulvar Caddesi&#8217;nde meydana geldi.\" \/>\n<meta property=\"og:url\" content=\"https:\/\/www.mavihaber.com.tr\/?p=633\" \/>\n<meta property=\"og:site_name\" content=\"MAV\u0130 HABER\" \/>\n<meta property=\"article:publisher\" content=\"https:\/\/www.facebook.com\/ceyhan.mavi.142\/\" \/>\n<meta property=\"article:published_time\" content=\"2022-02-23T10:06:05+00:00\" \/>\n<meta property=\"article:modified_time\" content=\"2022-02-23T10:07:30+00:00\" \/>\n<meta name=\"author\" content=\"MAV\u0130 HABER\" \/>\n<meta name=\"twitter:card\" content=\"summary_large_image\" \/>\n<meta name=\"twitter:creator\" content=\"@ceyhanmavihaber\" \/>\n<meta name=\"twitter:site\" content=\"@ceyhanmavihaber\" \/>\n<meta name=\"twitter:label1\" content=\"Yazan:\" \/>\n\t<meta name=\"twitter:data1\" content=\"MAV\u0130 HABER\" \/>\n\t<meta name=\"twitter:label2\" content=\"Tahmini okuma s\u00fcresi\" \/>\n\t<meta name=\"twitter:data2\" content=\"2 dakika\" \/>\n<script type=\"application\/ld+json\" class=\"yoast-schema-graph\">{\"@context\":\"https:\\\/\\\/schema.org\",\"@graph\":[{\"@type\":\"Article\",\"@id\":\"https:\\\/\\\/www.mavihaber.com.tr\\\/?p=633#article\",\"isPartOf\":{\"@id\":\"https:\\\/\\\/www.mavihaber.com.tr\\\/?p=633\"},\"author\":{\"name\":\"MAV\u0130 HABER\",\"@id\":\"https:\\\/\\\/www.mavihaber.com.tr\\\/#\\\/schema\\\/person\\\/6b483c36decdaf2ea80ccc7e00592ec5\"},\"headline\":\"Mangal y\u00fcz\u00fcnden birbirilerini vurdular\",\"datePublished\":\"2022-02-23T10:06:05+00:00\",\"dateModified\":\"2022-02-23T10:07:30+00:00\",\"mainEntityOfPage\":{\"@id\":\"https:\\\/\\\/www.mavihaber.com.tr\\\/?p=633\"},\"wordCount\":296,\"commentCount\":0,\"publisher\":{\"@id\":\"https:\\\/\\\/www.mavihaber.com.tr\\\/#organization\"},\"articleSection\":[\"G\u00fcndem\"],\"inLanguage\":\"tr\",\"potentialAction\":[{\"@type\":\"CommentAction\",\"name\":\"Comment\",\"target\":[\"https:\\\/\\\/www.mavihaber.com.tr\\\/?p=633#respond\"]}]},{\"@type\":\"WebPage\",\"@id\":\"https:\\\/\\\/www.mavihaber.com.tr\\\/?p=633\",\"url\":\"https:\\\/\\\/www.mavihaber.com.tr\\\/?p=633\",\"name\":\"Mangal y\u00fcz\u00fcnden birbirilerini vurdular - MAV\u0130 HABER\",\"isPartOf\":{\"@id\":\"https:\\\/\\\/www.mavihaber.com.tr\\\/#website\"},\"datePublished\":\"2022-02-23T10:06:05+00:00\",\"dateModified\":\"2022-02-23T10:07:30+00:00\",\"breadcrumb\":{\"@id\":\"https:\\\/\\\/www.mavihaber.com.tr\\\/?p=633#breadcrumb\"},\"inLanguage\":\"tr\",\"potentialAction\":[{\"@type\":\"ReadAction\",\"target\":[\"https:\\\/\\\/www.mavihaber.com.tr\\\/?p=633\"]}]},{\"@type\":\"BreadcrumbList\",\"@id\":\"https:\\\/\\\/www.mavihaber.com.tr\\\/?p=633#breadcrumb\",\"itemListElement\":[{\"@type\":\"ListItem\",\"position\":1,\"name\":\"Anasayfa\",\"item\":\"https:\\\/\\\/www.mavihaber.com.tr\\\/\"},{\"@type\":\"ListItem\",\"position\":2,\"name\":\"Mangal y\u00fcz\u00fcnden birbirilerini vurdular\"}]},{\"@type\":\"WebSite\",\"@id\":\"https:\\\/\\\/www.mavihaber.com.tr\\\/#website\",\"url\":\"https:\\\/\\\/www.mavihaber.com.tr\\\/\",\"name\":\"MAV\u0130 HABER\",\"description\":\"S&Ouml;Z U&Ccedil;AR YAZI KALIR\",\"publisher\":{\"@id\":\"https:\\\/\\\/www.mavihaber.com.tr\\\/#organization\"},\"potentialAction\":[{\"@type\":\"SearchAction\",\"target\":{\"@type\":\"EntryPoint\",\"urlTemplate\":\"https:\\\/\\\/www.mavihaber.com.tr\\\/?s={search_term_string}\"},\"query-input\":{\"@type\":\"PropertyValueSpecification\",\"valueRequired\":true,\"valueName\":\"search_term_string\"}}],\"inLanguage\":\"tr\"},{\"@type\":\"Organization\",\"@id\":\"https:\\\/\\\/www.mavihaber.com.tr\\\/#organization\",\"name\":\"MAV\u0130 HABER\",\"url\":\"https:\\\/\\\/www.mavihaber.com.tr\\\/\",\"logo\":{\"@type\":\"ImageObject\",\"inLanguage\":\"tr\",\"@id\":\"https:\\\/\\\/www.mavihaber.com.tr\\\/#\\\/schema\\\/logo\\\/image\\\/\",\"url\":\"http:\\\/\\\/www.mavihaber.com.tr\\\/wp-content\\\/uploads\\\/2022\\\/02\\\/mavi-logo.png\",\"contentUrl\":\"http:\\\/\\\/www.mavihaber.com.tr\\\/wp-content\\\/uploads\\\/2022\\\/02\\\/mavi-logo.png\",\"width\":301,\"height\":81,\"caption\":\"MAV\u0130 HABER\"},\"image\":{\"@id\":\"https:\\\/\\\/www.mavihaber.com.tr\\\/#\\\/schema\\\/logo\\\/image\\\/\"},\"sameAs\":[\"https:\\\/\\\/www.facebook.com\\\/ceyhan.mavi.142\\\/\",\"https:\\\/\\\/x.com\\\/ceyhanmavihaber\",\"https:\\\/\\\/www.instagram.com\\\/ceyhanmavihaber\\\/\",\"https:\\\/\\\/www.youtube.com\\\/channel\\\/UCJQ-0-AFgj2GjI269QDUwNw\"]},{\"@type\":\"Person\",\"@id\":\"https:\\\/\\\/www.mavihaber.com.tr\\\/#\\\/schema\\\/person\\\/6b483c36decdaf2ea80ccc7e00592ec5\",\"name\":\"MAV\u0130 HABER\",\"image\":{\"@type\":\"ImageObject\",\"inLanguage\":\"tr\",\"@id\":\"https:\\\/\\\/secure.gravatar.com\\\/avatar\\\/8ec447ff07537b3472bb74c7b4212a4d84d9e722e01a066cab36264a08dd2a23?s=96&d=mm&r=g\",\"url\":\"https:\\\/\\\/secure.gravatar.com\\\/avatar\\\/8ec447ff07537b3472bb74c7b4212a4d84d9e722e01a066cab36264a08dd2a23?s=96&d=mm&r=g\",\"contentUrl\":\"https:\\\/\\\/secure.gravatar.com\\\/avatar\\\/8ec447ff07537b3472bb74c7b4212a4d84d9e722e01a066cab36264a08dd2a23?s=96&d=mm&r=g\",\"caption\":\"MAV\u0130 HABER\"},\"sameAs\":[\"http:\\\/\\\/www.mavihaber.com.tr\"],\"url\":\"https:\\\/\\\/www.mavihaber.com.tr\\\/?author=1\"}]}<\/script>\n<!-- \/ Yoast SEO plugin. -->","yoast_head_json":{"title":"Mangal y\u00fcz\u00fcnden birbirilerini vurdular - MAV\u0130 HABER","robots":{"index":"index","follow":"follow","max-snippet":"max-snippet:-1","max-image-preview":"max-image-preview:large","max-video-preview":"max-video-preview:-1"},"canonical":"https:\/\/www.mavihaber.com.tr\/?p=633","og_locale":"tr_TR","og_type":"article","og_title":"Mangal y\u00fcz\u00fcnden birbirilerini vurdular - MAV\u0130 HABER","og_description":"MANGAL Y\u00dcZ\u00dcNDEN B\u0130RB\u0130R\u0130LER\u0130N\u0130 VURDULAR. Olay, 21 \u015eubat g\u00fcn\u00fc saat 12.30 s\u0131ralar\u0131nda \u00c7ukurova il\u00e7esi Toros Mahallesi Mavi Bulvar Caddesi&#8217;nde meydana geldi.","og_url":"https:\/\/www.mavihaber.com.tr\/?p=633","og_site_name":"MAV\u0130 HABER","article_publisher":"https:\/\/www.facebook.com\/ceyhan.mavi.142\/","article_published_time":"2022-02-23T10:06:05+00:00","article_modified_time":"2022-02-23T10:07:30+00:00","author":"MAV\u0130 HABER","twitter_card":"summary_large_image","twitter_creator":"@ceyhanmavihaber","twitter_site":"@ceyhanmavihaber","twitter_misc":{"Yazan:":"MAV\u0130 HABER","Tahmini okuma s\u00fcresi":"2 dakika"},"schema":{"@context":"https:\/\/schema.org","@graph":[{"@type":"Article","@id":"https:\/\/www.mavihaber.com.tr\/?p=633#article","isPartOf":{"@id":"https:\/\/www.mavihaber.com.tr\/?p=633"},"author":{"name":"MAV\u0130 HABER","@id":"https:\/\/www.mavihaber.com.tr\/#\/schema\/person\/6b483c36decdaf2ea80ccc7e00592ec5"},"headline":"Mangal y\u00fcz\u00fcnden birbirilerini vurdular","datePublished":"2022-02-23T10:06:05+00:00","dateModified":"2022-02-23T10:07:30+00:00","mainEntityOfPage":{"@id":"https:\/\/www.mavihaber.com.tr\/?p=633"},"wordCount":296,"commentCount":0,"publisher":{"@id":"https:\/\/www.mavihaber.com.tr\/#organization"},"articleSection":["G\u00fcndem"],"inLanguage":"tr","potentialAction":[{"@type":"CommentAction","name":"Comment","target":["https:\/\/www.mavihaber.com.tr\/?p=633#respond"]}]},{"@type":"WebPage","@id":"https:\/\/www.mavihaber.com.tr\/?p=633","url":"https:\/\/www.mavihaber.com.tr\/?p=633","name":"Mangal y\u00fcz\u00fcnden birbirilerini vurdular - MAV\u0130 HABER","isPartOf":{"@id":"https:\/\/www.mavihaber.com.tr\/#website"},"datePublished":"2022-02-23T10:06:05+00:00","dateModified":"2022-02-23T10:07:30+00:00","breadcrumb":{"@id":"https:\/\/www.mavihaber.com.tr\/?p=633#breadcrumb"},"inLanguage":"tr","potentialAction":[{"@type":"ReadAction","target":["https:\/\/www.mavihaber.com.tr\/?p=633"]}]},{"@type":"BreadcrumbList","@id":"https:\/\/www.mavihaber.com.tr\/?p=633#breadcrumb","itemListElement":[{"@type":"ListItem","position":1,"name":"Anasayfa","item":"https:\/\/www.mavihaber.com.tr\/"},{"@type":"ListItem","position":2,"name":"Mangal y\u00fcz\u00fcnden birbirilerini vurdular"}]},{"@type":"WebSite","@id":"https:\/\/www.mavihaber.com.tr\/#website","url":"https:\/\/www.mavihaber.com.tr\/","name":"MAV\u0130 HABER","description":"S&Ouml;Z U&Ccedil;AR YAZI KALIR","publisher":{"@id":"https:\/\/www.mavihaber.com.tr\/#organization"},"potentialAction":[{"@type":"SearchAction","target":{"@type":"EntryPoint","urlTemplate":"https:\/\/www.mavihaber.com.tr\/?s={search_term_string}"},"query-input":{"@type":"PropertyValueSpecification","valueRequired":true,"valueName":"search_term_string"}}],"inLanguage":"tr"},{"@type":"Organization","@id":"https:\/\/www.mavihaber.com.tr\/#organization","name":"MAV\u0130 HABER","url":"https:\/\/www.mavihaber.com.tr\/","logo":{"@type":"ImageObject","inLanguage":"tr","@id":"https:\/\/www.mavihaber.com.tr\/#\/schema\/logo\/image\/","url":"http:\/\/www.mavihaber.com.tr\/wp-content\/uploads\/2022\/02\/mavi-logo.png","contentUrl":"http:\/\/www.mavihaber.com.tr\/wp-content\/uploads\/2022\/02\/mavi-logo.png","width":301,"height":81,"caption":"MAV\u0130 HABER"},"image":{"@id":"https:\/\/www.mavihaber.com.tr\/#\/schema\/logo\/image\/"},"sameAs":["https:\/\/www.facebook.com\/ceyhan.mavi.142\/","https:\/\/x.com\/ceyhanmavihaber","https:\/\/www.instagram.com\/ceyhanmavihaber\/","https:\/\/www.youtube.com\/channel\/UCJQ-0-AFgj2GjI269QDUwNw"]},{"@type":"Person","@id":"https:\/\/www.mavihaber.com.tr\/#\/schema\/person\/6b483c36decdaf2ea80ccc7e00592ec5","name":"MAV\u0130 HABER","image":{"@type":"ImageObject","inLanguage":"tr","@id":"https:\/\/secure.gravatar.com\/avatar\/8ec447ff07537b3472bb74c7b4212a4d84d9e722e01a066cab36264a08dd2a23?s=96&d=mm&r=g","url":"https:\/\/secure.gravatar.com\/avatar\/8ec447ff07537b3472bb74c7b4212a4d84d9e722e01a066cab36264a08dd2a23?s=96&d=mm&r=g","contentUrl":"https:\/\/secure.gravatar.com\/avatar\/8ec447ff07537b3472bb74c7b4212a4d84d9e722e01a066cab36264a08dd2a23?s=96&d=mm&r=g","caption":"MAV\u0130 HABER"},"sameAs":["http:\/\/www.mavihaber.com.tr"],"url":"https:\/\/www.mavihaber.com.tr\/?author=1"}]}},"views":552,"_links":{"self":[{"href":"https:\/\/www.mavihaber.com.tr\/index.php?rest_route=\/wp\/v2\/posts\/633","targetHints":{"allow":["GET"]}}],"collection":[{"href":"https:\/\/www.mavihaber.com.tr\/index.php?rest_route=\/wp\/v2\/posts"}],"about":[{"href":"https:\/\/www.mavihaber.com.tr\/index.php?rest_route=\/wp\/v2\/types\/post"}],"author":[{"embeddable":true,"href":"https:\/\/www.mavihaber.com.tr\/index.php?rest_route=\/wp\/v2\/users\/1"}],"replies":[{"embeddable":true,"href":"https:\/\/www.mavihaber.com.tr\/index.php?rest_route=%2Fwp%2Fv2%2Fcomments&post=633"}],"version-history":[{"count":2,"href":"https:\/\/www.mavihaber.com.tr\/index.php?rest_route=\/wp\/v2\/posts\/633\/revisions"}],"predecessor-version":[{"id":636,"href":"https:\/\/www.mavihaber.com.tr\/index.php?rest_route=\/wp\/v2\/posts\/633\/revisions\/636"}],"wp:attachment":[{"href":"https:\/\/www.mavihaber.com.tr\/index.php?rest_route=%2Fwp%2Fv2%2Fmedia&parent=633"}],"wp:term":[{"taxonomy":"category","embeddable":true,"href":"https:\/\/www.mavihaber.com.tr\/index.php?rest_route=%2Fwp%2Fv2%2Fcategories&post=633"},{"taxonomy":"post_tag","embeddable":true,"href":"https:\/\/www.mavihaber.com.tr\/index.php?rest_route=%2Fwp%2Fv2%2Ftags&post=633"}],"curies":[{"name":"wp","href":"https:\/\/api.w.org\/{rel}","templated":true}]}}