{"id":640,"date":"2022-02-24T08:31:29","date_gmt":"2022-02-24T08:31:29","guid":{"rendered":"http:\/\/www.mavihaber.com.tr\/?p=640"},"modified":"2022-02-24T08:31:29","modified_gmt":"2022-02-24T08:31:29","slug":"adanada-uyusturucuya-erisim-yasi-12","status":"publish","type":"post","link":"https:\/\/www.mavihaber.com.tr\/?p=640","title":{"rendered":"Adana&#8217;da uyu\u015fturucuya eri\u015fim ya\u015f\u0131 12"},"content":{"rendered":"<p>CHP Adana Milletvekili ve TBMM Kit Komisyonu \u00dcyesi Orhan S\u00fcmer, \u201cA\u00e7\u0131klanan uyu\u015fturucu raporlar\u0131nda Adana\u2019da uyu\u015fturucuya eri\u015fim ya\u015f\u0131n\u0131n 12\u2019ye d\u00fc\u015fmesinin belirlenmesi \u00fczerine konuyla ilgili Ara\u015ft\u0131rma \u00d6nergesi vererek T\u00fcrkiye B\u00fcy\u00fck Millet Meclisini g\u00f6reve \u00e7a\u011f\u0131rd\u0131.<\/p>\n<p>Orhan S\u00fcmer, \u201cUyu\u015fturucu illeti 12 ya\u015f\u0131ndaki \u00e7ocuklar\u0131m\u0131za kadar ula\u015ft\u0131. Art\u0131k neyi bekliyoruz\u201d Dedi.<\/p>\n<p>ADANA\u2019DA UYU\u015eTURUCUYA ER\u0130\u015e\u0130M YA\u015eI 12<\/p>\n<p>Orhan S\u00fcmer, \u201cT\u00fcrkiye\u2019deki on binlerce gen\u00e7 zehir tacirlerinin hedefinde bulunuyor. \u00d6zellikle 18 ya\u015f alt\u0131nda zehir t\u00fcrevlerinin kullan\u0131m\u0131 \u00f6nemli bir sorun olmaya devam ederken, Adana\u2019da yap\u0131lan bir ara\u015ft\u0131rma, uyu\u015fturucu madde kullanma ya\u015f\u0131n\u0131n 12\u2019ye kadar geriledi\u011fini, gen\u00e7lerin metamfetamin tuza\u011f\u0131na d\u00fc\u015ft\u00fcklerini ortaya koydu. Oyun \u00e7a\u011f\u0131ndaki \u00e7ocuklar\u0131m\u0131z\u0131n uyu\u015fturucu tuza\u011f\u0131nda d\u00fc\u015fmemesi i\u00e7in t\u00fcm siyasi ve idari fakt\u00f6rler derhal konuyu hassasiyetle ele almal\u0131d\u0131r.\u201d Dedi<\/p>\n<p>YOKSULLUK MADDE BA\u011eIMLILI\u011eINI ARTTIRIYOR<\/p>\n<p>Orhan S\u00fcmer, \u201cAra\u015ft\u0131rmada madde tuza\u011f\u0131na \u00e7ekilen \u00e7ocuklar\u0131n annelerinin y\u00fczde 94\u2019\u00fcn\u00fcn ev kad\u0131n\u0131, babalar\u0131n\u0131n ise y\u00fczde 20\u2019sinin \u00e7al\u0131\u015fmad\u0131\u011f\u0131 tespit edildi. Her ge\u00e7en g\u00fcn artan yoksullu\u011fun do\u011frudan uyu\u015fturucu kullan\u0131m\u0131n\u0131 artt\u0131rd\u0131\u011f\u0131 su g\u00f6t\u00fcrmez bir ger\u00e7ektir. Art\u0131k b\u00fcfelerde baz\u0131 duyarl\u0131 esnaflar \u00e7akmak gaz\u0131 satmad\u0131klar\u0131n\u0131, gen\u00e7lerin \u00e7akmak gaz\u0131 kullanmaya ba\u015flad\u0131\u011f\u0131n\u0131 dile getirmi\u015ftir. Bu konu sadece \u00fczerinde tedbirler al\u0131narak ge\u00e7i\u015ftirilecek bir konu de\u011fildir. Sorunun temel kayna\u011f\u0131 tespit edilmeli ve acilen \u00e7\u00f6z\u00fcm \u00fcretilmelidir.\u201d Dedi<\/p>\n<p>&nbsp;<\/p>\n<p>\u0130KT\u0130DAR GEN\u00c7LER\u0130N\u0130 BA\u011eIMLILIKLARDAN KORUMAYI UNUTTU<\/p>\n<p>Orhan S\u00fcmer, \u201cAnayasam\u0131z\u0131n 58. maddesinde \u201cDevlet, gen\u00e7leri alkol d\u00fc\u015fk\u00fcnl\u00fc\u011f\u00fcnden, uyu\u015fturucu maddelerden, su\u00e7luluk, kumar ve benzeri k\u00f6t\u00fc al\u0131\u015fkanl\u0131klardan ve cehaletten korumak i\u00e7in gereken tedbirleri al\u0131r.\u201d h\u00fckm\u00fc yer almaktad\u0131r. Ne yaz\u0131k ki bu h\u00fck\u00fcm saray iktidar\u0131 taraf\u0131ndan unutulmu\u015ftur. B\u0131rak\u0131n gen\u00e7li\u011fini korumay\u0131, gen\u00e7lerin gelece\u011fini bile heba eden bir iktidar ile kar\u015f\u0131 kar\u015f\u0131yay\u0131z. Milli Piyango \u00fczerinden sanal kumar oynat\u0131lan, su\u00e7 oran\u0131n\u0131n patlama ya\u015fad\u0131\u011f\u0131, y\u00fcz binlerce \u00f6\u011frencinin yoksulluk y\u00fcz\u00fcnden e\u011fitim hayat\u0131na son verdi\u011fi bu d\u00f6nemin mimar\u0131 Tek Adam Rejimidir.\u201d Dedi<\/p>\n","protected":false},"excerpt":{"rendered":"<p>CHP Adana Milletvekili ve TBMM Kit Komisyonu \u00dcyesi Orhan S\u00fcmer, \u201cA\u00e7\u0131klanan uyu\u015fturucu raporlar\u0131nda Adana\u2019da uyu\u015fturucuya eri\u015fim ya\u015f\u0131n\u0131n 12\u2019ye d\u00fc\u015fmesinin belirlenmesi<\/p>\n","protected":false},"author":1,"featured_media":0,"comment_status":"open","ping_status":"open","sticky":false,"template":"","format":"standard","meta":{"footnotes":""},"categories":[13],"tags":[],"class_list":["post-640","post","type-post","status-publish","format-standard","hentry","category-siyaset"],"yoast_head":"<!-- This site is optimized with the Yoast SEO plugin v28.2 - https:\/\/yoast.com\/product\/yoast-seo-wordpress\/ -->\n<title>Adana&#039;da uyu\u015fturucuya eri\u015fim ya\u015f\u0131 12 - MAV\u0130 HABER<\/title>\n<meta name=\"robots\" content=\"index, follow, max-snippet:-1, max-image-preview:large, max-video-preview:-1\" \/>\n<link rel=\"canonical\" href=\"https:\/\/www.mavihaber.com.tr\/?p=640\" \/>\n<meta property=\"og:locale\" content=\"tr_TR\" \/>\n<meta property=\"og:type\" content=\"article\" \/>\n<meta property=\"og:title\" content=\"Adana&#039;da uyu\u015fturucuya eri\u015fim ya\u015f\u0131 12 - MAV\u0130 HABER\" \/>\n<meta property=\"og:description\" content=\"CHP Adana Milletvekili ve TBMM Kit Komisyonu \u00dcyesi Orhan S\u00fcmer, \u201cA\u00e7\u0131klanan uyu\u015fturucu raporlar\u0131nda Adana\u2019da uyu\u015fturucuya eri\u015fim ya\u015f\u0131n\u0131n 12\u2019ye d\u00fc\u015fmesinin belirlenmesi\" \/>\n<meta property=\"og:url\" content=\"https:\/\/www.mavihaber.com.tr\/?p=640\" \/>\n<meta property=\"og:site_name\" content=\"MAV\u0130 HABER\" \/>\n<meta property=\"article:publisher\" content=\"https:\/\/www.facebook.com\/ceyhan.mavi.142\/\" \/>\n<meta property=\"article:published_time\" content=\"2022-02-24T08:31:29+00:00\" \/>\n<meta name=\"author\" content=\"MAV\u0130 HABER\" \/>\n<meta name=\"twitter:card\" content=\"summary_large_image\" \/>\n<meta name=\"twitter:creator\" content=\"@ceyhanmavihaber\" \/>\n<meta name=\"twitter:site\" content=\"@ceyhanmavihaber\" \/>\n<meta name=\"twitter:label1\" content=\"Yazan:\" \/>\n\t<meta name=\"twitter:data1\" content=\"MAV\u0130 HABER\" \/>\n\t<meta name=\"twitter:label2\" content=\"Tahmini okuma s\u00fcresi\" \/>\n\t<meta name=\"twitter:data2\" content=\"2 dakika\" \/>\n<script type=\"application\/ld+json\" class=\"yoast-schema-graph\">{\"@context\":\"https:\\\/\\\/schema.org\",\"@graph\":[{\"@type\":\"Article\",\"@id\":\"https:\\\/\\\/www.mavihaber.com.tr\\\/?p=640#article\",\"isPartOf\":{\"@id\":\"https:\\\/\\\/www.mavihaber.com.tr\\\/?p=640\"},\"author\":{\"name\":\"MAV\u0130 HABER\",\"@id\":\"https:\\\/\\\/www.mavihaber.com.tr\\\/#\\\/schema\\\/person\\\/6b483c36decdaf2ea80ccc7e00592ec5\"},\"headline\":\"Adana&#8217;da uyu\u015fturucuya eri\u015fim ya\u015f\u0131 12\",\"datePublished\":\"2022-02-24T08:31:29+00:00\",\"mainEntityOfPage\":{\"@id\":\"https:\\\/\\\/www.mavihaber.com.tr\\\/?p=640\"},\"wordCount\":402,\"commentCount\":0,\"publisher\":{\"@id\":\"https:\\\/\\\/www.mavihaber.com.tr\\\/#organization\"},\"articleSection\":[\"Siyaset\"],\"inLanguage\":\"tr\",\"potentialAction\":[{\"@type\":\"CommentAction\",\"name\":\"Comment\",\"target\":[\"https:\\\/\\\/www.mavihaber.com.tr\\\/?p=640#respond\"]}]},{\"@type\":\"WebPage\",\"@id\":\"https:\\\/\\\/www.mavihaber.com.tr\\\/?p=640\",\"url\":\"https:\\\/\\\/www.mavihaber.com.tr\\\/?p=640\",\"name\":\"Adana'da uyu\u015fturucuya eri\u015fim ya\u015f\u0131 12 - MAV\u0130 HABER\",\"isPartOf\":{\"@id\":\"https:\\\/\\\/www.mavihaber.com.tr\\\/#website\"},\"datePublished\":\"2022-02-24T08:31:29+00:00\",\"breadcrumb\":{\"@id\":\"https:\\\/\\\/www.mavihaber.com.tr\\\/?p=640#breadcrumb\"},\"inLanguage\":\"tr\",\"potentialAction\":[{\"@type\":\"ReadAction\",\"target\":[\"https:\\\/\\\/www.mavihaber.com.tr\\\/?p=640\"]}]},{\"@type\":\"BreadcrumbList\",\"@id\":\"https:\\\/\\\/www.mavihaber.com.tr\\\/?p=640#breadcrumb\",\"itemListElement\":[{\"@type\":\"ListItem\",\"position\":1,\"name\":\"Anasayfa\",\"item\":\"https:\\\/\\\/www.mavihaber.com.tr\\\/\"},{\"@type\":\"ListItem\",\"position\":2,\"name\":\"Adana&#8217;da uyu\u015fturucuya eri\u015fim ya\u015f\u0131 12\"}]},{\"@type\":\"WebSite\",\"@id\":\"https:\\\/\\\/www.mavihaber.com.tr\\\/#website\",\"url\":\"https:\\\/\\\/www.mavihaber.com.tr\\\/\",\"name\":\"MAV\u0130 HABER\",\"description\":\"S&Ouml;Z U&Ccedil;AR YAZI KALIR\",\"publisher\":{\"@id\":\"https:\\\/\\\/www.mavihaber.com.tr\\\/#organization\"},\"potentialAction\":[{\"@type\":\"SearchAction\",\"target\":{\"@type\":\"EntryPoint\",\"urlTemplate\":\"https:\\\/\\\/www.mavihaber.com.tr\\\/?s={search_term_string}\"},\"query-input\":{\"@type\":\"PropertyValueSpecification\",\"valueRequired\":true,\"valueName\":\"search_term_string\"}}],\"inLanguage\":\"tr\"},{\"@type\":\"Organization\",\"@id\":\"https:\\\/\\\/www.mavihaber.com.tr\\\/#organization\",\"name\":\"MAV\u0130 HABER\",\"url\":\"https:\\\/\\\/www.mavihaber.com.tr\\\/\",\"logo\":{\"@type\":\"ImageObject\",\"inLanguage\":\"tr\",\"@id\":\"https:\\\/\\\/www.mavihaber.com.tr\\\/#\\\/schema\\\/logo\\\/image\\\/\",\"url\":\"http:\\\/\\\/www.mavihaber.com.tr\\\/wp-content\\\/uploads\\\/2022\\\/02\\\/mavi-logo.png\",\"contentUrl\":\"http:\\\/\\\/www.mavihaber.com.tr\\\/wp-content\\\/uploads\\\/2022\\\/02\\\/mavi-logo.png\",\"width\":301,\"height\":81,\"caption\":\"MAV\u0130 HABER\"},\"image\":{\"@id\":\"https:\\\/\\\/www.mavihaber.com.tr\\\/#\\\/schema\\\/logo\\\/image\\\/\"},\"sameAs\":[\"https:\\\/\\\/www.facebook.com\\\/ceyhan.mavi.142\\\/\",\"https:\\\/\\\/x.com\\\/ceyhanmavihaber\",\"https:\\\/\\\/www.instagram.com\\\/ceyhanmavihaber\\\/\",\"https:\\\/\\\/www.youtube.com\\\/channel\\\/UCJQ-0-AFgj2GjI269QDUwNw\"]},{\"@type\":\"Person\",\"@id\":\"https:\\\/\\\/www.mavihaber.com.tr\\\/#\\\/schema\\\/person\\\/6b483c36decdaf2ea80ccc7e00592ec5\",\"name\":\"MAV\u0130 HABER\",\"image\":{\"@type\":\"ImageObject\",\"inLanguage\":\"tr\",\"@id\":\"https:\\\/\\\/secure.gravatar.com\\\/avatar\\\/8ec447ff07537b3472bb74c7b4212a4d84d9e722e01a066cab36264a08dd2a23?s=96&d=mm&r=g\",\"url\":\"https:\\\/\\\/secure.gravatar.com\\\/avatar\\\/8ec447ff07537b3472bb74c7b4212a4d84d9e722e01a066cab36264a08dd2a23?s=96&d=mm&r=g\",\"contentUrl\":\"https:\\\/\\\/secure.gravatar.com\\\/avatar\\\/8ec447ff07537b3472bb74c7b4212a4d84d9e722e01a066cab36264a08dd2a23?s=96&d=mm&r=g\",\"caption\":\"MAV\u0130 HABER\"},\"sameAs\":[\"http:\\\/\\\/www.mavihaber.com.tr\"],\"url\":\"https:\\\/\\\/www.mavihaber.com.tr\\\/?author=1\"}]}<\/script>\n<!-- \/ Yoast SEO plugin. -->","yoast_head_json":{"title":"Adana'da uyu\u015fturucuya eri\u015fim ya\u015f\u0131 12 - MAV\u0130 HABER","robots":{"index":"index","follow":"follow","max-snippet":"max-snippet:-1","max-image-preview":"max-image-preview:large","max-video-preview":"max-video-preview:-1"},"canonical":"https:\/\/www.mavihaber.com.tr\/?p=640","og_locale":"tr_TR","og_type":"article","og_title":"Adana'da uyu\u015fturucuya eri\u015fim ya\u015f\u0131 12 - MAV\u0130 HABER","og_description":"CHP Adana Milletvekili ve TBMM Kit Komisyonu \u00dcyesi Orhan S\u00fcmer, \u201cA\u00e7\u0131klanan uyu\u015fturucu raporlar\u0131nda Adana\u2019da uyu\u015fturucuya eri\u015fim ya\u015f\u0131n\u0131n 12\u2019ye d\u00fc\u015fmesinin belirlenmesi","og_url":"https:\/\/www.mavihaber.com.tr\/?p=640","og_site_name":"MAV\u0130 HABER","article_publisher":"https:\/\/www.facebook.com\/ceyhan.mavi.142\/","article_published_time":"2022-02-24T08:31:29+00:00","author":"MAV\u0130 HABER","twitter_card":"summary_large_image","twitter_creator":"@ceyhanmavihaber","twitter_site":"@ceyhanmavihaber","twitter_misc":{"Yazan:":"MAV\u0130 HABER","Tahmini okuma s\u00fcresi":"2 dakika"},"schema":{"@context":"https:\/\/schema.org","@graph":[{"@type":"Article","@id":"https:\/\/www.mavihaber.com.tr\/?p=640#article","isPartOf":{"@id":"https:\/\/www.mavihaber.com.tr\/?p=640"},"author":{"name":"MAV\u0130 HABER","@id":"https:\/\/www.mavihaber.com.tr\/#\/schema\/person\/6b483c36decdaf2ea80ccc7e00592ec5"},"headline":"Adana&#8217;da uyu\u015fturucuya eri\u015fim ya\u015f\u0131 12","datePublished":"2022-02-24T08:31:29+00:00","mainEntityOfPage":{"@id":"https:\/\/www.mavihaber.com.tr\/?p=640"},"wordCount":402,"commentCount":0,"publisher":{"@id":"https:\/\/www.mavihaber.com.tr\/#organization"},"articleSection":["Siyaset"],"inLanguage":"tr","potentialAction":[{"@type":"CommentAction","name":"Comment","target":["https:\/\/www.mavihaber.com.tr\/?p=640#respond"]}]},{"@type":"WebPage","@id":"https:\/\/www.mavihaber.com.tr\/?p=640","url":"https:\/\/www.mavihaber.com.tr\/?p=640","name":"Adana'da uyu\u015fturucuya eri\u015fim ya\u015f\u0131 12 - MAV\u0130 HABER","isPartOf":{"@id":"https:\/\/www.mavihaber.com.tr\/#website"},"datePublished":"2022-02-24T08:31:29+00:00","breadcrumb":{"@id":"https:\/\/www.mavihaber.com.tr\/?p=640#breadcrumb"},"inLanguage":"tr","potentialAction":[{"@type":"ReadAction","target":["https:\/\/www.mavihaber.com.tr\/?p=640"]}]},{"@type":"BreadcrumbList","@id":"https:\/\/www.mavihaber.com.tr\/?p=640#breadcrumb","itemListElement":[{"@type":"ListItem","position":1,"name":"Anasayfa","item":"https:\/\/www.mavihaber.com.tr\/"},{"@type":"ListItem","position":2,"name":"Adana&#8217;da uyu\u015fturucuya eri\u015fim ya\u015f\u0131 12"}]},{"@type":"WebSite","@id":"https:\/\/www.mavihaber.com.tr\/#website","url":"https:\/\/www.mavihaber.com.tr\/","name":"MAV\u0130 HABER","description":"S&Ouml;Z U&Ccedil;AR YAZI KALIR","publisher":{"@id":"https:\/\/www.mavihaber.com.tr\/#organization"},"potentialAction":[{"@type":"SearchAction","target":{"@type":"EntryPoint","urlTemplate":"https:\/\/www.mavihaber.com.tr\/?s={search_term_string}"},"query-input":{"@type":"PropertyValueSpecification","valueRequired":true,"valueName":"search_term_string"}}],"inLanguage":"tr"},{"@type":"Organization","@id":"https:\/\/www.mavihaber.com.tr\/#organization","name":"MAV\u0130 HABER","url":"https:\/\/www.mavihaber.com.tr\/","logo":{"@type":"ImageObject","inLanguage":"tr","@id":"https:\/\/www.mavihaber.com.tr\/#\/schema\/logo\/image\/","url":"http:\/\/www.mavihaber.com.tr\/wp-content\/uploads\/2022\/02\/mavi-logo.png","contentUrl":"http:\/\/www.mavihaber.com.tr\/wp-content\/uploads\/2022\/02\/mavi-logo.png","width":301,"height":81,"caption":"MAV\u0130 HABER"},"image":{"@id":"https:\/\/www.mavihaber.com.tr\/#\/schema\/logo\/image\/"},"sameAs":["https:\/\/www.facebook.com\/ceyhan.mavi.142\/","https:\/\/x.com\/ceyhanmavihaber","https:\/\/www.instagram.com\/ceyhanmavihaber\/","https:\/\/www.youtube.com\/channel\/UCJQ-0-AFgj2GjI269QDUwNw"]},{"@type":"Person","@id":"https:\/\/www.mavihaber.com.tr\/#\/schema\/person\/6b483c36decdaf2ea80ccc7e00592ec5","name":"MAV\u0130 HABER","image":{"@type":"ImageObject","inLanguage":"tr","@id":"https:\/\/secure.gravatar.com\/avatar\/8ec447ff07537b3472bb74c7b4212a4d84d9e722e01a066cab36264a08dd2a23?s=96&d=mm&r=g","url":"https:\/\/secure.gravatar.com\/avatar\/8ec447ff07537b3472bb74c7b4212a4d84d9e722e01a066cab36264a08dd2a23?s=96&d=mm&r=g","contentUrl":"https:\/\/secure.gravatar.com\/avatar\/8ec447ff07537b3472bb74c7b4212a4d84d9e722e01a066cab36264a08dd2a23?s=96&d=mm&r=g","caption":"MAV\u0130 HABER"},"sameAs":["http:\/\/www.mavihaber.com.tr"],"url":"https:\/\/www.mavihaber.com.tr\/?author=1"}]}},"views":407,"_links":{"self":[{"href":"https:\/\/www.mavihaber.com.tr\/index.php?rest_route=\/wp\/v2\/posts\/640","targetHints":{"allow":["GET"]}}],"collection":[{"href":"https:\/\/www.mavihaber.com.tr\/index.php?rest_route=\/wp\/v2\/posts"}],"about":[{"href":"https:\/\/www.mavihaber.com.tr\/index.php?rest_route=\/wp\/v2\/types\/post"}],"author":[{"embeddable":true,"href":"https:\/\/www.mavihaber.com.tr\/index.php?rest_route=\/wp\/v2\/users\/1"}],"replies":[{"embeddable":true,"href":"https:\/\/www.mavihaber.com.tr\/index.php?rest_route=%2Fwp%2Fv2%2Fcomments&post=640"}],"version-history":[{"count":1,"href":"https:\/\/www.mavihaber.com.tr\/index.php?rest_route=\/wp\/v2\/posts\/640\/revisions"}],"predecessor-version":[{"id":642,"href":"https:\/\/www.mavihaber.com.tr\/index.php?rest_route=\/wp\/v2\/posts\/640\/revisions\/642"}],"wp:attachment":[{"href":"https:\/\/www.mavihaber.com.tr\/index.php?rest_route=%2Fwp%2Fv2%2Fmedia&parent=640"}],"wp:term":[{"taxonomy":"category","embeddable":true,"href":"https:\/\/www.mavihaber.com.tr\/index.php?rest_route=%2Fwp%2Fv2%2Fcategories&post=640"},{"taxonomy":"post_tag","embeddable":true,"href":"https:\/\/www.mavihaber.com.tr\/index.php?rest_route=%2Fwp%2Fv2%2Ftags&post=640"}],"curies":[{"name":"wp","href":"https:\/\/api.w.org\/{rel}","templated":true}]}}