{"id":665,"date":"2022-02-24T15:00:09","date_gmt":"2022-02-24T15:00:09","guid":{"rendered":"http:\/\/www.mavihaber.com.tr\/?p=665"},"modified":"2022-02-24T15:00:09","modified_gmt":"2022-02-24T15:00:09","slug":"uzm-dr-mentes-cukurova-avrupa-coplugu-olmayacak","status":"publish","type":"post","link":"https:\/\/www.mavihaber.com.tr\/?p=665","title":{"rendered":"Uzm.Dr.Mente\u015f, \u201c\u00c7ukurova Avrupa \u00e7\u00f6pl\u00fc\u011f\u00fc olmayacak\u201d"},"content":{"rendered":"<p>\u00c7UKUROVA, BEREKETL\u0130 TOPRAKLAR OLARAK KALMALIDIR<\/p>\n<p>Sofulu \u00c7\u00f6pl\u00fc\u011f\u00fcnde bir araya gelen Adana Tabip Odas\u0131, Adana Eczac\u0131 Odas\u0131, Adana Di\u015f Hekimleri Odas\u0131, Adana Veteriner Hekimler Odas\u0131, Adana Barosu, Adana Mali M\u00fc\u015favirler Odas\u0131 ve TMMOB Adana \u0130l Koordinasyon Kurulu, Do\u011fu Akdeniz \u00c7evre Platformu ve \u00c7ukurova \u00d6\u011fretim Elemanlar\u0131 Derne\u011fi y\u00f6netici ve \u00fcyeleri Avrupa&#8217;dan ithal edilen \u00e7\u00f6plerin \u00c7ukurova\u2019da yol kenar\u0131na d\u00f6k\u00fclmesini protesto ettti.<\/p>\n<p>K\u0130M\u0130NE G\u00d6R \u00c7\u00d6P, K\u0130M\u0130NE G\u00d6RE GER\u0130 D\u00d6N\u00dc\u015e\u00dcM MALZEMES\u0130<\/p>\n<p>Kurumlar ad\u0131na bas\u0131n a\u00e7\u0131klamay\u0131 okuyan Adana Tabip Odas\u0131 Ba\u015fkan\u0131 Uzm. Dr. Selahattin Mente\u015f, \u201c\u00dclkemize Avrupa \u00fclkelerinden ithal edilen ve kimine g\u00f6re \u00e7\u00f6p, kimine g\u00f6re geri d\u00f6n\u00fc\u015f\u00fcm malzemesi olarak nitelendirilen at\u0131klarla ile ilgili tart\u0131\u015fmalar bir s\u00fcredir kamuoyunun g\u00fcndemindedir. \u00d6ncelikle bilinmelidir ki, \u00dclkemiz ve \u00f6zelinde Adana, nevi ne olursa olsun bir ba\u015fka \u00fclkenin \u00e7\u00f6p\u00fcn\u00fcn, at\u0131\u011f\u0131n\u0131n\/art\u0131\u011f\u0131n\u0131n d\u00f6k\u00fclece\u011fi bir alan de\u011fildir\u201d dedi.<\/p>\n<p>SADECE 2020 YILINDA 760 B\u0130N TON T\u00dcRK\u0130YE\u2019YE ATIK G\u0130R\u0130\u015e\u0130 OLDU\u011eU B\u0130L\u0130NMEKTED\u0130R<\/p>\n<p>D\u00fcnyadaki neredeyse b\u00fct\u00fcn at\u0131klar\u0131n u\u011frak yerinin \u00c7in\u2013Hong Kong civar\u0131 oldu\u011fu bilindi\u011finin alt\u0131n\u0131 \u00e7izen Ba\u015fkan Uzm. Dr. Mente\u015f, konu\u015fmas\u0131n\u0131 \u015f\u00f6yle s\u00fcrd\u00fcrd\u00fc;<\/p>\n<p>\u201c\u00c7in\u2019in at\u0131k giri\u015fini yasaklamas\u0131ndan sonra T\u00fcrkiye bu konuda \u00f6ne \u00e7\u0131km\u0131\u015f, devlet taraf\u0131ndan da te\u015fvik edilmi\u015ftir. \u0130thal at\u0131k miktar\u0131 h\u0131zla artarak korkun\u00e7 miktarlara ula\u015fm\u0131\u015ft\u0131r. Sadece 2020 y\u0131l\u0131nda 760 bin ton T\u00fcrkiye\u2019ye at\u0131k giri\u015fi oldu\u011fu bilinmektedir. Plastik ve di\u011fer at\u0131klar k\u00f6t\u00fc y\u00f6netilmekten dolay\u0131 ya\u015fam alanlar\u0131m\u0131z\u0131 tehdit eder duruma gelmi\u015ftir. Bereketli topraklar\u0131m\u0131z\u0131n her taraf\u0131 yasa d\u0131\u015f\u0131 \u00e7\u00f6plerle doldurulmu\u015f, sular\u0131m\u0131z ve topraklar\u0131m\u0131z katledilmi\u015ftir. Duyarl\u0131 insanlar\u0131n ve kurumlar\u0131n tepkisi ile bu alanda pek \u00e7ok denetimler yap\u0131lm\u0131\u015f, pek \u00e7ok \u015firkete cezalar verilmi\u015f, kapat\u0131lm\u0131\u015ft\u0131r. Sekt\u00f6r\u00fcn kendini kontrol edememesi ve at\u0131klar\u0131n uygun ko\u015fullarda imha edilmemesi sonucu 18 May\u0131s 2021 tarihinde polietilen at\u0131k ithalat\u0131 yasaklanm\u0131\u015f fakat maalesef yasak sonradan kald\u0131r\u0131lm\u0131\u015f ve daha vah\u015fi bir \u015fekilde ithalat serbest b\u0131rak\u0131lm\u0131\u015ft\u0131r.\u201d<\/p>\n<p>ATIK Y\u00d6NET\u0130M BECER\u0130LER\u0130M\u0130Z\u0130 G\u00dc\u00c7LEND\u0130RMEL\u0130Y\u0130Z<\/p>\n<p>\u201cPlastik kirlili\u011fini \u00f6nlemede ve mevcut durumda odaklanmas\u0131 gereken konular at\u0131k ithal etmek de\u011fil, kendi at\u0131k y\u00f6netim sistemimizin geli\u015ftirilmesi ve at\u0131k y\u00f6netim becerilerimizin g\u00fc\u00e7lendirilerek \u00fclke at\u0131klar\u0131m\u0131z\u0131 kayna\u011f\u0131nda ayr\u0131\u015ft\u0131rma, geri d\u00f6n\u00fc\u015f\u00fcm ve geri kazan\u0131ma dahil etmek olmal\u0131d\u0131r. Bir \u00fcr\u00fcn\u00fcn s\u0131f\u0131rdan \u00fcretimi daha fazla enerji t\u00fcketimi, daha fazla kaynak t\u00fcketimi demektir. Bu nedenle kaynaklar\u0131n s\u00fcrd\u00fcr\u00fclebilir olarak gelecek nesillere ula\u015ft\u0131r\u0131lmas\u0131, etkin ve verimli kullan\u0131lmas\u0131 esast\u0131r. Bu konuda \u00f6zellikle \u2018s\u0131f\u0131r at\u0131k\u2019 projesi mant\u0131\u011f\u0131n\u0131n t\u00fcm \u00fclke genelinde yayg\u0131nla\u015ft\u0131r\u0131larak \u00fclkemizdeki at\u0131klar\u0131n birbirleri ile kontamine olmadan geri d\u00f6n\u00fc\u015f\u00fcm ve geri kazan\u0131m y\u00f6ntemleriyle ekonomiye kazand\u0131r\u0131lmas\u0131 \u00f6nem arz etmektedir. Kendi at\u0131klar\u0131m\u0131z\u0131 do\u011fru y\u00f6netme becerilerini geli\u015ftirmek birincil \u00f6ncelik olmal\u0131,<\/p>\n<p>\u00fclke at\u0131klar\u0131m\u0131z\u0131n geri d\u00f6n\u00fc\u015f\u00fcm\u00fc sa\u011flanmal\u0131d\u0131r. \u00dclkemizde at\u0131k y\u00f6netimi konusunda ya\u015fanan sorunlar \u00e7\u00f6z\u00fclmeli, at\u0131k ithal ederek sorunlar daha da \u00e7o\u011falt\u0131lmamal\u0131d\u0131r. S\u0131f\u0131r at\u0131k konusunda yerel ve merkezi y\u00f6netimler birlikte \u00e7al\u0131\u015farak daha temiz bir \u00fclke i\u00e7in \u00e7al\u0131\u015fmal\u0131d\u0131r. S\u0131f\u0131r at\u0131k konusunda belediyeler bizlerin de deste\u011fiile acilen harekete ge\u00e7melidir. G\u00fcn\u00fcm\u00fcz\u00fcn en \u00f6nemli kirlilik t\u00fcrlerinden olan plastik kirlili\u011finin \u00f6nlenmesi, ya\u015fam alanlar\u0131m\u0131zda geli\u015fi g\u00fczel at\u0131lm\u0131\u015f, yak\u0131lm\u0131\u015f at\u0131klar\u0131n bulunmamas\u0131 ve \u00fclkemizin D\u00fcnya\u2019n\u0131n \u00e7\u00f6pl\u00fc\u011f\u00fc haline gelmemesi i\u00e7in gerekli \u00f6nlemler mutlaka al\u0131nmal\u0131d\u0131r.\u201d<\/p>\n<p>DENET\u0130MLER S\u00dcRD\u00dcR\u00dcLEB\u0130L\u0130R OLARAK SA\u011eLANMALI<\/p>\n<p>\u201cHer ne kadar at\u0131klar belirli kodlarla geliyor olsa da at\u0131klar\u0131n limana ula\u015fmas\u0131ndan itibaren yeterli denetim ve konusunda uzman personelin bulundurulmas\u0131 zorunludur.<\/p>\n<p>Ayr\u0131ca i\u015fe yaramayacak ve ekonomik de\u011feri olmayan at\u0131klar\u0131n, daha sonra at\u0131k i\u015fleyen tesisler taraf\u0131ndan kentte geli\u015fi g\u00fczel al\u0131c\u0131 ortamlara b\u0131rak\u0131lmamas\u0131 konusunda yap\u0131lan denetimler s\u00fcrd\u00fcr\u00fclebilir olarak sa\u011flanmal\u0131, bu tesislerin k\u00fctle denge sistemlerinin iyile\u015ftirilerek at\u0131klar\u0131n ak\u0131betinin ne oldu\u011fu konusunda net bilgiler elde edilmelidir. Bu tesislerin gerekli \u00e7evresel \u00f6nlemleri al\u0131p almad\u0131\u011f\u0131, at\u0131k depolama sahas\u0131n\u0131n yeterli olup olmad\u0131\u011f\u0131 yani fiziksel ko\u015fullar\u0131n gerekli \u015fartlar\u0131 ta\u015f\u0131y\u0131p ta\u015f\u0131mad\u0131\u011f\u0131 denetim ekiplerince belirli aral\u0131klarla kontrol edilmelidir.<\/p>\n<p>SU\u00c7LULAR YAKALANIP, MUTLAKA CEZALANDIRILMALIDIR<\/p>\n<p>\u201cGeri d\u00f6n\u00fc\u015f\u00fcm \u00f6nemlidir ama at\u0131klar\u0131 sular\u0131m\u0131za ve bereketli topraklar\u0131m\u0131za d\u00f6kmek cinayettir. Bu t\u00fcr \u015feyler yapan su\u00e7lular yakalan\u0131p, mutlaka cezaland\u0131r\u0131lmal\u0131d\u0131r. Bizler bir an \u00f6nce bu sorunun \u00e7\u00f6z\u00fcmlenmesini istiyoruz. Kentimizi at\u0131k \u00e7\u00f6pl\u00fc\u011f\u00fcne d\u00f6n\u00fc\u015ft\u00fcren, i\u00e7me sular\u0131m\u0131z\u0131 ve topra\u011f\u0131m\u0131z\u0131 zehirli kimyasallara bo\u011fan, g\u0131da g\u00fcvenli\u011fimizi hi\u00e7e sayan, maruz b\u0131rak\u0131ld\u0131\u011f\u0131m\u0131z kimyasallar ve sa\u011fl\u0131\u011f\u0131m\u0131z\u0131 tehdit eden metallerle ya\u015fam hakk\u0131m\u0131z\u0131 ihlal eden t\u00fcm ger\u00e7ek ve t\u00fczel ki\u015filerin tespit edilerek cezai i\u015flemlerin yap\u0131lmas\u0131n\u0131 istiyoruz. Bereketli \u00c7ukurova topraklar\u0131 ve \u00fclkemiz bu do\u011fa katliam\u0131na maruz b\u0131rak\u0131lmamal\u0131d\u0131r. Konu derhal \u00e7\u00f6z\u00fcmlenmelidir.\u201d<\/p>\n","protected":false},"excerpt":{"rendered":"<p>\u00c7UKUROVA, BEREKETL\u0130 TOPRAKLAR OLARAK KALMALIDIR Sofulu \u00c7\u00f6pl\u00fc\u011f\u00fcnde bir araya gelen Adana Tabip Odas\u0131, Adana Eczac\u0131 Odas\u0131, Adana Di\u015f Hekimleri Odas\u0131,<\/p>\n","protected":false},"author":1,"featured_media":0,"comment_status":"open","ping_status":"open","sticky":false,"template":"","format":"standard","meta":{"footnotes":""},"categories":[8,10,12],"tags":[],"class_list":["post-665","post","type-post","status-publish","format-standard","hentry","category-ekonomi","category-gundem","category-saglik"],"yoast_head":"<!-- This site is optimized with the Yoast SEO plugin v28.2 - https:\/\/yoast.com\/product\/yoast-seo-wordpress\/ -->\n<title>Uzm.Dr.Mente\u015f, \u201c\u00c7ukurova Avrupa \u00e7\u00f6pl\u00fc\u011f\u00fc olmayacak\u201d - MAV\u0130 HABER<\/title>\n<meta name=\"robots\" content=\"index, follow, max-snippet:-1, max-image-preview:large, max-video-preview:-1\" \/>\n<link rel=\"canonical\" href=\"https:\/\/www.mavihaber.com.tr\/?p=665\" \/>\n<meta property=\"og:locale\" content=\"tr_TR\" \/>\n<meta property=\"og:type\" content=\"article\" \/>\n<meta property=\"og:title\" content=\"Uzm.Dr.Mente\u015f, \u201c\u00c7ukurova Avrupa \u00e7\u00f6pl\u00fc\u011f\u00fc olmayacak\u201d - MAV\u0130 HABER\" \/>\n<meta property=\"og:description\" content=\"\u00c7UKUROVA, BEREKETL\u0130 TOPRAKLAR OLARAK KALMALIDIR Sofulu \u00c7\u00f6pl\u00fc\u011f\u00fcnde bir araya gelen Adana Tabip Odas\u0131, Adana Eczac\u0131 Odas\u0131, Adana Di\u015f Hekimleri Odas\u0131,\" \/>\n<meta property=\"og:url\" content=\"https:\/\/www.mavihaber.com.tr\/?p=665\" \/>\n<meta property=\"og:site_name\" content=\"MAV\u0130 HABER\" \/>\n<meta property=\"article:publisher\" content=\"https:\/\/www.facebook.com\/ceyhan.mavi.142\/\" \/>\n<meta property=\"article:published_time\" content=\"2022-02-24T15:00:09+00:00\" \/>\n<meta name=\"author\" content=\"MAV\u0130 HABER\" \/>\n<meta name=\"twitter:card\" content=\"summary_large_image\" \/>\n<meta name=\"twitter:creator\" content=\"@ceyhanmavihaber\" \/>\n<meta name=\"twitter:site\" content=\"@ceyhanmavihaber\" \/>\n<meta name=\"twitter:label1\" content=\"Yazan:\" \/>\n\t<meta name=\"twitter:data1\" content=\"MAV\u0130 HABER\" \/>\n\t<meta name=\"twitter:label2\" content=\"Tahmini okuma s\u00fcresi\" \/>\n\t<meta name=\"twitter:data2\" content=\"4 dakika\" \/>\n<script type=\"application\/ld+json\" class=\"yoast-schema-graph\">{\"@context\":\"https:\\\/\\\/schema.org\",\"@graph\":[{\"@type\":\"Article\",\"@id\":\"https:\\\/\\\/www.mavihaber.com.tr\\\/?p=665#article\",\"isPartOf\":{\"@id\":\"https:\\\/\\\/www.mavihaber.com.tr\\\/?p=665\"},\"author\":{\"name\":\"MAV\u0130 HABER\",\"@id\":\"https:\\\/\\\/www.mavihaber.com.tr\\\/#\\\/schema\\\/person\\\/6b483c36decdaf2ea80ccc7e00592ec5\"},\"headline\":\"Uzm.Dr.Mente\u015f, \u201c\u00c7ukurova Avrupa \u00e7\u00f6pl\u00fc\u011f\u00fc olmayacak\u201d\",\"datePublished\":\"2022-02-24T15:00:09+00:00\",\"mainEntityOfPage\":{\"@id\":\"https:\\\/\\\/www.mavihaber.com.tr\\\/?p=665\"},\"wordCount\":958,\"commentCount\":0,\"publisher\":{\"@id\":\"https:\\\/\\\/www.mavihaber.com.tr\\\/#organization\"},\"articleSection\":[\"Ekonomi\",\"G\u00fcndem\",\"Sa\u011fl\u0131k\"],\"inLanguage\":\"tr\",\"potentialAction\":[{\"@type\":\"CommentAction\",\"name\":\"Comment\",\"target\":[\"https:\\\/\\\/www.mavihaber.com.tr\\\/?p=665#respond\"]}]},{\"@type\":\"WebPage\",\"@id\":\"https:\\\/\\\/www.mavihaber.com.tr\\\/?p=665\",\"url\":\"https:\\\/\\\/www.mavihaber.com.tr\\\/?p=665\",\"name\":\"Uzm.Dr.Mente\u015f, \u201c\u00c7ukurova Avrupa \u00e7\u00f6pl\u00fc\u011f\u00fc olmayacak\u201d - MAV\u0130 HABER\",\"isPartOf\":{\"@id\":\"https:\\\/\\\/www.mavihaber.com.tr\\\/#website\"},\"datePublished\":\"2022-02-24T15:00:09+00:00\",\"breadcrumb\":{\"@id\":\"https:\\\/\\\/www.mavihaber.com.tr\\\/?p=665#breadcrumb\"},\"inLanguage\":\"tr\",\"potentialAction\":[{\"@type\":\"ReadAction\",\"target\":[\"https:\\\/\\\/www.mavihaber.com.tr\\\/?p=665\"]}]},{\"@type\":\"BreadcrumbList\",\"@id\":\"https:\\\/\\\/www.mavihaber.com.tr\\\/?p=665#breadcrumb\",\"itemListElement\":[{\"@type\":\"ListItem\",\"position\":1,\"name\":\"Anasayfa\",\"item\":\"https:\\\/\\\/www.mavihaber.com.tr\\\/\"},{\"@type\":\"ListItem\",\"position\":2,\"name\":\"Uzm.Dr.Mente\u015f, \u201c\u00c7ukurova Avrupa \u00e7\u00f6pl\u00fc\u011f\u00fc olmayacak\u201d\"}]},{\"@type\":\"WebSite\",\"@id\":\"https:\\\/\\\/www.mavihaber.com.tr\\\/#website\",\"url\":\"https:\\\/\\\/www.mavihaber.com.tr\\\/\",\"name\":\"MAV\u0130 HABER\",\"description\":\"S&Ouml;Z U&Ccedil;AR YAZI KALIR\",\"publisher\":{\"@id\":\"https:\\\/\\\/www.mavihaber.com.tr\\\/#organization\"},\"potentialAction\":[{\"@type\":\"SearchAction\",\"target\":{\"@type\":\"EntryPoint\",\"urlTemplate\":\"https:\\\/\\\/www.mavihaber.com.tr\\\/?s={search_term_string}\"},\"query-input\":{\"@type\":\"PropertyValueSpecification\",\"valueRequired\":true,\"valueName\":\"search_term_string\"}}],\"inLanguage\":\"tr\"},{\"@type\":\"Organization\",\"@id\":\"https:\\\/\\\/www.mavihaber.com.tr\\\/#organization\",\"name\":\"MAV\u0130 HABER\",\"url\":\"https:\\\/\\\/www.mavihaber.com.tr\\\/\",\"logo\":{\"@type\":\"ImageObject\",\"inLanguage\":\"tr\",\"@id\":\"https:\\\/\\\/www.mavihaber.com.tr\\\/#\\\/schema\\\/logo\\\/image\\\/\",\"url\":\"http:\\\/\\\/www.mavihaber.com.tr\\\/wp-content\\\/uploads\\\/2022\\\/02\\\/mavi-logo.png\",\"contentUrl\":\"http:\\\/\\\/www.mavihaber.com.tr\\\/wp-content\\\/uploads\\\/2022\\\/02\\\/mavi-logo.png\",\"width\":301,\"height\":81,\"caption\":\"MAV\u0130 HABER\"},\"image\":{\"@id\":\"https:\\\/\\\/www.mavihaber.com.tr\\\/#\\\/schema\\\/logo\\\/image\\\/\"},\"sameAs\":[\"https:\\\/\\\/www.facebook.com\\\/ceyhan.mavi.142\\\/\",\"https:\\\/\\\/x.com\\\/ceyhanmavihaber\",\"https:\\\/\\\/www.instagram.com\\\/ceyhanmavihaber\\\/\",\"https:\\\/\\\/www.youtube.com\\\/channel\\\/UCJQ-0-AFgj2GjI269QDUwNw\"]},{\"@type\":\"Person\",\"@id\":\"https:\\\/\\\/www.mavihaber.com.tr\\\/#\\\/schema\\\/person\\\/6b483c36decdaf2ea80ccc7e00592ec5\",\"name\":\"MAV\u0130 HABER\",\"image\":{\"@type\":\"ImageObject\",\"inLanguage\":\"tr\",\"@id\":\"https:\\\/\\\/secure.gravatar.com\\\/avatar\\\/8ec447ff07537b3472bb74c7b4212a4d84d9e722e01a066cab36264a08dd2a23?s=96&d=mm&r=g\",\"url\":\"https:\\\/\\\/secure.gravatar.com\\\/avatar\\\/8ec447ff07537b3472bb74c7b4212a4d84d9e722e01a066cab36264a08dd2a23?s=96&d=mm&r=g\",\"contentUrl\":\"https:\\\/\\\/secure.gravatar.com\\\/avatar\\\/8ec447ff07537b3472bb74c7b4212a4d84d9e722e01a066cab36264a08dd2a23?s=96&d=mm&r=g\",\"caption\":\"MAV\u0130 HABER\"},\"sameAs\":[\"http:\\\/\\\/www.mavihaber.com.tr\"],\"url\":\"https:\\\/\\\/www.mavihaber.com.tr\\\/?author=1\"}]}<\/script>\n<!-- \/ Yoast SEO plugin. -->","yoast_head_json":{"title":"Uzm.Dr.Mente\u015f, \u201c\u00c7ukurova Avrupa \u00e7\u00f6pl\u00fc\u011f\u00fc olmayacak\u201d - MAV\u0130 HABER","robots":{"index":"index","follow":"follow","max-snippet":"max-snippet:-1","max-image-preview":"max-image-preview:large","max-video-preview":"max-video-preview:-1"},"canonical":"https:\/\/www.mavihaber.com.tr\/?p=665","og_locale":"tr_TR","og_type":"article","og_title":"Uzm.Dr.Mente\u015f, \u201c\u00c7ukurova Avrupa \u00e7\u00f6pl\u00fc\u011f\u00fc olmayacak\u201d - MAV\u0130 HABER","og_description":"\u00c7UKUROVA, BEREKETL\u0130 TOPRAKLAR OLARAK KALMALIDIR Sofulu \u00c7\u00f6pl\u00fc\u011f\u00fcnde bir araya gelen Adana Tabip Odas\u0131, Adana Eczac\u0131 Odas\u0131, Adana Di\u015f Hekimleri Odas\u0131,","og_url":"https:\/\/www.mavihaber.com.tr\/?p=665","og_site_name":"MAV\u0130 HABER","article_publisher":"https:\/\/www.facebook.com\/ceyhan.mavi.142\/","article_published_time":"2022-02-24T15:00:09+00:00","author":"MAV\u0130 HABER","twitter_card":"summary_large_image","twitter_creator":"@ceyhanmavihaber","twitter_site":"@ceyhanmavihaber","twitter_misc":{"Yazan:":"MAV\u0130 HABER","Tahmini okuma s\u00fcresi":"4 dakika"},"schema":{"@context":"https:\/\/schema.org","@graph":[{"@type":"Article","@id":"https:\/\/www.mavihaber.com.tr\/?p=665#article","isPartOf":{"@id":"https:\/\/www.mavihaber.com.tr\/?p=665"},"author":{"name":"MAV\u0130 HABER","@id":"https:\/\/www.mavihaber.com.tr\/#\/schema\/person\/6b483c36decdaf2ea80ccc7e00592ec5"},"headline":"Uzm.Dr.Mente\u015f, \u201c\u00c7ukurova Avrupa \u00e7\u00f6pl\u00fc\u011f\u00fc olmayacak\u201d","datePublished":"2022-02-24T15:00:09+00:00","mainEntityOfPage":{"@id":"https:\/\/www.mavihaber.com.tr\/?p=665"},"wordCount":958,"commentCount":0,"publisher":{"@id":"https:\/\/www.mavihaber.com.tr\/#organization"},"articleSection":["Ekonomi","G\u00fcndem","Sa\u011fl\u0131k"],"inLanguage":"tr","potentialAction":[{"@type":"CommentAction","name":"Comment","target":["https:\/\/www.mavihaber.com.tr\/?p=665#respond"]}]},{"@type":"WebPage","@id":"https:\/\/www.mavihaber.com.tr\/?p=665","url":"https:\/\/www.mavihaber.com.tr\/?p=665","name":"Uzm.Dr.Mente\u015f, \u201c\u00c7ukurova Avrupa \u00e7\u00f6pl\u00fc\u011f\u00fc olmayacak\u201d - MAV\u0130 HABER","isPartOf":{"@id":"https:\/\/www.mavihaber.com.tr\/#website"},"datePublished":"2022-02-24T15:00:09+00:00","breadcrumb":{"@id":"https:\/\/www.mavihaber.com.tr\/?p=665#breadcrumb"},"inLanguage":"tr","potentialAction":[{"@type":"ReadAction","target":["https:\/\/www.mavihaber.com.tr\/?p=665"]}]},{"@type":"BreadcrumbList","@id":"https:\/\/www.mavihaber.com.tr\/?p=665#breadcrumb","itemListElement":[{"@type":"ListItem","position":1,"name":"Anasayfa","item":"https:\/\/www.mavihaber.com.tr\/"},{"@type":"ListItem","position":2,"name":"Uzm.Dr.Mente\u015f, \u201c\u00c7ukurova Avrupa \u00e7\u00f6pl\u00fc\u011f\u00fc olmayacak\u201d"}]},{"@type":"WebSite","@id":"https:\/\/www.mavihaber.com.tr\/#website","url":"https:\/\/www.mavihaber.com.tr\/","name":"MAV\u0130 HABER","description":"S&Ouml;Z U&Ccedil;AR YAZI KALIR","publisher":{"@id":"https:\/\/www.mavihaber.com.tr\/#organization"},"potentialAction":[{"@type":"SearchAction","target":{"@type":"EntryPoint","urlTemplate":"https:\/\/www.mavihaber.com.tr\/?s={search_term_string}"},"query-input":{"@type":"PropertyValueSpecification","valueRequired":true,"valueName":"search_term_string"}}],"inLanguage":"tr"},{"@type":"Organization","@id":"https:\/\/www.mavihaber.com.tr\/#organization","name":"MAV\u0130 HABER","url":"https:\/\/www.mavihaber.com.tr\/","logo":{"@type":"ImageObject","inLanguage":"tr","@id":"https:\/\/www.mavihaber.com.tr\/#\/schema\/logo\/image\/","url":"http:\/\/www.mavihaber.com.tr\/wp-content\/uploads\/2022\/02\/mavi-logo.png","contentUrl":"http:\/\/www.mavihaber.com.tr\/wp-content\/uploads\/2022\/02\/mavi-logo.png","width":301,"height":81,"caption":"MAV\u0130 HABER"},"image":{"@id":"https:\/\/www.mavihaber.com.tr\/#\/schema\/logo\/image\/"},"sameAs":["https:\/\/www.facebook.com\/ceyhan.mavi.142\/","https:\/\/x.com\/ceyhanmavihaber","https:\/\/www.instagram.com\/ceyhanmavihaber\/","https:\/\/www.youtube.com\/channel\/UCJQ-0-AFgj2GjI269QDUwNw"]},{"@type":"Person","@id":"https:\/\/www.mavihaber.com.tr\/#\/schema\/person\/6b483c36decdaf2ea80ccc7e00592ec5","name":"MAV\u0130 HABER","image":{"@type":"ImageObject","inLanguage":"tr","@id":"https:\/\/secure.gravatar.com\/avatar\/8ec447ff07537b3472bb74c7b4212a4d84d9e722e01a066cab36264a08dd2a23?s=96&d=mm&r=g","url":"https:\/\/secure.gravatar.com\/avatar\/8ec447ff07537b3472bb74c7b4212a4d84d9e722e01a066cab36264a08dd2a23?s=96&d=mm&r=g","contentUrl":"https:\/\/secure.gravatar.com\/avatar\/8ec447ff07537b3472bb74c7b4212a4d84d9e722e01a066cab36264a08dd2a23?s=96&d=mm&r=g","caption":"MAV\u0130 HABER"},"sameAs":["http:\/\/www.mavihaber.com.tr"],"url":"https:\/\/www.mavihaber.com.tr\/?author=1"}]}},"views":353,"_links":{"self":[{"href":"https:\/\/www.mavihaber.com.tr\/index.php?rest_route=\/wp\/v2\/posts\/665","targetHints":{"allow":["GET"]}}],"collection":[{"href":"https:\/\/www.mavihaber.com.tr\/index.php?rest_route=\/wp\/v2\/posts"}],"about":[{"href":"https:\/\/www.mavihaber.com.tr\/index.php?rest_route=\/wp\/v2\/types\/post"}],"author":[{"embeddable":true,"href":"https:\/\/www.mavihaber.com.tr\/index.php?rest_route=\/wp\/v2\/users\/1"}],"replies":[{"embeddable":true,"href":"https:\/\/www.mavihaber.com.tr\/index.php?rest_route=%2Fwp%2Fv2%2Fcomments&post=665"}],"version-history":[{"count":1,"href":"https:\/\/www.mavihaber.com.tr\/index.php?rest_route=\/wp\/v2\/posts\/665\/revisions"}],"predecessor-version":[{"id":667,"href":"https:\/\/www.mavihaber.com.tr\/index.php?rest_route=\/wp\/v2\/posts\/665\/revisions\/667"}],"wp:attachment":[{"href":"https:\/\/www.mavihaber.com.tr\/index.php?rest_route=%2Fwp%2Fv2%2Fmedia&parent=665"}],"wp:term":[{"taxonomy":"category","embeddable":true,"href":"https:\/\/www.mavihaber.com.tr\/index.php?rest_route=%2Fwp%2Fv2%2Fcategories&post=665"},{"taxonomy":"post_tag","embeddable":true,"href":"https:\/\/www.mavihaber.com.tr\/index.php?rest_route=%2Fwp%2Fv2%2Ftags&post=665"}],"curies":[{"name":"wp","href":"https:\/\/api.w.org\/{rel}","templated":true}]}}