{"id":684,"date":"2022-02-25T09:39:51","date_gmt":"2022-02-25T09:39:51","guid":{"rendered":"http:\/\/www.mavihaber.com.tr\/?p=684"},"modified":"2022-02-25T09:47:04","modified_gmt":"2022-02-25T09:47:04","slug":"684","status":"publish","type":"post","link":"https:\/\/www.mavihaber.com.tr\/?p=684","title":{"rendered":""},"content":{"rendered":"<p>Evdeki e\u015fyalar\u0131 tek tek yanan aile zor g\u00fcnler ya\u015f\u0131yor<\/p>\n<p><img loading=\"lazy\" decoding=\"async\" class=\"alignnone size-medium wp-image-686\" src=\"http:\/\/www.mavihaber.com.tr\/wp-content\/uploads\/2022\/02\/evde-pes-pese-cikan-yanginlar-hayatlarini-kab-9-14757305_o-226x300.jpg\" alt=\"\" width=\"226\" height=\"300\" \/><\/p>\n<p>Adana&#8217;n\u0131n Kozan il\u00e7esinde bir apartman dairesinde ya\u015fayan Ak\u0131l ailesinin hayat\u0131, 3 g\u00fcn i\u00e7inde evlerinde pe\u015f pe\u015fe kendili\u011finden \u00e7\u0131kt\u0131\u011f\u0131 iddia edilen yang\u0131nlar nedeniyle kabusa d\u00f6nd\u00fc.<\/p>\n<p>Tav\u015fantepe Mahallesi, 24 Kas\u0131m Evlerinde bir apartman dairesinde ya\u015fayan Ak\u0131l ailesi pe\u015f pe\u015fe \u00e7\u0131kan yang\u0131nlar nedeni ile zor g\u00fcnler ya\u015fad\u0131klar\u0131n\u0131 s\u00f6yledi. 7 \u00e7ocuk sahibi Bahar &#8211; Kenan Ak\u0131l \u00e7iftinin 3 g\u00fcnd\u00fcr pe\u015f pe\u015fe \u00e7\u0131kan yang\u0131nlar ile evdeki e\u015fyalar\u0131 zarar g\u00f6rd\u00fc.<\/p>\n<p>T\u00fcm e\u015fyalar\u0131 par\u00e7a par\u00e7a yanan ve evleri sava\u015f alan\u0131na d\u00f6nen aile yang\u0131nlar\u0131n dinmesi i\u00e7in \u00e7\u00f6z\u00fcm bekliyor. Evde bulunduklar\u0131 odada Kur&#8217;an-\u0131 Kerim dinleyen ve bir\u00e7ok kez kendi g\u00f6zleri \u00f6n\u00fcnde e\u015fyalar\u0131n bir anda alev ald\u0131\u011f\u0131n\u0131 s\u00f6yleyen Ak\u0131l \u00e7ifti, kom\u015fular\u0131 ile birlikte b\u00fcy\u00fck panik ya\u015fad\u0131klar\u0131n\u0131 s\u00f6yledi<\/p>\n<p><img loading=\"lazy\" decoding=\"async\" class=\"alignnone size-medium wp-image-687\" src=\"http:\/\/www.mavihaber.com.tr\/wp-content\/uploads\/2022\/02\/evde-pes-pese-cikan-yanginlar-hayatlarini-kab-5-14757305_o-300x169.jpg\" alt=\"\" width=\"300\" height=\"169\" \/><\/p>\n<p>20 \u015eubat&#8217;ta apartman bo\u015flu\u011funda \u00e7\u0131kan ilk yang\u0131na itfaiye ekiplerinin m\u00fcdahale etti\u011fini s\u00f6yleyen Kenan Ak\u0131l (38), ilk etapta elektrik konta\u011f\u0131 ve \u00e7ocuklar\u0131n yang\u0131n\u0131 \u00e7\u0131karabilece\u011finden \u015f\u00fcphelendiklerini, ard\u0131ndan \u00e7\u0131kan yang\u0131nlarda \u00e7ocuklar\u0131n hepsi yan\u0131ndayken \u00e7\u0131kan yang\u0131n\u0131n boyutunun de\u011fi\u015fti\u011fini s\u00f6yledi.<\/p>\n<p>Balkonda \u0131slak sofra bezinin ve buzdolab\u0131n\u0131n \u00fcst\u00fcnde duran buhar makinas\u0131n\u0131n bir anda alev ald\u0131\u011f\u0131n\u0131 anlatan Ak\u0131l, &#8220;2 y\u0131l oldu buray\u0131 alal\u0131. Bug\u00fcne kadar bir sorun yoktu. Ben maden oca\u011f\u0131nda \u00e7al\u0131\u015f\u0131yorum. E\u015fim 3 g\u00fcn \u00f6nce ula\u015ft\u0131 geldim. Geldi\u011fimden beri evde her \u015fey yan\u0131yor. Yang\u0131n\u0131n elektrikten kaynaklanmad\u0131\u011f\u0131 belirlendi. \u00c7ocu\u011fun be\u015fi\u011fi erimeye ba\u015fl\u0131yor. Siz burada iken \u00e7ocu\u011fun \u00fczeri \u0131s\u0131nd\u0131 ve hi\u00e7 lekesi olmayan k\u0131yafeti yanmaya \u00e7al\u0131\u015ft\u0131. Evimizin yanan e\u015fyalar\u0131n\u0131 balkondan a\u015fa\u011f\u0131ya att\u0131k. \u00c7ocuklar g\u00f6z\u00fcm\u00fcz\u00fcn \u00f6n\u00fcndeyken oluyor. Buhar makinas\u0131 g\u00f6z\u00fcm\u00fcn \u00f6n\u00fcnde tutu\u015ftu. Kom\u015fumuz burada \u00e7ekim yaparken canl\u0131 canl\u0131 ba\u015fka yer odada kimse yokken yanmaya ba\u015flad\u0131. Sabaha kadar n\u00f6bet tutuyoruz. Elbiseler yorganlar her \u015fey yand\u0131&#8221; dedi.<\/p>\n<p><img loading=\"lazy\" decoding=\"async\" class=\"alignnone size-medium wp-image-688\" src=\"http:\/\/www.mavihaber.com.tr\/wp-content\/uploads\/2022\/02\/evde-pes-pese-cikan-yanginlar-hayatlarini-kab-11-14757305_o-165x300.jpg\" alt=\"\" width=\"165\" height=\"300\" \/><\/p>\n<p>Bahar Ak\u0131l da \u00e7ocuklar\u0131 yan\u0131ndayken odalar bombo\u015fken e\u015fyalar\u0131n\u0131n bir anda yanmaya ba\u015flad\u0131\u011f\u0131n\u0131 anlatarak, &#8220;Ne yapaca\u011f\u0131m\u0131z\u0131 \u015fa\u015f\u0131rd\u0131k. Korku i\u00e7inde ya\u015f\u0131yoruz. \u00c7ocu\u011fun k\u0131yafeti sizin yan\u0131n\u0131zda yanmaya \u00e7al\u0131\u015ft\u0131. T\u00fcm \u00e7ocuklar\u0131n k\u0131yafetleri e\u015fyalar gitti&#8221; diye konu\u015ftu.<\/p>\n<p>Kom\u015fular\u0131 ise eve geldiklerinde cep telefonu ile \u00e7ekim yaparken ba\u015fka odada yang\u0131n \u00e7\u0131kt\u0131\u011f\u0131n\u0131 anbean kaydettiklerini anlatt\u0131.<\/p>\n<p>Ak\u0131l ailesi, yang\u0131nlar\u0131n bitmesi i\u00e7in \u00e7\u00f6z\u00fcm bekliyor.<\/p>\n","protected":false},"excerpt":{"rendered":"<p>Evdeki e\u015fyalar\u0131 tek tek yanan aile zor g\u00fcnler ya\u015f\u0131yor Adana&#8217;n\u0131n Kozan il\u00e7esinde bir apartman dairesinde ya\u015fayan Ak\u0131l ailesinin hayat\u0131, 3<\/p>\n","protected":false},"author":1,"featured_media":0,"comment_status":"open","ping_status":"open","sticky":false,"template":"","format":"standard","meta":{"footnotes":""},"categories":[10],"tags":[],"class_list":["post-684","post","type-post","status-publish","format-standard","hentry","category-gundem"],"yoast_head":"<!-- This site is optimized with the Yoast SEO plugin v28.2 - https:\/\/yoast.com\/product\/yoast-seo-wordpress\/ -->\n<title>- MAV\u0130 HABER<\/title>\n<meta name=\"robots\" content=\"index, follow, max-snippet:-1, max-image-preview:large, max-video-preview:-1\" \/>\n<link rel=\"canonical\" href=\"https:\/\/www.mavihaber.com.tr\/?p=684\" \/>\n<meta property=\"og:locale\" content=\"tr_TR\" \/>\n<meta property=\"og:type\" content=\"article\" \/>\n<meta property=\"og:title\" content=\"- MAV\u0130 HABER\" \/>\n<meta property=\"og:description\" content=\"Evdeki e\u015fyalar\u0131 tek tek yanan aile zor g\u00fcnler ya\u015f\u0131yor Adana&#8217;n\u0131n Kozan il\u00e7esinde bir apartman dairesinde ya\u015fayan Ak\u0131l ailesinin hayat\u0131, 3\" \/>\n<meta property=\"og:url\" content=\"https:\/\/www.mavihaber.com.tr\/?p=684\" \/>\n<meta property=\"og:site_name\" content=\"MAV\u0130 HABER\" \/>\n<meta property=\"article:publisher\" content=\"https:\/\/www.facebook.com\/ceyhan.mavi.142\/\" \/>\n<meta property=\"article:published_time\" content=\"2022-02-25T09:39:51+00:00\" \/>\n<meta property=\"article:modified_time\" content=\"2022-02-25T09:47:04+00:00\" \/>\n<meta name=\"author\" content=\"MAV\u0130 HABER\" \/>\n<meta name=\"twitter:card\" content=\"summary_large_image\" \/>\n<meta name=\"twitter:creator\" content=\"@ceyhanmavihaber\" \/>\n<meta name=\"twitter:site\" content=\"@ceyhanmavihaber\" \/>\n<meta name=\"twitter:label1\" content=\"Yazan:\" \/>\n\t<meta name=\"twitter:data1\" content=\"MAV\u0130 HABER\" \/>\n\t<meta name=\"twitter:label2\" content=\"Tahmini okuma s\u00fcresi\" \/>\n\t<meta name=\"twitter:data2\" content=\"3 dakika\" \/>\n<script type=\"application\/ld+json\" class=\"yoast-schema-graph\">{\"@context\":\"https:\\\/\\\/schema.org\",\"@graph\":[{\"@type\":\"Article\",\"@id\":\"https:\\\/\\\/www.mavihaber.com.tr\\\/?p=684#article\",\"isPartOf\":{\"@id\":\"https:\\\/\\\/www.mavihaber.com.tr\\\/?p=684\"},\"author\":{\"name\":\"MAV\u0130 HABER\",\"@id\":\"https:\\\/\\\/www.mavihaber.com.tr\\\/#\\\/schema\\\/person\\\/6b483c36decdaf2ea80ccc7e00592ec5\"},\"headline\":\"Ba\u015fl\u0131k yok\",\"datePublished\":\"2022-02-25T09:39:51+00:00\",\"dateModified\":\"2022-02-25T09:47:04+00:00\",\"mainEntityOfPage\":{\"@id\":\"https:\\\/\\\/www.mavihaber.com.tr\\\/?p=684\"},\"wordCount\":454,\"commentCount\":0,\"publisher\":{\"@id\":\"https:\\\/\\\/www.mavihaber.com.tr\\\/#organization\"},\"image\":{\"@id\":\"https:\\\/\\\/www.mavihaber.com.tr\\\/?p=684#primaryimage\"},\"thumbnailUrl\":\"http:\\\/\\\/www.mavihaber.com.tr\\\/wp-content\\\/uploads\\\/2022\\\/02\\\/evde-pes-pese-cikan-yanginlar-hayatlarini-kab-9-14757305_o-226x300.jpg\",\"articleSection\":[\"G\u00fcndem\"],\"inLanguage\":\"tr\",\"potentialAction\":[{\"@type\":\"CommentAction\",\"name\":\"Comment\",\"target\":[\"https:\\\/\\\/www.mavihaber.com.tr\\\/?p=684#respond\"]}]},{\"@type\":\"WebPage\",\"@id\":\"https:\\\/\\\/www.mavihaber.com.tr\\\/?p=684\",\"url\":\"https:\\\/\\\/www.mavihaber.com.tr\\\/?p=684\",\"name\":\"- MAV\u0130 HABER\",\"isPartOf\":{\"@id\":\"https:\\\/\\\/www.mavihaber.com.tr\\\/#website\"},\"primaryImageOfPage\":{\"@id\":\"https:\\\/\\\/www.mavihaber.com.tr\\\/?p=684#primaryimage\"},\"image\":{\"@id\":\"https:\\\/\\\/www.mavihaber.com.tr\\\/?p=684#primaryimage\"},\"thumbnailUrl\":\"http:\\\/\\\/www.mavihaber.com.tr\\\/wp-content\\\/uploads\\\/2022\\\/02\\\/evde-pes-pese-cikan-yanginlar-hayatlarini-kab-9-14757305_o-226x300.jpg\",\"datePublished\":\"2022-02-25T09:39:51+00:00\",\"dateModified\":\"2022-02-25T09:47:04+00:00\",\"inLanguage\":\"tr\",\"potentialAction\":[{\"@type\":\"ReadAction\",\"target\":[\"https:\\\/\\\/www.mavihaber.com.tr\\\/?p=684\"]}]},{\"@type\":\"ImageObject\",\"inLanguage\":\"tr\",\"@id\":\"https:\\\/\\\/www.mavihaber.com.tr\\\/?p=684#primaryimage\",\"url\":\"\",\"contentUrl\":\"\"},{\"@type\":\"WebSite\",\"@id\":\"https:\\\/\\\/www.mavihaber.com.tr\\\/#website\",\"url\":\"https:\\\/\\\/www.mavihaber.com.tr\\\/\",\"name\":\"MAV\u0130 HABER\",\"description\":\"S&Ouml;Z U&Ccedil;AR YAZI KALIR\",\"publisher\":{\"@id\":\"https:\\\/\\\/www.mavihaber.com.tr\\\/#organization\"},\"potentialAction\":[{\"@type\":\"SearchAction\",\"target\":{\"@type\":\"EntryPoint\",\"urlTemplate\":\"https:\\\/\\\/www.mavihaber.com.tr\\\/?s={search_term_string}\"},\"query-input\":{\"@type\":\"PropertyValueSpecification\",\"valueRequired\":true,\"valueName\":\"search_term_string\"}}],\"inLanguage\":\"tr\"},{\"@type\":\"Organization\",\"@id\":\"https:\\\/\\\/www.mavihaber.com.tr\\\/#organization\",\"name\":\"MAV\u0130 HABER\",\"url\":\"https:\\\/\\\/www.mavihaber.com.tr\\\/\",\"logo\":{\"@type\":\"ImageObject\",\"inLanguage\":\"tr\",\"@id\":\"https:\\\/\\\/www.mavihaber.com.tr\\\/#\\\/schema\\\/logo\\\/image\\\/\",\"url\":\"http:\\\/\\\/www.mavihaber.com.tr\\\/wp-content\\\/uploads\\\/2022\\\/02\\\/mavi-logo.png\",\"contentUrl\":\"http:\\\/\\\/www.mavihaber.com.tr\\\/wp-content\\\/uploads\\\/2022\\\/02\\\/mavi-logo.png\",\"width\":301,\"height\":81,\"caption\":\"MAV\u0130 HABER\"},\"image\":{\"@id\":\"https:\\\/\\\/www.mavihaber.com.tr\\\/#\\\/schema\\\/logo\\\/image\\\/\"},\"sameAs\":[\"https:\\\/\\\/www.facebook.com\\\/ceyhan.mavi.142\\\/\",\"https:\\\/\\\/x.com\\\/ceyhanmavihaber\",\"https:\\\/\\\/www.instagram.com\\\/ceyhanmavihaber\\\/\",\"https:\\\/\\\/www.youtube.com\\\/channel\\\/UCJQ-0-AFgj2GjI269QDUwNw\"]},{\"@type\":\"Person\",\"@id\":\"https:\\\/\\\/www.mavihaber.com.tr\\\/#\\\/schema\\\/person\\\/6b483c36decdaf2ea80ccc7e00592ec5\",\"name\":\"MAV\u0130 HABER\",\"image\":{\"@type\":\"ImageObject\",\"inLanguage\":\"tr\",\"@id\":\"https:\\\/\\\/secure.gravatar.com\\\/avatar\\\/8ec447ff07537b3472bb74c7b4212a4d84d9e722e01a066cab36264a08dd2a23?s=96&d=mm&r=g\",\"url\":\"https:\\\/\\\/secure.gravatar.com\\\/avatar\\\/8ec447ff07537b3472bb74c7b4212a4d84d9e722e01a066cab36264a08dd2a23?s=96&d=mm&r=g\",\"contentUrl\":\"https:\\\/\\\/secure.gravatar.com\\\/avatar\\\/8ec447ff07537b3472bb74c7b4212a4d84d9e722e01a066cab36264a08dd2a23?s=96&d=mm&r=g\",\"caption\":\"MAV\u0130 HABER\"},\"sameAs\":[\"http:\\\/\\\/www.mavihaber.com.tr\"],\"url\":\"https:\\\/\\\/www.mavihaber.com.tr\\\/?author=1\"}]}<\/script>\n<!-- \/ Yoast SEO plugin. -->","yoast_head_json":{"title":"- MAV\u0130 HABER","robots":{"index":"index","follow":"follow","max-snippet":"max-snippet:-1","max-image-preview":"max-image-preview:large","max-video-preview":"max-video-preview:-1"},"canonical":"https:\/\/www.mavihaber.com.tr\/?p=684","og_locale":"tr_TR","og_type":"article","og_title":"- MAV\u0130 HABER","og_description":"Evdeki e\u015fyalar\u0131 tek tek yanan aile zor g\u00fcnler ya\u015f\u0131yor Adana&#8217;n\u0131n Kozan il\u00e7esinde bir apartman dairesinde ya\u015fayan Ak\u0131l ailesinin hayat\u0131, 3","og_url":"https:\/\/www.mavihaber.com.tr\/?p=684","og_site_name":"MAV\u0130 HABER","article_publisher":"https:\/\/www.facebook.com\/ceyhan.mavi.142\/","article_published_time":"2022-02-25T09:39:51+00:00","article_modified_time":"2022-02-25T09:47:04+00:00","author":"MAV\u0130 HABER","twitter_card":"summary_large_image","twitter_creator":"@ceyhanmavihaber","twitter_site":"@ceyhanmavihaber","twitter_misc":{"Yazan:":"MAV\u0130 HABER","Tahmini okuma s\u00fcresi":"3 dakika"},"schema":{"@context":"https:\/\/schema.org","@graph":[{"@type":"Article","@id":"https:\/\/www.mavihaber.com.tr\/?p=684#article","isPartOf":{"@id":"https:\/\/www.mavihaber.com.tr\/?p=684"},"author":{"name":"MAV\u0130 HABER","@id":"https:\/\/www.mavihaber.com.tr\/#\/schema\/person\/6b483c36decdaf2ea80ccc7e00592ec5"},"headline":"Ba\u015fl\u0131k yok","datePublished":"2022-02-25T09:39:51+00:00","dateModified":"2022-02-25T09:47:04+00:00","mainEntityOfPage":{"@id":"https:\/\/www.mavihaber.com.tr\/?p=684"},"wordCount":454,"commentCount":0,"publisher":{"@id":"https:\/\/www.mavihaber.com.tr\/#organization"},"image":{"@id":"https:\/\/www.mavihaber.com.tr\/?p=684#primaryimage"},"thumbnailUrl":"http:\/\/www.mavihaber.com.tr\/wp-content\/uploads\/2022\/02\/evde-pes-pese-cikan-yanginlar-hayatlarini-kab-9-14757305_o-226x300.jpg","articleSection":["G\u00fcndem"],"inLanguage":"tr","potentialAction":[{"@type":"CommentAction","name":"Comment","target":["https:\/\/www.mavihaber.com.tr\/?p=684#respond"]}]},{"@type":"WebPage","@id":"https:\/\/www.mavihaber.com.tr\/?p=684","url":"https:\/\/www.mavihaber.com.tr\/?p=684","name":"- MAV\u0130 HABER","isPartOf":{"@id":"https:\/\/www.mavihaber.com.tr\/#website"},"primaryImageOfPage":{"@id":"https:\/\/www.mavihaber.com.tr\/?p=684#primaryimage"},"image":{"@id":"https:\/\/www.mavihaber.com.tr\/?p=684#primaryimage"},"thumbnailUrl":"http:\/\/www.mavihaber.com.tr\/wp-content\/uploads\/2022\/02\/evde-pes-pese-cikan-yanginlar-hayatlarini-kab-9-14757305_o-226x300.jpg","datePublished":"2022-02-25T09:39:51+00:00","dateModified":"2022-02-25T09:47:04+00:00","inLanguage":"tr","potentialAction":[{"@type":"ReadAction","target":["https:\/\/www.mavihaber.com.tr\/?p=684"]}]},{"@type":"ImageObject","inLanguage":"tr","@id":"https:\/\/www.mavihaber.com.tr\/?p=684#primaryimage","url":"","contentUrl":""},{"@type":"WebSite","@id":"https:\/\/www.mavihaber.com.tr\/#website","url":"https:\/\/www.mavihaber.com.tr\/","name":"MAV\u0130 HABER","description":"S&Ouml;Z U&Ccedil;AR YAZI KALIR","publisher":{"@id":"https:\/\/www.mavihaber.com.tr\/#organization"},"potentialAction":[{"@type":"SearchAction","target":{"@type":"EntryPoint","urlTemplate":"https:\/\/www.mavihaber.com.tr\/?s={search_term_string}"},"query-input":{"@type":"PropertyValueSpecification","valueRequired":true,"valueName":"search_term_string"}}],"inLanguage":"tr"},{"@type":"Organization","@id":"https:\/\/www.mavihaber.com.tr\/#organization","name":"MAV\u0130 HABER","url":"https:\/\/www.mavihaber.com.tr\/","logo":{"@type":"ImageObject","inLanguage":"tr","@id":"https:\/\/www.mavihaber.com.tr\/#\/schema\/logo\/image\/","url":"http:\/\/www.mavihaber.com.tr\/wp-content\/uploads\/2022\/02\/mavi-logo.png","contentUrl":"http:\/\/www.mavihaber.com.tr\/wp-content\/uploads\/2022\/02\/mavi-logo.png","width":301,"height":81,"caption":"MAV\u0130 HABER"},"image":{"@id":"https:\/\/www.mavihaber.com.tr\/#\/schema\/logo\/image\/"},"sameAs":["https:\/\/www.facebook.com\/ceyhan.mavi.142\/","https:\/\/x.com\/ceyhanmavihaber","https:\/\/www.instagram.com\/ceyhanmavihaber\/","https:\/\/www.youtube.com\/channel\/UCJQ-0-AFgj2GjI269QDUwNw"]},{"@type":"Person","@id":"https:\/\/www.mavihaber.com.tr\/#\/schema\/person\/6b483c36decdaf2ea80ccc7e00592ec5","name":"MAV\u0130 HABER","image":{"@type":"ImageObject","inLanguage":"tr","@id":"https:\/\/secure.gravatar.com\/avatar\/8ec447ff07537b3472bb74c7b4212a4d84d9e722e01a066cab36264a08dd2a23?s=96&d=mm&r=g","url":"https:\/\/secure.gravatar.com\/avatar\/8ec447ff07537b3472bb74c7b4212a4d84d9e722e01a066cab36264a08dd2a23?s=96&d=mm&r=g","contentUrl":"https:\/\/secure.gravatar.com\/avatar\/8ec447ff07537b3472bb74c7b4212a4d84d9e722e01a066cab36264a08dd2a23?s=96&d=mm&r=g","caption":"MAV\u0130 HABER"},"sameAs":["http:\/\/www.mavihaber.com.tr"],"url":"https:\/\/www.mavihaber.com.tr\/?author=1"}]}},"views":409,"_links":{"self":[{"href":"https:\/\/www.mavihaber.com.tr\/index.php?rest_route=\/wp\/v2\/posts\/684","targetHints":{"allow":["GET"]}}],"collection":[{"href":"https:\/\/www.mavihaber.com.tr\/index.php?rest_route=\/wp\/v2\/posts"}],"about":[{"href":"https:\/\/www.mavihaber.com.tr\/index.php?rest_route=\/wp\/v2\/types\/post"}],"author":[{"embeddable":true,"href":"https:\/\/www.mavihaber.com.tr\/index.php?rest_route=\/wp\/v2\/users\/1"}],"replies":[{"embeddable":true,"href":"https:\/\/www.mavihaber.com.tr\/index.php?rest_route=%2Fwp%2Fv2%2Fcomments&post=684"}],"version-history":[{"count":1,"href":"https:\/\/www.mavihaber.com.tr\/index.php?rest_route=\/wp\/v2\/posts\/684\/revisions"}],"predecessor-version":[{"id":690,"href":"https:\/\/www.mavihaber.com.tr\/index.php?rest_route=\/wp\/v2\/posts\/684\/revisions\/690"}],"wp:attachment":[{"href":"https:\/\/www.mavihaber.com.tr\/index.php?rest_route=%2Fwp%2Fv2%2Fmedia&parent=684"}],"wp:term":[{"taxonomy":"category","embeddable":true,"href":"https:\/\/www.mavihaber.com.tr\/index.php?rest_route=%2Fwp%2Fv2%2Fcategories&post=684"},{"taxonomy":"post_tag","embeddable":true,"href":"https:\/\/www.mavihaber.com.tr\/index.php?rest_route=%2Fwp%2Fv2%2Ftags&post=684"}],"curies":[{"name":"wp","href":"https:\/\/api.w.org\/{rel}","templated":true}]}}