{"id":785,"date":"2022-03-02T10:12:49","date_gmt":"2022-03-02T10:12:49","guid":{"rendered":"http:\/\/www.mavihaber.com.tr\/?p=785"},"modified":"2022-03-02T10:12:49","modified_gmt":"2022-03-02T10:12:49","slug":"ben-kurekle-vurdum-o-bicakla-yaraladi","status":"publish","type":"post","link":"https:\/\/www.mavihaber.com.tr\/?p=785","title":{"rendered":"Ben k\u00fcrekle vurdum. O B\u0131\u00e7akla yaralad\u0131."},"content":{"rendered":"<h2 id=\"spot\" class=\"mt10 haber_ozet\"><span style=\"font-size: 16px;\">Adana&#8217;n\u0131n merkez Y\u00fcre\u011fir il\u00e7esinde, kar\u0131s\u0131n\u0131 yaralad\u0131\u011f\u0131 kavgada kendisi de hafif yaralanan koca tutukland\u0131.<\/span><\/h2>\n<div class=\"wrapper detay-v3_3 haber_metni pad-bot-20\">\n<p>\u0130ddiaya g\u00f6re, Dogankent cumhuriyet mahallesi&#8217;nde Ceylan S. (28), sabah eve gelen kocas\u0131 Yusuf S&#8217;yi (32) uyu\u015fturucu kulland\u0131\u011f\u0131 gerek\u00e7esiyle eve almad\u0131.<\/p>\n<p>Bunun \u00fczerine \u00e7ift aras\u0131nda tart\u0131\u015fma ya\u015fand\u0131. Tart\u0131\u015fman\u0131n b\u00fcy\u00fcmesiyle \u00e7\u0131kan kavgada Yusuf S. e\u015fini k\u00fcrekle darp etti Kavga s\u0131ras\u0131nda Yusuf S, e\u015finin elindeki b\u0131\u00e7a\u011f\u0131 almaya \u00e7al\u0131\u015f\u0131rken kar\u0131 koca elinden yaraland\u0131.<\/p>\n<p id=\"inpage_reklam\">\n<p>Mahalle sakinlerinin durumu bildirmesi \u00fczerine adrese polis ve 112 Acil Sa\u011fl\u0131k ekipleri sevk edildi.<\/p>\n<p>Ceylan S, ambulansla Seyhan Devlet Hastanesine g\u00f6t\u00fcr\u00fcld\u00fc.<\/p>\n<p>Ayakta tedavisi yap\u0131lan Yusuf S. ise polis ekiplerince g\u00f6zalt\u0131na al\u0131nd\u0131.<\/p>\n<p>Sa\u011fl\u0131k kontrol\u00fc i\u00e7in Adana adli t\u0131p Birimine g\u00f6t\u00fcr\u00fclen Yusuf S, kendisini g\u00f6r\u00fcnt\u00fcleyen gazetecilere, &#8220;Ben k\u00fcrekle vurdum. O b\u0131\u00e7akla beni yaralad\u0131. Ma\u011fdur olan benim.&#8221; ifadelerini kulland\u0131.<\/p>\n<p>Emniyetteki i\u015flemlerinin ard\u0131ndan adliyeye sevk edilen Yusuf S, \u00e7\u0131kar\u0131ld\u0131\u011f\u0131 n\u00f6bet\u00e7i hakimlik\u00e7e tutukland\u0131.<\/p>\n<\/div>\n","protected":false},"excerpt":{"rendered":"<p>Adana&#8217;n\u0131n merkez Y\u00fcre\u011fir il\u00e7esinde, kar\u0131s\u0131n\u0131 yaralad\u0131\u011f\u0131 kavgada kendisi de hafif yaralanan koca tutukland\u0131. \u0130ddiaya g\u00f6re, Dogankent cumhuriyet mahallesi&#8217;nde Ceylan S.<\/p>\n","protected":false},"author":1,"featured_media":0,"comment_status":"open","ping_status":"open","sticky":false,"template":"","format":"standard","meta":{"footnotes":""},"categories":[10],"tags":[],"class_list":["post-785","post","type-post","status-publish","format-standard","hentry","category-gundem"],"yoast_head":"<!-- This site is optimized with the Yoast SEO plugin v28.2 - https:\/\/yoast.com\/product\/yoast-seo-wordpress\/ -->\n<title>Ben k\u00fcrekle vurdum. O B\u0131\u00e7akla yaralad\u0131. - MAV\u0130 HABER<\/title>\n<meta name=\"robots\" content=\"index, follow, max-snippet:-1, max-image-preview:large, max-video-preview:-1\" \/>\n<link rel=\"canonical\" href=\"https:\/\/www.mavihaber.com.tr\/?p=785\" \/>\n<meta property=\"og:locale\" content=\"tr_TR\" \/>\n<meta property=\"og:type\" content=\"article\" \/>\n<meta property=\"og:title\" content=\"Ben k\u00fcrekle vurdum. O B\u0131\u00e7akla yaralad\u0131. - MAV\u0130 HABER\" \/>\n<meta property=\"og:description\" content=\"Adana&#8217;n\u0131n merkez Y\u00fcre\u011fir il\u00e7esinde, kar\u0131s\u0131n\u0131 yaralad\u0131\u011f\u0131 kavgada kendisi de hafif yaralanan koca tutukland\u0131. \u0130ddiaya g\u00f6re, Dogankent cumhuriyet mahallesi&#8217;nde Ceylan S.\" \/>\n<meta property=\"og:url\" content=\"https:\/\/www.mavihaber.com.tr\/?p=785\" \/>\n<meta property=\"og:site_name\" content=\"MAV\u0130 HABER\" \/>\n<meta property=\"article:publisher\" content=\"https:\/\/www.facebook.com\/ceyhan.mavi.142\/\" \/>\n<meta property=\"article:published_time\" content=\"2022-03-02T10:12:49+00:00\" \/>\n<meta name=\"author\" content=\"MAV\u0130 HABER\" \/>\n<meta name=\"twitter:card\" content=\"summary_large_image\" \/>\n<meta name=\"twitter:creator\" content=\"@ceyhanmavihaber\" \/>\n<meta name=\"twitter:site\" content=\"@ceyhanmavihaber\" \/>\n<meta name=\"twitter:label1\" content=\"Yazan:\" \/>\n\t<meta name=\"twitter:data1\" content=\"MAV\u0130 HABER\" \/>\n\t<meta name=\"twitter:label2\" content=\"Tahmini okuma s\u00fcresi\" \/>\n\t<meta name=\"twitter:data2\" content=\"1 dakika\" \/>\n<script type=\"application\/ld+json\" class=\"yoast-schema-graph\">{\"@context\":\"https:\\\/\\\/schema.org\",\"@graph\":[{\"@type\":\"Article\",\"@id\":\"https:\\\/\\\/www.mavihaber.com.tr\\\/?p=785#article\",\"isPartOf\":{\"@id\":\"https:\\\/\\\/www.mavihaber.com.tr\\\/?p=785\"},\"author\":{\"name\":\"MAV\u0130 HABER\",\"@id\":\"https:\\\/\\\/www.mavihaber.com.tr\\\/#\\\/schema\\\/person\\\/6b483c36decdaf2ea80ccc7e00592ec5\"},\"headline\":\"Ben k\u00fcrekle vurdum. O B\u0131\u00e7akla yaralad\u0131.\",\"datePublished\":\"2022-03-02T10:12:49+00:00\",\"mainEntityOfPage\":{\"@id\":\"https:\\\/\\\/www.mavihaber.com.tr\\\/?p=785\"},\"wordCount\":186,\"commentCount\":0,\"publisher\":{\"@id\":\"https:\\\/\\\/www.mavihaber.com.tr\\\/#organization\"},\"articleSection\":[\"G\u00fcndem\"],\"inLanguage\":\"tr\",\"potentialAction\":[{\"@type\":\"CommentAction\",\"name\":\"Comment\",\"target\":[\"https:\\\/\\\/www.mavihaber.com.tr\\\/?p=785#respond\"]}]},{\"@type\":\"WebPage\",\"@id\":\"https:\\\/\\\/www.mavihaber.com.tr\\\/?p=785\",\"url\":\"https:\\\/\\\/www.mavihaber.com.tr\\\/?p=785\",\"name\":\"Ben k\u00fcrekle vurdum. O B\u0131\u00e7akla yaralad\u0131. - MAV\u0130 HABER\",\"isPartOf\":{\"@id\":\"https:\\\/\\\/www.mavihaber.com.tr\\\/#website\"},\"datePublished\":\"2022-03-02T10:12:49+00:00\",\"breadcrumb\":{\"@id\":\"https:\\\/\\\/www.mavihaber.com.tr\\\/?p=785#breadcrumb\"},\"inLanguage\":\"tr\",\"potentialAction\":[{\"@type\":\"ReadAction\",\"target\":[\"https:\\\/\\\/www.mavihaber.com.tr\\\/?p=785\"]}]},{\"@type\":\"BreadcrumbList\",\"@id\":\"https:\\\/\\\/www.mavihaber.com.tr\\\/?p=785#breadcrumb\",\"itemListElement\":[{\"@type\":\"ListItem\",\"position\":1,\"name\":\"Anasayfa\",\"item\":\"https:\\\/\\\/www.mavihaber.com.tr\\\/\"},{\"@type\":\"ListItem\",\"position\":2,\"name\":\"Ben k\u00fcrekle vurdum. O B\u0131\u00e7akla yaralad\u0131.\"}]},{\"@type\":\"WebSite\",\"@id\":\"https:\\\/\\\/www.mavihaber.com.tr\\\/#website\",\"url\":\"https:\\\/\\\/www.mavihaber.com.tr\\\/\",\"name\":\"MAV\u0130 HABER\",\"description\":\"S&Ouml;Z U&Ccedil;AR YAZI KALIR\",\"publisher\":{\"@id\":\"https:\\\/\\\/www.mavihaber.com.tr\\\/#organization\"},\"potentialAction\":[{\"@type\":\"SearchAction\",\"target\":{\"@type\":\"EntryPoint\",\"urlTemplate\":\"https:\\\/\\\/www.mavihaber.com.tr\\\/?s={search_term_string}\"},\"query-input\":{\"@type\":\"PropertyValueSpecification\",\"valueRequired\":true,\"valueName\":\"search_term_string\"}}],\"inLanguage\":\"tr\"},{\"@type\":\"Organization\",\"@id\":\"https:\\\/\\\/www.mavihaber.com.tr\\\/#organization\",\"name\":\"MAV\u0130 HABER\",\"url\":\"https:\\\/\\\/www.mavihaber.com.tr\\\/\",\"logo\":{\"@type\":\"ImageObject\",\"inLanguage\":\"tr\",\"@id\":\"https:\\\/\\\/www.mavihaber.com.tr\\\/#\\\/schema\\\/logo\\\/image\\\/\",\"url\":\"http:\\\/\\\/www.mavihaber.com.tr\\\/wp-content\\\/uploads\\\/2022\\\/02\\\/mavi-logo.png\",\"contentUrl\":\"http:\\\/\\\/www.mavihaber.com.tr\\\/wp-content\\\/uploads\\\/2022\\\/02\\\/mavi-logo.png\",\"width\":301,\"height\":81,\"caption\":\"MAV\u0130 HABER\"},\"image\":{\"@id\":\"https:\\\/\\\/www.mavihaber.com.tr\\\/#\\\/schema\\\/logo\\\/image\\\/\"},\"sameAs\":[\"https:\\\/\\\/www.facebook.com\\\/ceyhan.mavi.142\\\/\",\"https:\\\/\\\/x.com\\\/ceyhanmavihaber\",\"https:\\\/\\\/www.instagram.com\\\/ceyhanmavihaber\\\/\",\"https:\\\/\\\/www.youtube.com\\\/channel\\\/UCJQ-0-AFgj2GjI269QDUwNw\"]},{\"@type\":\"Person\",\"@id\":\"https:\\\/\\\/www.mavihaber.com.tr\\\/#\\\/schema\\\/person\\\/6b483c36decdaf2ea80ccc7e00592ec5\",\"name\":\"MAV\u0130 HABER\",\"image\":{\"@type\":\"ImageObject\",\"inLanguage\":\"tr\",\"@id\":\"https:\\\/\\\/secure.gravatar.com\\\/avatar\\\/8ec447ff07537b3472bb74c7b4212a4d84d9e722e01a066cab36264a08dd2a23?s=96&d=mm&r=g\",\"url\":\"https:\\\/\\\/secure.gravatar.com\\\/avatar\\\/8ec447ff07537b3472bb74c7b4212a4d84d9e722e01a066cab36264a08dd2a23?s=96&d=mm&r=g\",\"contentUrl\":\"https:\\\/\\\/secure.gravatar.com\\\/avatar\\\/8ec447ff07537b3472bb74c7b4212a4d84d9e722e01a066cab36264a08dd2a23?s=96&d=mm&r=g\",\"caption\":\"MAV\u0130 HABER\"},\"sameAs\":[\"http:\\\/\\\/www.mavihaber.com.tr\"],\"url\":\"https:\\\/\\\/www.mavihaber.com.tr\\\/?author=1\"}]}<\/script>\n<!-- \/ Yoast SEO plugin. -->","yoast_head_json":{"title":"Ben k\u00fcrekle vurdum. O B\u0131\u00e7akla yaralad\u0131. - MAV\u0130 HABER","robots":{"index":"index","follow":"follow","max-snippet":"max-snippet:-1","max-image-preview":"max-image-preview:large","max-video-preview":"max-video-preview:-1"},"canonical":"https:\/\/www.mavihaber.com.tr\/?p=785","og_locale":"tr_TR","og_type":"article","og_title":"Ben k\u00fcrekle vurdum. O B\u0131\u00e7akla yaralad\u0131. - MAV\u0130 HABER","og_description":"Adana&#8217;n\u0131n merkez Y\u00fcre\u011fir il\u00e7esinde, kar\u0131s\u0131n\u0131 yaralad\u0131\u011f\u0131 kavgada kendisi de hafif yaralanan koca tutukland\u0131. \u0130ddiaya g\u00f6re, Dogankent cumhuriyet mahallesi&#8217;nde Ceylan S.","og_url":"https:\/\/www.mavihaber.com.tr\/?p=785","og_site_name":"MAV\u0130 HABER","article_publisher":"https:\/\/www.facebook.com\/ceyhan.mavi.142\/","article_published_time":"2022-03-02T10:12:49+00:00","author":"MAV\u0130 HABER","twitter_card":"summary_large_image","twitter_creator":"@ceyhanmavihaber","twitter_site":"@ceyhanmavihaber","twitter_misc":{"Yazan:":"MAV\u0130 HABER","Tahmini okuma s\u00fcresi":"1 dakika"},"schema":{"@context":"https:\/\/schema.org","@graph":[{"@type":"Article","@id":"https:\/\/www.mavihaber.com.tr\/?p=785#article","isPartOf":{"@id":"https:\/\/www.mavihaber.com.tr\/?p=785"},"author":{"name":"MAV\u0130 HABER","@id":"https:\/\/www.mavihaber.com.tr\/#\/schema\/person\/6b483c36decdaf2ea80ccc7e00592ec5"},"headline":"Ben k\u00fcrekle vurdum. O B\u0131\u00e7akla yaralad\u0131.","datePublished":"2022-03-02T10:12:49+00:00","mainEntityOfPage":{"@id":"https:\/\/www.mavihaber.com.tr\/?p=785"},"wordCount":186,"commentCount":0,"publisher":{"@id":"https:\/\/www.mavihaber.com.tr\/#organization"},"articleSection":["G\u00fcndem"],"inLanguage":"tr","potentialAction":[{"@type":"CommentAction","name":"Comment","target":["https:\/\/www.mavihaber.com.tr\/?p=785#respond"]}]},{"@type":"WebPage","@id":"https:\/\/www.mavihaber.com.tr\/?p=785","url":"https:\/\/www.mavihaber.com.tr\/?p=785","name":"Ben k\u00fcrekle vurdum. O B\u0131\u00e7akla yaralad\u0131. - MAV\u0130 HABER","isPartOf":{"@id":"https:\/\/www.mavihaber.com.tr\/#website"},"datePublished":"2022-03-02T10:12:49+00:00","breadcrumb":{"@id":"https:\/\/www.mavihaber.com.tr\/?p=785#breadcrumb"},"inLanguage":"tr","potentialAction":[{"@type":"ReadAction","target":["https:\/\/www.mavihaber.com.tr\/?p=785"]}]},{"@type":"BreadcrumbList","@id":"https:\/\/www.mavihaber.com.tr\/?p=785#breadcrumb","itemListElement":[{"@type":"ListItem","position":1,"name":"Anasayfa","item":"https:\/\/www.mavihaber.com.tr\/"},{"@type":"ListItem","position":2,"name":"Ben k\u00fcrekle vurdum. O B\u0131\u00e7akla yaralad\u0131."}]},{"@type":"WebSite","@id":"https:\/\/www.mavihaber.com.tr\/#website","url":"https:\/\/www.mavihaber.com.tr\/","name":"MAV\u0130 HABER","description":"S&Ouml;Z U&Ccedil;AR YAZI KALIR","publisher":{"@id":"https:\/\/www.mavihaber.com.tr\/#organization"},"potentialAction":[{"@type":"SearchAction","target":{"@type":"EntryPoint","urlTemplate":"https:\/\/www.mavihaber.com.tr\/?s={search_term_string}"},"query-input":{"@type":"PropertyValueSpecification","valueRequired":true,"valueName":"search_term_string"}}],"inLanguage":"tr"},{"@type":"Organization","@id":"https:\/\/www.mavihaber.com.tr\/#organization","name":"MAV\u0130 HABER","url":"https:\/\/www.mavihaber.com.tr\/","logo":{"@type":"ImageObject","inLanguage":"tr","@id":"https:\/\/www.mavihaber.com.tr\/#\/schema\/logo\/image\/","url":"http:\/\/www.mavihaber.com.tr\/wp-content\/uploads\/2022\/02\/mavi-logo.png","contentUrl":"http:\/\/www.mavihaber.com.tr\/wp-content\/uploads\/2022\/02\/mavi-logo.png","width":301,"height":81,"caption":"MAV\u0130 HABER"},"image":{"@id":"https:\/\/www.mavihaber.com.tr\/#\/schema\/logo\/image\/"},"sameAs":["https:\/\/www.facebook.com\/ceyhan.mavi.142\/","https:\/\/x.com\/ceyhanmavihaber","https:\/\/www.instagram.com\/ceyhanmavihaber\/","https:\/\/www.youtube.com\/channel\/UCJQ-0-AFgj2GjI269QDUwNw"]},{"@type":"Person","@id":"https:\/\/www.mavihaber.com.tr\/#\/schema\/person\/6b483c36decdaf2ea80ccc7e00592ec5","name":"MAV\u0130 HABER","image":{"@type":"ImageObject","inLanguage":"tr","@id":"https:\/\/secure.gravatar.com\/avatar\/8ec447ff07537b3472bb74c7b4212a4d84d9e722e01a066cab36264a08dd2a23?s=96&d=mm&r=g","url":"https:\/\/secure.gravatar.com\/avatar\/8ec447ff07537b3472bb74c7b4212a4d84d9e722e01a066cab36264a08dd2a23?s=96&d=mm&r=g","contentUrl":"https:\/\/secure.gravatar.com\/avatar\/8ec447ff07537b3472bb74c7b4212a4d84d9e722e01a066cab36264a08dd2a23?s=96&d=mm&r=g","caption":"MAV\u0130 HABER"},"sameAs":["http:\/\/www.mavihaber.com.tr"],"url":"https:\/\/www.mavihaber.com.tr\/?author=1"}]}},"views":494,"_links":{"self":[{"href":"https:\/\/www.mavihaber.com.tr\/index.php?rest_route=\/wp\/v2\/posts\/785","targetHints":{"allow":["GET"]}}],"collection":[{"href":"https:\/\/www.mavihaber.com.tr\/index.php?rest_route=\/wp\/v2\/posts"}],"about":[{"href":"https:\/\/www.mavihaber.com.tr\/index.php?rest_route=\/wp\/v2\/types\/post"}],"author":[{"embeddable":true,"href":"https:\/\/www.mavihaber.com.tr\/index.php?rest_route=\/wp\/v2\/users\/1"}],"replies":[{"embeddable":true,"href":"https:\/\/www.mavihaber.com.tr\/index.php?rest_route=%2Fwp%2Fv2%2Fcomments&post=785"}],"version-history":[{"count":1,"href":"https:\/\/www.mavihaber.com.tr\/index.php?rest_route=\/wp\/v2\/posts\/785\/revisions"}],"predecessor-version":[{"id":787,"href":"https:\/\/www.mavihaber.com.tr\/index.php?rest_route=\/wp\/v2\/posts\/785\/revisions\/787"}],"wp:attachment":[{"href":"https:\/\/www.mavihaber.com.tr\/index.php?rest_route=%2Fwp%2Fv2%2Fmedia&parent=785"}],"wp:term":[{"taxonomy":"category","embeddable":true,"href":"https:\/\/www.mavihaber.com.tr\/index.php?rest_route=%2Fwp%2Fv2%2Fcategories&post=785"},{"taxonomy":"post_tag","embeddable":true,"href":"https:\/\/www.mavihaber.com.tr\/index.php?rest_route=%2Fwp%2Fv2%2Ftags&post=785"}],"curies":[{"name":"wp","href":"https:\/\/api.w.org\/{rel}","templated":true}]}}