{"id":803,"date":"2022-03-03T11:33:21","date_gmt":"2022-03-03T11:33:21","guid":{"rendered":"http:\/\/www.mavihaber.com.tr\/?p=803"},"modified":"2022-03-03T11:33:21","modified_gmt":"2022-03-03T11:33:21","slug":"korunma-tedbirlerine-devam-edilmeli-2","status":"publish","type":"post","link":"https:\/\/www.mavihaber.com.tr\/?p=803","title":{"rendered":"\u201cKorunma tedbirlerine devam edilmeli\u201d"},"content":{"rendered":"<p>Uzm. Dr. Mente\u015f.<\/p>\n<p>&nbsp;<\/p>\n<p>PANDEM\u0130 C\u0130DD\u0130YET\u0130N\u0130 KORUYOR<\/p>\n<p>Adana Tabip Odas\u0131 Ba\u015fkan\u0131 Uzm. Dr. Mente\u015f, Sa\u011fl\u0131k Bakanl\u0131\u011f\u0131\u2019n\u0131n maske kullan\u0131m zorunlulu\u011funu kald\u0131rmas\u0131na tepki g\u00f6stererek \u201c\u00dclkemizde her y\u0131l 500 binin \u00fczerinde vaka ve 1500 civar\u0131nda \u00f6l\u00fcm g\u00f6r\u00fclmektedir. Sa\u011fl\u0131k Bakanl\u0131\u011f\u0131 ald\u0131\u011f\u0131 karar\u0131 tekrar g\u00f6zden ge\u00e7irmelidir\u201d dedi.<\/p>\n<p>BAKANLIK HASTALANMALARI VE \u00d6L\u00dcMLER\u0130 ENGELLEYECEK TEDB\u0130RLER ALMALIDIR<\/p>\n<p>T\u00fcm d\u00fcnya \u00fclkelerinde ve T\u00fcrkiye\u2019de Covid 19 pandemisinin ciddiyetini koruyarak devam etti\u011fini ifade eden Adana Tabip Odas\u0131 Ba\u015fkan\u0131 Uzm. Dr. Selahattin Mente\u015f, \u201cBug\u00fcne kadar d\u00fcnyada 440 milyon vaka ve 6 milyona yak\u0131n \u00f6l\u00fcm g\u00f6r\u00fclm\u00fc\u015ft\u00fcr. \u00dclkemizde ise 14 milyonu a\u015fan vaka ve 100 binlere yakla\u015fan \u00f6l\u00fcm g\u00f6r\u00fclm\u00fc\u015ft\u00fcr. \u00dclkemizde ise haftada 500 binin \u00fczerinde yeni vaka g\u00f6r\u00fclmekte ve 1500 e yak\u0131n vatanda\u015f\u0131m\u0131z Covid-19 nedeniyle vefat etmektedir. Pandemi ciddiyetini koruyor iken Sa\u011fl\u0131k Bakanl\u0131\u011f\u0131\u2019n\u0131n g\u00f6revi vatanda\u015flar\u0131n\u0131n hastalanmas\u0131n\u0131 ve \u00f6lmesini engelleyecek tedbirler almak olmal\u0131d\u0131r. Durum bu halde iken Sa\u011fl\u0131k Bakanl\u0131\u011f\u0131n\u0131n pandemi ile sava\u015f\u0131 tekrar sekteye u\u011fratacak tav\u0131r ve davran\u0131\u015flar\u0131 endi\u015fe vericidir\u201d<\/p>\n<p>PANDEM\u0130 P\u0130K\u0130 SONA ERENE KADAR KURALLARA UYULMALIDIR<\/p>\n<p>Maske konusunda yarat\u0131lan karma\u015fa nedeniyle sorunlar \u00e7\u0131kaca\u011f\u0131n\u0131n a\u00e7\u0131k oldu\u011funun alt\u0131n\u0131 \u00e7izen Ba\u015fkan Uzm. Dr. Mente\u015f, \u201cBiz hekimler a\u00e7\u0131s\u0131ndan hastaneler ve ASM\u2019lerde maske tak\u0131lmas\u0131 y\u00f6n\u00fcnde uyar\u0131lar\u0131m\u0131z olumsuz tav\u0131rlarla kar\u015f\u0131lanma riski ta\u015f\u0131maktad\u0131r. Ayn\u0131 zamanda sa\u011fl\u0131k personelinin daha \u00e7ok hastalanmas\u0131na ve hizmetin y\u00fcr\u00fct\u00fclmesinde aksamalara neden olacakt\u0131r. Bu noktada yap\u0131lmas\u0131 gereken pandemi piki sona erene kadar kurallara s\u0131k\u0131 uyulmas\u0131 ve a\u015f\u0131lama oran\u0131n\u0131n h\u0131zla y\u00fckseltilmesi gereklidir. Sa\u011fl\u0131k Bakanl\u0131\u011f\u0131na ald\u0131\u011f\u0131 karar\u0131 tekrar g\u00f6zden ge\u00e7irmeye davet ediyoruz. Halk\u0131m\u0131z\u0131 da hasta olmamak i\u00e7in kurallara s\u0131k\u0131 bir \u015fekilde uymaya \u00e7a\u011f\u0131r\u0131yoruz.\u201d diye konu\u015ftu.<\/p>\n","protected":false},"excerpt":{"rendered":"<p>Uzm. Dr. Mente\u015f. &nbsp; PANDEM\u0130 C\u0130DD\u0130YET\u0130N\u0130 KORUYOR Adana Tabip Odas\u0131 Ba\u015fkan\u0131 Uzm. Dr. Mente\u015f, Sa\u011fl\u0131k Bakanl\u0131\u011f\u0131\u2019n\u0131n maske kullan\u0131m zorunlulu\u011funu kald\u0131rmas\u0131na<\/p>\n","protected":false},"author":1,"featured_media":0,"comment_status":"open","ping_status":"open","sticky":false,"template":"","format":"standard","meta":{"footnotes":""},"categories":[12],"tags":[],"class_list":["post-803","post","type-post","status-publish","format-standard","hentry","category-saglik"],"yoast_head":"<!-- This site is optimized with the Yoast SEO plugin v28.2 - https:\/\/yoast.com\/product\/yoast-seo-wordpress\/ -->\n<title>\u201cKorunma tedbirlerine devam edilmeli\u201d - MAV\u0130 HABER<\/title>\n<meta name=\"robots\" content=\"index, follow, max-snippet:-1, max-image-preview:large, max-video-preview:-1\" \/>\n<link rel=\"canonical\" href=\"https:\/\/www.mavihaber.com.tr\/?p=803\" \/>\n<meta property=\"og:locale\" content=\"tr_TR\" \/>\n<meta property=\"og:type\" content=\"article\" \/>\n<meta property=\"og:title\" content=\"\u201cKorunma tedbirlerine devam edilmeli\u201d - MAV\u0130 HABER\" \/>\n<meta property=\"og:description\" content=\"Uzm. Dr. Mente\u015f. &nbsp; PANDEM\u0130 C\u0130DD\u0130YET\u0130N\u0130 KORUYOR Adana Tabip Odas\u0131 Ba\u015fkan\u0131 Uzm. Dr. Mente\u015f, Sa\u011fl\u0131k Bakanl\u0131\u011f\u0131\u2019n\u0131n maske kullan\u0131m zorunlulu\u011funu kald\u0131rmas\u0131na\" \/>\n<meta property=\"og:url\" content=\"https:\/\/www.mavihaber.com.tr\/?p=803\" \/>\n<meta property=\"og:site_name\" content=\"MAV\u0130 HABER\" \/>\n<meta property=\"article:publisher\" content=\"https:\/\/www.facebook.com\/ceyhan.mavi.142\/\" \/>\n<meta property=\"article:published_time\" content=\"2022-03-03T11:33:21+00:00\" \/>\n<meta name=\"author\" content=\"MAV\u0130 HABER\" \/>\n<meta name=\"twitter:card\" content=\"summary_large_image\" \/>\n<meta name=\"twitter:creator\" content=\"@ceyhanmavihaber\" \/>\n<meta name=\"twitter:site\" content=\"@ceyhanmavihaber\" \/>\n<meta name=\"twitter:label1\" content=\"Yazan:\" \/>\n\t<meta name=\"twitter:data1\" content=\"MAV\u0130 HABER\" \/>\n\t<meta name=\"twitter:label2\" content=\"Tahmini okuma s\u00fcresi\" \/>\n\t<meta name=\"twitter:data2\" content=\"2 dakika\" \/>\n<script type=\"application\/ld+json\" class=\"yoast-schema-graph\">{\"@context\":\"https:\\\/\\\/schema.org\",\"@graph\":[{\"@type\":\"Article\",\"@id\":\"https:\\\/\\\/www.mavihaber.com.tr\\\/?p=803#article\",\"isPartOf\":{\"@id\":\"https:\\\/\\\/www.mavihaber.com.tr\\\/?p=803\"},\"author\":{\"name\":\"MAV\u0130 HABER\",\"@id\":\"https:\\\/\\\/www.mavihaber.com.tr\\\/#\\\/schema\\\/person\\\/6b483c36decdaf2ea80ccc7e00592ec5\"},\"headline\":\"\u201cKorunma tedbirlerine devam edilmeli\u201d\",\"datePublished\":\"2022-03-03T11:33:21+00:00\",\"mainEntityOfPage\":{\"@id\":\"https:\\\/\\\/www.mavihaber.com.tr\\\/?p=803\"},\"wordCount\":347,\"commentCount\":0,\"publisher\":{\"@id\":\"https:\\\/\\\/www.mavihaber.com.tr\\\/#organization\"},\"articleSection\":[\"Sa\u011fl\u0131k\"],\"inLanguage\":\"tr\",\"potentialAction\":[{\"@type\":\"CommentAction\",\"name\":\"Comment\",\"target\":[\"https:\\\/\\\/www.mavihaber.com.tr\\\/?p=803#respond\"]}]},{\"@type\":\"WebPage\",\"@id\":\"https:\\\/\\\/www.mavihaber.com.tr\\\/?p=803\",\"url\":\"https:\\\/\\\/www.mavihaber.com.tr\\\/?p=803\",\"name\":\"\u201cKorunma tedbirlerine devam edilmeli\u201d - MAV\u0130 HABER\",\"isPartOf\":{\"@id\":\"https:\\\/\\\/www.mavihaber.com.tr\\\/#website\"},\"datePublished\":\"2022-03-03T11:33:21+00:00\",\"breadcrumb\":{\"@id\":\"https:\\\/\\\/www.mavihaber.com.tr\\\/?p=803#breadcrumb\"},\"inLanguage\":\"tr\",\"potentialAction\":[{\"@type\":\"ReadAction\",\"target\":[\"https:\\\/\\\/www.mavihaber.com.tr\\\/?p=803\"]}]},{\"@type\":\"BreadcrumbList\",\"@id\":\"https:\\\/\\\/www.mavihaber.com.tr\\\/?p=803#breadcrumb\",\"itemListElement\":[{\"@type\":\"ListItem\",\"position\":1,\"name\":\"Anasayfa\",\"item\":\"https:\\\/\\\/www.mavihaber.com.tr\\\/\"},{\"@type\":\"ListItem\",\"position\":2,\"name\":\"\u201cKorunma tedbirlerine devam edilmeli\u201d\"}]},{\"@type\":\"WebSite\",\"@id\":\"https:\\\/\\\/www.mavihaber.com.tr\\\/#website\",\"url\":\"https:\\\/\\\/www.mavihaber.com.tr\\\/\",\"name\":\"MAV\u0130 HABER\",\"description\":\"S&Ouml;Z U&Ccedil;AR YAZI KALIR\",\"publisher\":{\"@id\":\"https:\\\/\\\/www.mavihaber.com.tr\\\/#organization\"},\"potentialAction\":[{\"@type\":\"SearchAction\",\"target\":{\"@type\":\"EntryPoint\",\"urlTemplate\":\"https:\\\/\\\/www.mavihaber.com.tr\\\/?s={search_term_string}\"},\"query-input\":{\"@type\":\"PropertyValueSpecification\",\"valueRequired\":true,\"valueName\":\"search_term_string\"}}],\"inLanguage\":\"tr\"},{\"@type\":\"Organization\",\"@id\":\"https:\\\/\\\/www.mavihaber.com.tr\\\/#organization\",\"name\":\"MAV\u0130 HABER\",\"url\":\"https:\\\/\\\/www.mavihaber.com.tr\\\/\",\"logo\":{\"@type\":\"ImageObject\",\"inLanguage\":\"tr\",\"@id\":\"https:\\\/\\\/www.mavihaber.com.tr\\\/#\\\/schema\\\/logo\\\/image\\\/\",\"url\":\"http:\\\/\\\/www.mavihaber.com.tr\\\/wp-content\\\/uploads\\\/2022\\\/02\\\/mavi-logo.png\",\"contentUrl\":\"http:\\\/\\\/www.mavihaber.com.tr\\\/wp-content\\\/uploads\\\/2022\\\/02\\\/mavi-logo.png\",\"width\":301,\"height\":81,\"caption\":\"MAV\u0130 HABER\"},\"image\":{\"@id\":\"https:\\\/\\\/www.mavihaber.com.tr\\\/#\\\/schema\\\/logo\\\/image\\\/\"},\"sameAs\":[\"https:\\\/\\\/www.facebook.com\\\/ceyhan.mavi.142\\\/\",\"https:\\\/\\\/x.com\\\/ceyhanmavihaber\",\"https:\\\/\\\/www.instagram.com\\\/ceyhanmavihaber\\\/\",\"https:\\\/\\\/www.youtube.com\\\/channel\\\/UCJQ-0-AFgj2GjI269QDUwNw\"]},{\"@type\":\"Person\",\"@id\":\"https:\\\/\\\/www.mavihaber.com.tr\\\/#\\\/schema\\\/person\\\/6b483c36decdaf2ea80ccc7e00592ec5\",\"name\":\"MAV\u0130 HABER\",\"image\":{\"@type\":\"ImageObject\",\"inLanguage\":\"tr\",\"@id\":\"https:\\\/\\\/secure.gravatar.com\\\/avatar\\\/8ec447ff07537b3472bb74c7b4212a4d84d9e722e01a066cab36264a08dd2a23?s=96&d=mm&r=g\",\"url\":\"https:\\\/\\\/secure.gravatar.com\\\/avatar\\\/8ec447ff07537b3472bb74c7b4212a4d84d9e722e01a066cab36264a08dd2a23?s=96&d=mm&r=g\",\"contentUrl\":\"https:\\\/\\\/secure.gravatar.com\\\/avatar\\\/8ec447ff07537b3472bb74c7b4212a4d84d9e722e01a066cab36264a08dd2a23?s=96&d=mm&r=g\",\"caption\":\"MAV\u0130 HABER\"},\"sameAs\":[\"http:\\\/\\\/www.mavihaber.com.tr\"],\"url\":\"https:\\\/\\\/www.mavihaber.com.tr\\\/?author=1\"}]}<\/script>\n<!-- \/ Yoast SEO plugin. -->","yoast_head_json":{"title":"\u201cKorunma tedbirlerine devam edilmeli\u201d - MAV\u0130 HABER","robots":{"index":"index","follow":"follow","max-snippet":"max-snippet:-1","max-image-preview":"max-image-preview:large","max-video-preview":"max-video-preview:-1"},"canonical":"https:\/\/www.mavihaber.com.tr\/?p=803","og_locale":"tr_TR","og_type":"article","og_title":"\u201cKorunma tedbirlerine devam edilmeli\u201d - MAV\u0130 HABER","og_description":"Uzm. Dr. Mente\u015f. &nbsp; PANDEM\u0130 C\u0130DD\u0130YET\u0130N\u0130 KORUYOR Adana Tabip Odas\u0131 Ba\u015fkan\u0131 Uzm. Dr. Mente\u015f, Sa\u011fl\u0131k Bakanl\u0131\u011f\u0131\u2019n\u0131n maske kullan\u0131m zorunlulu\u011funu kald\u0131rmas\u0131na","og_url":"https:\/\/www.mavihaber.com.tr\/?p=803","og_site_name":"MAV\u0130 HABER","article_publisher":"https:\/\/www.facebook.com\/ceyhan.mavi.142\/","article_published_time":"2022-03-03T11:33:21+00:00","author":"MAV\u0130 HABER","twitter_card":"summary_large_image","twitter_creator":"@ceyhanmavihaber","twitter_site":"@ceyhanmavihaber","twitter_misc":{"Yazan:":"MAV\u0130 HABER","Tahmini okuma s\u00fcresi":"2 dakika"},"schema":{"@context":"https:\/\/schema.org","@graph":[{"@type":"Article","@id":"https:\/\/www.mavihaber.com.tr\/?p=803#article","isPartOf":{"@id":"https:\/\/www.mavihaber.com.tr\/?p=803"},"author":{"name":"MAV\u0130 HABER","@id":"https:\/\/www.mavihaber.com.tr\/#\/schema\/person\/6b483c36decdaf2ea80ccc7e00592ec5"},"headline":"\u201cKorunma tedbirlerine devam edilmeli\u201d","datePublished":"2022-03-03T11:33:21+00:00","mainEntityOfPage":{"@id":"https:\/\/www.mavihaber.com.tr\/?p=803"},"wordCount":347,"commentCount":0,"publisher":{"@id":"https:\/\/www.mavihaber.com.tr\/#organization"},"articleSection":["Sa\u011fl\u0131k"],"inLanguage":"tr","potentialAction":[{"@type":"CommentAction","name":"Comment","target":["https:\/\/www.mavihaber.com.tr\/?p=803#respond"]}]},{"@type":"WebPage","@id":"https:\/\/www.mavihaber.com.tr\/?p=803","url":"https:\/\/www.mavihaber.com.tr\/?p=803","name":"\u201cKorunma tedbirlerine devam edilmeli\u201d - MAV\u0130 HABER","isPartOf":{"@id":"https:\/\/www.mavihaber.com.tr\/#website"},"datePublished":"2022-03-03T11:33:21+00:00","breadcrumb":{"@id":"https:\/\/www.mavihaber.com.tr\/?p=803#breadcrumb"},"inLanguage":"tr","potentialAction":[{"@type":"ReadAction","target":["https:\/\/www.mavihaber.com.tr\/?p=803"]}]},{"@type":"BreadcrumbList","@id":"https:\/\/www.mavihaber.com.tr\/?p=803#breadcrumb","itemListElement":[{"@type":"ListItem","position":1,"name":"Anasayfa","item":"https:\/\/www.mavihaber.com.tr\/"},{"@type":"ListItem","position":2,"name":"\u201cKorunma tedbirlerine devam edilmeli\u201d"}]},{"@type":"WebSite","@id":"https:\/\/www.mavihaber.com.tr\/#website","url":"https:\/\/www.mavihaber.com.tr\/","name":"MAV\u0130 HABER","description":"S&Ouml;Z U&Ccedil;AR YAZI KALIR","publisher":{"@id":"https:\/\/www.mavihaber.com.tr\/#organization"},"potentialAction":[{"@type":"SearchAction","target":{"@type":"EntryPoint","urlTemplate":"https:\/\/www.mavihaber.com.tr\/?s={search_term_string}"},"query-input":{"@type":"PropertyValueSpecification","valueRequired":true,"valueName":"search_term_string"}}],"inLanguage":"tr"},{"@type":"Organization","@id":"https:\/\/www.mavihaber.com.tr\/#organization","name":"MAV\u0130 HABER","url":"https:\/\/www.mavihaber.com.tr\/","logo":{"@type":"ImageObject","inLanguage":"tr","@id":"https:\/\/www.mavihaber.com.tr\/#\/schema\/logo\/image\/","url":"http:\/\/www.mavihaber.com.tr\/wp-content\/uploads\/2022\/02\/mavi-logo.png","contentUrl":"http:\/\/www.mavihaber.com.tr\/wp-content\/uploads\/2022\/02\/mavi-logo.png","width":301,"height":81,"caption":"MAV\u0130 HABER"},"image":{"@id":"https:\/\/www.mavihaber.com.tr\/#\/schema\/logo\/image\/"},"sameAs":["https:\/\/www.facebook.com\/ceyhan.mavi.142\/","https:\/\/x.com\/ceyhanmavihaber","https:\/\/www.instagram.com\/ceyhanmavihaber\/","https:\/\/www.youtube.com\/channel\/UCJQ-0-AFgj2GjI269QDUwNw"]},{"@type":"Person","@id":"https:\/\/www.mavihaber.com.tr\/#\/schema\/person\/6b483c36decdaf2ea80ccc7e00592ec5","name":"MAV\u0130 HABER","image":{"@type":"ImageObject","inLanguage":"tr","@id":"https:\/\/secure.gravatar.com\/avatar\/8ec447ff07537b3472bb74c7b4212a4d84d9e722e01a066cab36264a08dd2a23?s=96&d=mm&r=g","url":"https:\/\/secure.gravatar.com\/avatar\/8ec447ff07537b3472bb74c7b4212a4d84d9e722e01a066cab36264a08dd2a23?s=96&d=mm&r=g","contentUrl":"https:\/\/secure.gravatar.com\/avatar\/8ec447ff07537b3472bb74c7b4212a4d84d9e722e01a066cab36264a08dd2a23?s=96&d=mm&r=g","caption":"MAV\u0130 HABER"},"sameAs":["http:\/\/www.mavihaber.com.tr"],"url":"https:\/\/www.mavihaber.com.tr\/?author=1"}]}},"views":368,"_links":{"self":[{"href":"https:\/\/www.mavihaber.com.tr\/index.php?rest_route=\/wp\/v2\/posts\/803","targetHints":{"allow":["GET"]}}],"collection":[{"href":"https:\/\/www.mavihaber.com.tr\/index.php?rest_route=\/wp\/v2\/posts"}],"about":[{"href":"https:\/\/www.mavihaber.com.tr\/index.php?rest_route=\/wp\/v2\/types\/post"}],"author":[{"embeddable":true,"href":"https:\/\/www.mavihaber.com.tr\/index.php?rest_route=\/wp\/v2\/users\/1"}],"replies":[{"embeddable":true,"href":"https:\/\/www.mavihaber.com.tr\/index.php?rest_route=%2Fwp%2Fv2%2Fcomments&post=803"}],"version-history":[{"count":1,"href":"https:\/\/www.mavihaber.com.tr\/index.php?rest_route=\/wp\/v2\/posts\/803\/revisions"}],"predecessor-version":[{"id":804,"href":"https:\/\/www.mavihaber.com.tr\/index.php?rest_route=\/wp\/v2\/posts\/803\/revisions\/804"}],"wp:attachment":[{"href":"https:\/\/www.mavihaber.com.tr\/index.php?rest_route=%2Fwp%2Fv2%2Fmedia&parent=803"}],"wp:term":[{"taxonomy":"category","embeddable":true,"href":"https:\/\/www.mavihaber.com.tr\/index.php?rest_route=%2Fwp%2Fv2%2Fcategories&post=803"},{"taxonomy":"post_tag","embeddable":true,"href":"https:\/\/www.mavihaber.com.tr\/index.php?rest_route=%2Fwp%2Fv2%2Ftags&post=803"}],"curies":[{"name":"wp","href":"https:\/\/api.w.org\/{rel}","templated":true}]}}