{"id":821,"date":"2022-03-04T12:40:17","date_gmt":"2022-03-04T12:40:17","guid":{"rendered":"http:\/\/www.mavihaber.com.tr\/?p=821"},"modified":"2022-03-04T12:40:17","modified_gmt":"2022-03-04T12:40:17","slug":"saray-ikdidari-zeytin-dalinin-anlamini-bilmiyor","status":"publish","type":"post","link":"https:\/\/www.mavihaber.com.tr\/?p=821","title":{"rendered":"Saray ikdidari zeytin dal\u0131n\u0131n anlam\u0131n\u0131 bilmiyor."},"content":{"rendered":"<p>CHP Adana Milletvekili ve TBMM Kit Komisyonu \u00dcyesi Orhan S\u00fcmer, \u201cT\u00fcrkiye B\u00fcy\u00fck Millet Meclisi\u2019nde g\u00f6r\u00fc\u015f\u00fclen N\u00fckleer D\u00fczenleme Kanun Teklifi \u00fczerine konu\u015fma ger\u00e7ekle\u015ftirdi.<\/p>\n<p>Orhan S\u00fcmer, \u201cAkkuyu N\u00fckller Santrali b\u00f6lgemiz i\u00e7in pimi \u00e7ekilmi\u015f bombad\u0131r\u201d Dedi<\/p>\n<p>RANT \u00c7ETELER\u0130 MUTLU OLSUN N\u00dcKLEER SANTRALLERE \u0130Z\u0130N VER\u0130L\u0130YOR<\/p>\n<p>Orhan S\u00fcmer, \u201cGerekli ara\u015ft\u0131rmalar yap\u0131lmadan, \u00e7evre analizleri de\u011ferlendirilmeden, \u00e7ed raporlar\u0131n\u0131n \u00fczerinde durulmadan, b\u00f6lge halk\u0131n\u0131n g\u00f6r\u00fc\u015f\u00fc al\u0131nmadan, s\u0131rf saray iktidar\u0131 istedi, rant \u00e7eteleri mutlu olsun, para kazans\u0131n diye \u00fclke topraklar\u0131 n\u00fckleer ve termik santrallere kurban edilmemelidir. Adana Yumurtal\u0131k&#8217;ta yap\u0131m\u0131na devam edilen Hunutlu termik santrali in\u015faat\u0131n\u0131n durdurulmas\u0131 ve projenin iptal edilmesi gerekmektedir. Zaten Yumurtal\u0131k\u2019ta 2003 y\u0131l\u0131ndan bu yana \u00e7al\u0131\u015fan Sug\u00f6z\u00fc termik santrali bulunmaktad\u0131r. Hunutlu termik santralinin sadece bin sekiz y\u00fcz metre uza\u011f\u0131nda faaliyet g\u00f6sterecek olmas\u0131 ba\u015fl\u0131 ba\u015f\u0131na durumun vahametini g\u00f6stermektedir. Ayr\u0131ca b\u00f6lgedeki santraller tar\u0131m arazilerinin verim de\u011ferlerini d\u00fc\u015f\u00fcrmekte bal\u0131k \u00e7e\u015fitlili\u011finin yok olmas\u0131na neden olmaktad\u0131r yine b\u00f6lgemizi ilgilendiren Akkuyu termik santralinin de derhal durdurulmas\u0131 ve projeden vazge\u00e7ilmesi gerekiyor. 2023\u2019te a\u00e7\u0131laca\u011f\u0131 duyurulan Akkuyu n\u00fckleer santrali i\u00e7in yap\u0131lan ankette halk\u0131n y\u00fczde 86\u2019s\u0131n\u0131n kar\u015f\u0131 \u00e7\u0131kmas\u0131na ra\u011fmen in\u015faat devam ediyor. Ne yaz\u0131k ki bir\u00e7ok i\u015f kazas\u0131n\u0131n meydana geldi\u011fi santral in\u015faat\u0131 b\u00f6lgemiz, hatta \u00fclkemiz i\u00e7in pimi \u00e7ekilmi\u015f bir bomba etkisi yaratmaktad\u0131r. Akkuyu n\u00fckleer santraline kadar bir\u00e7ok defa yap i\u015flet devlet modellerini g\u00f6rm\u00fc\u015ft\u00fck. Ancak ilk defa yap \u2013 i\u015flet ve y\u00f6netimi yabanc\u0131da kals\u0131n projesi g\u00f6r\u00fcyoruz. 20 y\u0131l i\u015fletmenin ard\u0131ndan Akkuyu hisselerinin y\u00fcze 51\u2019i yine Rusya\u2019ya kalacak. Biz enerjide d\u0131\u015fa ba\u011f\u0131ml\u0131l\u0131\u011f\u0131 azaltal\u0131m dedik\u00e7e iktidar g\u00f6be\u011finden ba\u011fl\u0131 oldu\u011fu emperyal devletlere bir kat daha ba\u011flan\u0131yor.\u201d Dedi<\/p>\n<p>&nbsp;<\/p>\n<p>SARAY \u0130KT\u0130DARI ZEYT\u0130N DALININ ANLAMINI B\u0130LM\u0130YOR<\/p>\n<p>Orhan S\u00fcmer, \u201cEnerji politikas\u0131n\u0131n, maden \u00e7\u0131karma ve i\u015fleme politikas\u0131n\u0131n bazen devlet eliyle, bazen de yerli \u015firketler arac\u0131l\u0131\u011f\u0131yla yap\u0131lmas\u0131nda fayda vard\u0131r. Ancak hi\u00e7bir devlet yerli maden \u00e7\u0131kartmak i\u00e7in binlerce y\u0131ll\u0131k zeytin a\u011fa\u00e7lar\u0131ndan vazge\u00e7mez. Tek bir zeytin a\u011fac\u0131 ranta kurban edilmemelidir. Daha \u00f6nce 7 kez meclise getirilen hepsinde reddedilen bir kanun d\u00fczenlemesi gece yar\u0131s\u0131 kimsesin haberi olmadan Cumhurba\u015fkanl\u0131\u011f\u0131 kararnamesi ile yasala\u015f\u0131yorsa kimse kusura bakmas\u0131n orada art niyet vard\u0131r. Ranttan beslenen kan emici \u015firketlere \u00fclkesinin en de\u011ferli arazilerini bile satabilecek irade s\u00f6z konusudur.\u201d Dedi.<\/p>\n<p>AKP T\u00dcRK\u0130YE\u2019S\u0130 SINIFTA KALDI<\/p>\n<p>Orhan S\u00fcmer, \u201cAKP T\u00fcrkiye\u2019sinde asgari \u00fccret, a\u00e7l\u0131k s\u0131n\u0131r\u0131n\u0131n alt\u0131nda, emekli maa\u015f\u0131 yok denecek kadar az, enflasyon 3 haneli rakamlar\u0131 zorluyor, her d\u00f6rt gencimizden biri i\u015fsiz, kad\u0131nlar\u0131m\u0131z \u00f6ld\u00fcr\u00fcl\u00fcyor, sa\u011fl\u0131k \u00e7al\u0131\u015fanlar\u0131m\u0131z d\u00f6v\u00fcl\u00fcyor, tweet atan gen\u00e7lerimiz tutuklan\u0131yor. Esnaf kepenk kapat\u0131yor, f\u0131r\u0131nlar bayat ekmek, simit\u00e7iler, yar\u0131m simit sat\u0131yor. \u00dclkenin d\u00f6rt bir yan\u0131ndan hayat pahal\u0131l\u0131\u011f\u0131 ile ilgili feryat sesleri geliyor. \u0130ktidar oral\u0131 bile olmuyor. \u00c7ok a\u00e7\u0131k bir \u015fekilde g\u00f6r\u00fclmektedir ki AKP T\u00fcrkiye\u2019si s\u0131n\u0131fta kalm\u0131\u015ft\u0131r.\u201d Dedi<\/p>\n<p>&nbsp;<\/p>\n<p>\u0130KT\u0130DARIN ADANA\u2019YA GAREZ\u0130 VAR<\/p>\n<p>Orhan S\u00fcmer, \u201cAdana\u2019da hepimizin bildi\u011fi gibi i\u00e7imizi yakan orman yang\u0131nlar\u0131 meydana geldi. K\u00f6yl\u00fclerimizin evleri, hayvanlar\u0131, tarlalar\u0131 yand\u0131 iktidar yetkilileri t\u00fcm kay\u0131plar yerine getirilecek diye s\u00f6z verdi. Bunun i\u00e7in yard\u0131m kampanyalar\u0131 d\u00fczenlendi. Paralar topland\u0131. Sonu\u00e7 ne oldu biliyor musunuz? Evi yanan 11 aileye 11 adet konteyn\u0131r tahsis edildi. Neredeyse 2 sene olacak ortada hala ev yok. Bu kara k\u0131\u015fta millet konteyn\u0131rlarda ya\u015fam m\u00fccadelesi veriyor. Adana\u2019da, en de\u011ferli kamu arazilerinin sat\u0131\u015f\u0131n\u0131, y\u0131llard\u0131r bitmeyen kozan yolunu, elektrik ve alt yap\u0131daki problemleri, esnaf\u0131n fatura ve vergi y\u00fck\u00fcn\u00fc, Adana\u2019da her ge\u00e7en g\u00fcn artan i\u015fsizlik seviyesini, yanl\u0131\u015f m\u00fclteci politikas\u0131n\u0131, Adana\u2019da yap\u0131lmas\u0131 gerekenleri tek tek anlatt\u0131k. Saray iktidar\u0131n\u0131n Adana\u2019yla \u00f6zel bir derdi olacak ki hangi problemi \u00e7\u00f6zelim diye \u00f6neri sunsak g\u00f6zleri g\u00f6rmez, kulaklar\u0131 duymaz oluyor. Mitinglerde verilen metro s\u00f6zleri havada kal\u0131yor.\u201d Dedi.<\/p>\n","protected":false},"excerpt":{"rendered":"<p>CHP Adana Milletvekili ve TBMM Kit Komisyonu \u00dcyesi Orhan S\u00fcmer, \u201cT\u00fcrkiye B\u00fcy\u00fck Millet Meclisi\u2019nde g\u00f6r\u00fc\u015f\u00fclen N\u00fckleer D\u00fczenleme Kanun Teklifi \u00fczerine<\/p>\n","protected":false},"author":1,"featured_media":0,"comment_status":"open","ping_status":"open","sticky":false,"template":"","format":"standard","meta":{"footnotes":""},"categories":[8,13],"tags":[],"class_list":["post-821","post","type-post","status-publish","format-standard","hentry","category-ekonomi","category-siyaset"],"yoast_head":"<!-- This site is optimized with the Yoast SEO plugin v28.2 - https:\/\/yoast.com\/product\/yoast-seo-wordpress\/ -->\n<title>Saray ikdidari zeytin dal\u0131n\u0131n anlam\u0131n\u0131 bilmiyor. - MAV\u0130 HABER<\/title>\n<meta name=\"robots\" content=\"index, follow, max-snippet:-1, max-image-preview:large, max-video-preview:-1\" \/>\n<link rel=\"canonical\" href=\"https:\/\/www.mavihaber.com.tr\/?p=821\" \/>\n<meta property=\"og:locale\" content=\"tr_TR\" \/>\n<meta property=\"og:type\" content=\"article\" \/>\n<meta property=\"og:title\" content=\"Saray ikdidari zeytin dal\u0131n\u0131n anlam\u0131n\u0131 bilmiyor. - MAV\u0130 HABER\" \/>\n<meta property=\"og:description\" content=\"CHP Adana Milletvekili ve TBMM Kit Komisyonu \u00dcyesi Orhan S\u00fcmer, \u201cT\u00fcrkiye B\u00fcy\u00fck Millet Meclisi\u2019nde g\u00f6r\u00fc\u015f\u00fclen N\u00fckleer D\u00fczenleme Kanun Teklifi \u00fczerine\" \/>\n<meta property=\"og:url\" content=\"https:\/\/www.mavihaber.com.tr\/?p=821\" \/>\n<meta property=\"og:site_name\" content=\"MAV\u0130 HABER\" \/>\n<meta property=\"article:publisher\" content=\"https:\/\/www.facebook.com\/ceyhan.mavi.142\/\" \/>\n<meta property=\"article:published_time\" content=\"2022-03-04T12:40:17+00:00\" \/>\n<meta name=\"author\" content=\"MAV\u0130 HABER\" \/>\n<meta name=\"twitter:card\" content=\"summary_large_image\" \/>\n<meta name=\"twitter:creator\" content=\"@ceyhanmavihaber\" \/>\n<meta name=\"twitter:site\" content=\"@ceyhanmavihaber\" \/>\n<meta name=\"twitter:label1\" content=\"Yazan:\" \/>\n\t<meta name=\"twitter:data1\" content=\"MAV\u0130 HABER\" \/>\n\t<meta name=\"twitter:label2\" content=\"Tahmini okuma s\u00fcresi\" \/>\n\t<meta name=\"twitter:data2\" content=\"7 dakika\" \/>\n<script type=\"application\/ld+json\" class=\"yoast-schema-graph\">{\"@context\":\"https:\\\/\\\/schema.org\",\"@graph\":[{\"@type\":\"Article\",\"@id\":\"https:\\\/\\\/www.mavihaber.com.tr\\\/?p=821#article\",\"isPartOf\":{\"@id\":\"https:\\\/\\\/www.mavihaber.com.tr\\\/?p=821\"},\"author\":{\"name\":\"MAV\u0130 HABER\",\"@id\":\"https:\\\/\\\/www.mavihaber.com.tr\\\/#\\\/schema\\\/person\\\/6b483c36decdaf2ea80ccc7e00592ec5\"},\"headline\":\"Saray ikdidari zeytin dal\u0131n\u0131n anlam\u0131n\u0131 bilmiyor.\",\"datePublished\":\"2022-03-04T12:40:17+00:00\",\"mainEntityOfPage\":{\"@id\":\"https:\\\/\\\/www.mavihaber.com.tr\\\/?p=821\"},\"wordCount\":769,\"commentCount\":0,\"publisher\":{\"@id\":\"https:\\\/\\\/www.mavihaber.com.tr\\\/#organization\"},\"articleSection\":[\"Ekonomi\",\"Siyaset\"],\"inLanguage\":\"tr\",\"potentialAction\":[{\"@type\":\"CommentAction\",\"name\":\"Comment\",\"target\":[\"https:\\\/\\\/www.mavihaber.com.tr\\\/?p=821#respond\"]}]},{\"@type\":\"WebPage\",\"@id\":\"https:\\\/\\\/www.mavihaber.com.tr\\\/?p=821\",\"url\":\"https:\\\/\\\/www.mavihaber.com.tr\\\/?p=821\",\"name\":\"Saray ikdidari zeytin dal\u0131n\u0131n anlam\u0131n\u0131 bilmiyor. - MAV\u0130 HABER\",\"isPartOf\":{\"@id\":\"https:\\\/\\\/www.mavihaber.com.tr\\\/#website\"},\"datePublished\":\"2022-03-04T12:40:17+00:00\",\"breadcrumb\":{\"@id\":\"https:\\\/\\\/www.mavihaber.com.tr\\\/?p=821#breadcrumb\"},\"inLanguage\":\"tr\",\"potentialAction\":[{\"@type\":\"ReadAction\",\"target\":[\"https:\\\/\\\/www.mavihaber.com.tr\\\/?p=821\"]}]},{\"@type\":\"BreadcrumbList\",\"@id\":\"https:\\\/\\\/www.mavihaber.com.tr\\\/?p=821#breadcrumb\",\"itemListElement\":[{\"@type\":\"ListItem\",\"position\":1,\"name\":\"Anasayfa\",\"item\":\"https:\\\/\\\/www.mavihaber.com.tr\\\/\"},{\"@type\":\"ListItem\",\"position\":2,\"name\":\"Saray ikdidari zeytin dal\u0131n\u0131n anlam\u0131n\u0131 bilmiyor.\"}]},{\"@type\":\"WebSite\",\"@id\":\"https:\\\/\\\/www.mavihaber.com.tr\\\/#website\",\"url\":\"https:\\\/\\\/www.mavihaber.com.tr\\\/\",\"name\":\"MAV\u0130 HABER\",\"description\":\"S&Ouml;Z U&Ccedil;AR YAZI KALIR\",\"publisher\":{\"@id\":\"https:\\\/\\\/www.mavihaber.com.tr\\\/#organization\"},\"potentialAction\":[{\"@type\":\"SearchAction\",\"target\":{\"@type\":\"EntryPoint\",\"urlTemplate\":\"https:\\\/\\\/www.mavihaber.com.tr\\\/?s={search_term_string}\"},\"query-input\":{\"@type\":\"PropertyValueSpecification\",\"valueRequired\":true,\"valueName\":\"search_term_string\"}}],\"inLanguage\":\"tr\"},{\"@type\":\"Organization\",\"@id\":\"https:\\\/\\\/www.mavihaber.com.tr\\\/#organization\",\"name\":\"MAV\u0130 HABER\",\"url\":\"https:\\\/\\\/www.mavihaber.com.tr\\\/\",\"logo\":{\"@type\":\"ImageObject\",\"inLanguage\":\"tr\",\"@id\":\"https:\\\/\\\/www.mavihaber.com.tr\\\/#\\\/schema\\\/logo\\\/image\\\/\",\"url\":\"http:\\\/\\\/www.mavihaber.com.tr\\\/wp-content\\\/uploads\\\/2022\\\/02\\\/mavi-logo.png\",\"contentUrl\":\"http:\\\/\\\/www.mavihaber.com.tr\\\/wp-content\\\/uploads\\\/2022\\\/02\\\/mavi-logo.png\",\"width\":301,\"height\":81,\"caption\":\"MAV\u0130 HABER\"},\"image\":{\"@id\":\"https:\\\/\\\/www.mavihaber.com.tr\\\/#\\\/schema\\\/logo\\\/image\\\/\"},\"sameAs\":[\"https:\\\/\\\/www.facebook.com\\\/ceyhan.mavi.142\\\/\",\"https:\\\/\\\/x.com\\\/ceyhanmavihaber\",\"https:\\\/\\\/www.instagram.com\\\/ceyhanmavihaber\\\/\",\"https:\\\/\\\/www.youtube.com\\\/channel\\\/UCJQ-0-AFgj2GjI269QDUwNw\"]},{\"@type\":\"Person\",\"@id\":\"https:\\\/\\\/www.mavihaber.com.tr\\\/#\\\/schema\\\/person\\\/6b483c36decdaf2ea80ccc7e00592ec5\",\"name\":\"MAV\u0130 HABER\",\"image\":{\"@type\":\"ImageObject\",\"inLanguage\":\"tr\",\"@id\":\"https:\\\/\\\/secure.gravatar.com\\\/avatar\\\/8ec447ff07537b3472bb74c7b4212a4d84d9e722e01a066cab36264a08dd2a23?s=96&d=mm&r=g\",\"url\":\"https:\\\/\\\/secure.gravatar.com\\\/avatar\\\/8ec447ff07537b3472bb74c7b4212a4d84d9e722e01a066cab36264a08dd2a23?s=96&d=mm&r=g\",\"contentUrl\":\"https:\\\/\\\/secure.gravatar.com\\\/avatar\\\/8ec447ff07537b3472bb74c7b4212a4d84d9e722e01a066cab36264a08dd2a23?s=96&d=mm&r=g\",\"caption\":\"MAV\u0130 HABER\"},\"sameAs\":[\"http:\\\/\\\/www.mavihaber.com.tr\"],\"url\":\"https:\\\/\\\/www.mavihaber.com.tr\\\/?author=1\"}]}<\/script>\n<!-- \/ Yoast SEO plugin. -->","yoast_head_json":{"title":"Saray ikdidari zeytin dal\u0131n\u0131n anlam\u0131n\u0131 bilmiyor. - MAV\u0130 HABER","robots":{"index":"index","follow":"follow","max-snippet":"max-snippet:-1","max-image-preview":"max-image-preview:large","max-video-preview":"max-video-preview:-1"},"canonical":"https:\/\/www.mavihaber.com.tr\/?p=821","og_locale":"tr_TR","og_type":"article","og_title":"Saray ikdidari zeytin dal\u0131n\u0131n anlam\u0131n\u0131 bilmiyor. - MAV\u0130 HABER","og_description":"CHP Adana Milletvekili ve TBMM Kit Komisyonu \u00dcyesi Orhan S\u00fcmer, \u201cT\u00fcrkiye B\u00fcy\u00fck Millet Meclisi\u2019nde g\u00f6r\u00fc\u015f\u00fclen N\u00fckleer D\u00fczenleme Kanun Teklifi \u00fczerine","og_url":"https:\/\/www.mavihaber.com.tr\/?p=821","og_site_name":"MAV\u0130 HABER","article_publisher":"https:\/\/www.facebook.com\/ceyhan.mavi.142\/","article_published_time":"2022-03-04T12:40:17+00:00","author":"MAV\u0130 HABER","twitter_card":"summary_large_image","twitter_creator":"@ceyhanmavihaber","twitter_site":"@ceyhanmavihaber","twitter_misc":{"Yazan:":"MAV\u0130 HABER","Tahmini okuma s\u00fcresi":"7 dakika"},"schema":{"@context":"https:\/\/schema.org","@graph":[{"@type":"Article","@id":"https:\/\/www.mavihaber.com.tr\/?p=821#article","isPartOf":{"@id":"https:\/\/www.mavihaber.com.tr\/?p=821"},"author":{"name":"MAV\u0130 HABER","@id":"https:\/\/www.mavihaber.com.tr\/#\/schema\/person\/6b483c36decdaf2ea80ccc7e00592ec5"},"headline":"Saray ikdidari zeytin dal\u0131n\u0131n anlam\u0131n\u0131 bilmiyor.","datePublished":"2022-03-04T12:40:17+00:00","mainEntityOfPage":{"@id":"https:\/\/www.mavihaber.com.tr\/?p=821"},"wordCount":769,"commentCount":0,"publisher":{"@id":"https:\/\/www.mavihaber.com.tr\/#organization"},"articleSection":["Ekonomi","Siyaset"],"inLanguage":"tr","potentialAction":[{"@type":"CommentAction","name":"Comment","target":["https:\/\/www.mavihaber.com.tr\/?p=821#respond"]}]},{"@type":"WebPage","@id":"https:\/\/www.mavihaber.com.tr\/?p=821","url":"https:\/\/www.mavihaber.com.tr\/?p=821","name":"Saray ikdidari zeytin dal\u0131n\u0131n anlam\u0131n\u0131 bilmiyor. - MAV\u0130 HABER","isPartOf":{"@id":"https:\/\/www.mavihaber.com.tr\/#website"},"datePublished":"2022-03-04T12:40:17+00:00","breadcrumb":{"@id":"https:\/\/www.mavihaber.com.tr\/?p=821#breadcrumb"},"inLanguage":"tr","potentialAction":[{"@type":"ReadAction","target":["https:\/\/www.mavihaber.com.tr\/?p=821"]}]},{"@type":"BreadcrumbList","@id":"https:\/\/www.mavihaber.com.tr\/?p=821#breadcrumb","itemListElement":[{"@type":"ListItem","position":1,"name":"Anasayfa","item":"https:\/\/www.mavihaber.com.tr\/"},{"@type":"ListItem","position":2,"name":"Saray ikdidari zeytin dal\u0131n\u0131n anlam\u0131n\u0131 bilmiyor."}]},{"@type":"WebSite","@id":"https:\/\/www.mavihaber.com.tr\/#website","url":"https:\/\/www.mavihaber.com.tr\/","name":"MAV\u0130 HABER","description":"S&Ouml;Z U&Ccedil;AR YAZI KALIR","publisher":{"@id":"https:\/\/www.mavihaber.com.tr\/#organization"},"potentialAction":[{"@type":"SearchAction","target":{"@type":"EntryPoint","urlTemplate":"https:\/\/www.mavihaber.com.tr\/?s={search_term_string}"},"query-input":{"@type":"PropertyValueSpecification","valueRequired":true,"valueName":"search_term_string"}}],"inLanguage":"tr"},{"@type":"Organization","@id":"https:\/\/www.mavihaber.com.tr\/#organization","name":"MAV\u0130 HABER","url":"https:\/\/www.mavihaber.com.tr\/","logo":{"@type":"ImageObject","inLanguage":"tr","@id":"https:\/\/www.mavihaber.com.tr\/#\/schema\/logo\/image\/","url":"http:\/\/www.mavihaber.com.tr\/wp-content\/uploads\/2022\/02\/mavi-logo.png","contentUrl":"http:\/\/www.mavihaber.com.tr\/wp-content\/uploads\/2022\/02\/mavi-logo.png","width":301,"height":81,"caption":"MAV\u0130 HABER"},"image":{"@id":"https:\/\/www.mavihaber.com.tr\/#\/schema\/logo\/image\/"},"sameAs":["https:\/\/www.facebook.com\/ceyhan.mavi.142\/","https:\/\/x.com\/ceyhanmavihaber","https:\/\/www.instagram.com\/ceyhanmavihaber\/","https:\/\/www.youtube.com\/channel\/UCJQ-0-AFgj2GjI269QDUwNw"]},{"@type":"Person","@id":"https:\/\/www.mavihaber.com.tr\/#\/schema\/person\/6b483c36decdaf2ea80ccc7e00592ec5","name":"MAV\u0130 HABER","image":{"@type":"ImageObject","inLanguage":"tr","@id":"https:\/\/secure.gravatar.com\/avatar\/8ec447ff07537b3472bb74c7b4212a4d84d9e722e01a066cab36264a08dd2a23?s=96&d=mm&r=g","url":"https:\/\/secure.gravatar.com\/avatar\/8ec447ff07537b3472bb74c7b4212a4d84d9e722e01a066cab36264a08dd2a23?s=96&d=mm&r=g","contentUrl":"https:\/\/secure.gravatar.com\/avatar\/8ec447ff07537b3472bb74c7b4212a4d84d9e722e01a066cab36264a08dd2a23?s=96&d=mm&r=g","caption":"MAV\u0130 HABER"},"sameAs":["http:\/\/www.mavihaber.com.tr"],"url":"https:\/\/www.mavihaber.com.tr\/?author=1"}]}},"views":365,"_links":{"self":[{"href":"https:\/\/www.mavihaber.com.tr\/index.php?rest_route=\/wp\/v2\/posts\/821","targetHints":{"allow":["GET"]}}],"collection":[{"href":"https:\/\/www.mavihaber.com.tr\/index.php?rest_route=\/wp\/v2\/posts"}],"about":[{"href":"https:\/\/www.mavihaber.com.tr\/index.php?rest_route=\/wp\/v2\/types\/post"}],"author":[{"embeddable":true,"href":"https:\/\/www.mavihaber.com.tr\/index.php?rest_route=\/wp\/v2\/users\/1"}],"replies":[{"embeddable":true,"href":"https:\/\/www.mavihaber.com.tr\/index.php?rest_route=%2Fwp%2Fv2%2Fcomments&post=821"}],"version-history":[{"count":1,"href":"https:\/\/www.mavihaber.com.tr\/index.php?rest_route=\/wp\/v2\/posts\/821\/revisions"}],"predecessor-version":[{"id":823,"href":"https:\/\/www.mavihaber.com.tr\/index.php?rest_route=\/wp\/v2\/posts\/821\/revisions\/823"}],"wp:attachment":[{"href":"https:\/\/www.mavihaber.com.tr\/index.php?rest_route=%2Fwp%2Fv2%2Fmedia&parent=821"}],"wp:term":[{"taxonomy":"category","embeddable":true,"href":"https:\/\/www.mavihaber.com.tr\/index.php?rest_route=%2Fwp%2Fv2%2Fcategories&post=821"},{"taxonomy":"post_tag","embeddable":true,"href":"https:\/\/www.mavihaber.com.tr\/index.php?rest_route=%2Fwp%2Fv2%2Ftags&post=821"}],"curies":[{"name":"wp","href":"https:\/\/api.w.org\/{rel}","templated":true}]}}