{"id":846,"date":"2022-03-07T10:13:54","date_gmt":"2022-03-07T10:13:54","guid":{"rendered":"http:\/\/www.mavihaber.com.tr\/?p=846"},"modified":"2022-03-07T10:13:54","modified_gmt":"2022-03-07T10:13:54","slug":"emek-kadinlarin-alin-teriyle-kazaniliyor","status":"publish","type":"post","link":"https:\/\/www.mavihaber.com.tr\/?p=846","title":{"rendered":"\u201cEmek; kad\u0131nlar\u0131n al\u0131n teriyle kazan\u0131l\u0131yor\u201d"},"content":{"rendered":"<p>Esendemir;<\/p>\n<p>\u00c7ukurova Gazeteciler Cemiyeti Ba\u015fkan\u0131 Cafer Esendemir, d\u00fcnyan\u0131n neresinde olursa olsun bir i\u015fin yap\u0131lmas\u0131 i\u00e7in harcanan eme\u011fin kad\u0131nlar\u0131n al\u0131n teriyle anlam kazand\u0131\u011f\u0131n\u0131 belirterek, 8 Mart D\u00fcnya Kad\u0131nlar G\u00fcn\u00fc\u2019n\u00fc kutlad\u0131.<\/p>\n<p>Y\u00f6netim Kurulu ad\u0131na a\u00e7\u0131klama yapan Ba\u015fkan Esendemir, \u201cHer ge\u00e7en g\u00fcn artan kad\u0131na \u015fiddetin \u00f6n\u00fcne ge\u00e7mek ve onlar\u0131n huzurlu bir \u00fclkede ya\u015famalar\u0131n\u0131 sa\u011flamak i\u00e7in ba\u015fta iktidar ve kolluk kuvvetleri olmak \u00fczere hepimize b\u00fcy\u00fck bir toplumsal sorumluluk d\u00fc\u015f\u00fcyor. Kad\u0131nlar\u0131n bulundu\u011fu her alandaki farkl\u0131l\u0131k engel olarak de\u011fil, zenginlik ve ba\u015far\u0131 y\u00f6n\u00fcyle de\u011ferlendirilmelidir. Unutulmamal\u0131d\u0131r ki hi\u00e7bir ku\u015f tek kanad\u0131yla u\u00e7amaz. Kad\u0131nlar da toplumumuzun y\u00fccelmesinde \u00e7ok g\u00fc\u00e7l\u00fc bir kanat g\u00f6revi \u00fcstlenmektedir.\u201d dedi<\/p>\n<p>B\u00fcy\u00fck \u00f6nderimiz Gazi Mustafa Kemal Atat\u00fcrk\u2019\u00fcn \u201cD\u00fcnyada hi\u00e7bir milletin kad\u0131n\u0131, milletini kurtulu\u015fa ve zafere g\u00f6t\u00fcrmekte, Anadolu kad\u0131n\u0131ndan daha fazla \u00e7al\u0131\u015ft\u0131m diyemez.\u201d s\u00f6z\u00fcn\u00fc hat\u0131rlatan Ba\u015fkan Esendemir \u015f\u00f6yle devam etti: \u201cGe\u00e7mi\u015ften bu g\u00fcne evrende g\u00f6rd\u00fc\u011f\u00fcm\u00fcz her \u015fey kad\u0131n eliyle anlam kazanm\u0131\u015f ve de\u011fer bulmu\u015ftur. T\u00fcrk Milletinin kurtulu\u015funda ve her sava\u015ftan zaferle \u00e7\u0131kmas\u0131nda da kad\u0131nlar\u0131m\u0131z ald\u0131klar\u0131 sorumluluklar\u0131 yerine getirerek, isimleriyle tarihe ge\u00e7mi\u015flerdir. Kad\u0131nlar \u00f6zg\u00fcrle\u015fmenin ve dayan\u0131\u015fman\u0131n simgesidir. Bu y\u00fczden toplum hayat\u0131nda kad\u0131nlar daha aktif g\u00f6revlerde bulunmal\u0131d\u0131r. Kad\u0131na \u015fiddet dinmedik\u00e7e ve kad\u0131nlar\u0131n ekonomik sorunlar\u0131 \u00e7\u00f6z\u00fclmedik\u00e7e toplumsal bar\u0131\u015ftan ve huzurdan s\u00f6z etmek m\u00fcmk\u00fcn de\u011fildir.\u201d<\/p>\n<p>Ba\u015fta Gazi Mustafa Kemal Atat\u00fcrk\u2019\u00fcn de\u011ferli annesi Z\u00fcbeyde Han\u0131m olmak \u00fczere vatan\u0131 i\u00e7in can\u0131n\u0131 veren t\u00fcm kahraman kad\u0131nlar\u0131 sayg\u0131 ile and\u0131klar\u0131n\u0131 kaydeden Esendemir, \u015fehit anneleri ve e\u015flerine sab\u0131r dilerken, 8 Mart\u2019\u0131n t\u00fcm d\u00fcnya kad\u0131nlar\u0131na kutlu olmas\u0131n\u0131 diledi.<\/p>\n<p>Y\u00d6NET\u0130M KURULU<\/p>\n","protected":false},"excerpt":{"rendered":"<p>Esendemir; \u00c7ukurova Gazeteciler Cemiyeti Ba\u015fkan\u0131 Cafer Esendemir, d\u00fcnyan\u0131n neresinde olursa olsun bir i\u015fin yap\u0131lmas\u0131 i\u00e7in harcanan eme\u011fin kad\u0131nlar\u0131n al\u0131n teriyle<\/p>\n","protected":false},"author":1,"featured_media":0,"comment_status":"open","ping_status":"open","sticky":false,"template":"","format":"standard","meta":{"footnotes":""},"categories":[13],"tags":[],"class_list":["post-846","post","type-post","status-publish","format-standard","hentry","category-siyaset"],"yoast_head":"<!-- This site is optimized with the Yoast SEO plugin v28.2 - https:\/\/yoast.com\/product\/yoast-seo-wordpress\/ -->\n<title>\u201cEmek; kad\u0131nlar\u0131n al\u0131n teriyle kazan\u0131l\u0131yor\u201d - MAV\u0130 HABER<\/title>\n<meta name=\"robots\" content=\"index, follow, max-snippet:-1, max-image-preview:large, max-video-preview:-1\" \/>\n<link rel=\"canonical\" href=\"https:\/\/www.mavihaber.com.tr\/?p=846\" \/>\n<meta property=\"og:locale\" content=\"tr_TR\" \/>\n<meta property=\"og:type\" content=\"article\" \/>\n<meta property=\"og:title\" content=\"\u201cEmek; kad\u0131nlar\u0131n al\u0131n teriyle kazan\u0131l\u0131yor\u201d - MAV\u0130 HABER\" \/>\n<meta property=\"og:description\" content=\"Esendemir; \u00c7ukurova Gazeteciler Cemiyeti Ba\u015fkan\u0131 Cafer Esendemir, d\u00fcnyan\u0131n neresinde olursa olsun bir i\u015fin yap\u0131lmas\u0131 i\u00e7in harcanan eme\u011fin kad\u0131nlar\u0131n al\u0131n teriyle\" \/>\n<meta property=\"og:url\" content=\"https:\/\/www.mavihaber.com.tr\/?p=846\" \/>\n<meta property=\"og:site_name\" content=\"MAV\u0130 HABER\" \/>\n<meta property=\"article:publisher\" content=\"https:\/\/www.facebook.com\/ceyhan.mavi.142\/\" \/>\n<meta property=\"article:published_time\" content=\"2022-03-07T10:13:54+00:00\" \/>\n<meta name=\"author\" content=\"MAV\u0130 HABER\" \/>\n<meta name=\"twitter:card\" content=\"summary_large_image\" \/>\n<meta name=\"twitter:creator\" content=\"@ceyhanmavihaber\" \/>\n<meta name=\"twitter:site\" content=\"@ceyhanmavihaber\" \/>\n<meta name=\"twitter:label1\" content=\"Yazan:\" \/>\n\t<meta name=\"twitter:data1\" content=\"MAV\u0130 HABER\" \/>\n\t<meta name=\"twitter:label2\" content=\"Tahmini okuma s\u00fcresi\" \/>\n\t<meta name=\"twitter:data2\" content=\"2 dakika\" \/>\n<script type=\"application\/ld+json\" class=\"yoast-schema-graph\">{\"@context\":\"https:\\\/\\\/schema.org\",\"@graph\":[{\"@type\":\"Article\",\"@id\":\"https:\\\/\\\/www.mavihaber.com.tr\\\/?p=846#article\",\"isPartOf\":{\"@id\":\"https:\\\/\\\/www.mavihaber.com.tr\\\/?p=846\"},\"author\":{\"name\":\"MAV\u0130 HABER\",\"@id\":\"https:\\\/\\\/www.mavihaber.com.tr\\\/#\\\/schema\\\/person\\\/6b483c36decdaf2ea80ccc7e00592ec5\"},\"headline\":\"\u201cEmek; kad\u0131nlar\u0131n al\u0131n teriyle kazan\u0131l\u0131yor\u201d\",\"datePublished\":\"2022-03-07T10:13:54+00:00\",\"mainEntityOfPage\":{\"@id\":\"https:\\\/\\\/www.mavihaber.com.tr\\\/?p=846\"},\"wordCount\":365,\"commentCount\":0,\"publisher\":{\"@id\":\"https:\\\/\\\/www.mavihaber.com.tr\\\/#organization\"},\"articleSection\":[\"Siyaset\"],\"inLanguage\":\"tr\",\"potentialAction\":[{\"@type\":\"CommentAction\",\"name\":\"Comment\",\"target\":[\"https:\\\/\\\/www.mavihaber.com.tr\\\/?p=846#respond\"]}]},{\"@type\":\"WebPage\",\"@id\":\"https:\\\/\\\/www.mavihaber.com.tr\\\/?p=846\",\"url\":\"https:\\\/\\\/www.mavihaber.com.tr\\\/?p=846\",\"name\":\"\u201cEmek; kad\u0131nlar\u0131n al\u0131n teriyle kazan\u0131l\u0131yor\u201d - MAV\u0130 HABER\",\"isPartOf\":{\"@id\":\"https:\\\/\\\/www.mavihaber.com.tr\\\/#website\"},\"datePublished\":\"2022-03-07T10:13:54+00:00\",\"breadcrumb\":{\"@id\":\"https:\\\/\\\/www.mavihaber.com.tr\\\/?p=846#breadcrumb\"},\"inLanguage\":\"tr\",\"potentialAction\":[{\"@type\":\"ReadAction\",\"target\":[\"https:\\\/\\\/www.mavihaber.com.tr\\\/?p=846\"]}]},{\"@type\":\"BreadcrumbList\",\"@id\":\"https:\\\/\\\/www.mavihaber.com.tr\\\/?p=846#breadcrumb\",\"itemListElement\":[{\"@type\":\"ListItem\",\"position\":1,\"name\":\"Anasayfa\",\"item\":\"https:\\\/\\\/www.mavihaber.com.tr\\\/\"},{\"@type\":\"ListItem\",\"position\":2,\"name\":\"\u201cEmek; kad\u0131nlar\u0131n al\u0131n teriyle kazan\u0131l\u0131yor\u201d\"}]},{\"@type\":\"WebSite\",\"@id\":\"https:\\\/\\\/www.mavihaber.com.tr\\\/#website\",\"url\":\"https:\\\/\\\/www.mavihaber.com.tr\\\/\",\"name\":\"MAV\u0130 HABER\",\"description\":\"S&Ouml;Z U&Ccedil;AR YAZI KALIR\",\"publisher\":{\"@id\":\"https:\\\/\\\/www.mavihaber.com.tr\\\/#organization\"},\"potentialAction\":[{\"@type\":\"SearchAction\",\"target\":{\"@type\":\"EntryPoint\",\"urlTemplate\":\"https:\\\/\\\/www.mavihaber.com.tr\\\/?s={search_term_string}\"},\"query-input\":{\"@type\":\"PropertyValueSpecification\",\"valueRequired\":true,\"valueName\":\"search_term_string\"}}],\"inLanguage\":\"tr\"},{\"@type\":\"Organization\",\"@id\":\"https:\\\/\\\/www.mavihaber.com.tr\\\/#organization\",\"name\":\"MAV\u0130 HABER\",\"url\":\"https:\\\/\\\/www.mavihaber.com.tr\\\/\",\"logo\":{\"@type\":\"ImageObject\",\"inLanguage\":\"tr\",\"@id\":\"https:\\\/\\\/www.mavihaber.com.tr\\\/#\\\/schema\\\/logo\\\/image\\\/\",\"url\":\"http:\\\/\\\/www.mavihaber.com.tr\\\/wp-content\\\/uploads\\\/2022\\\/02\\\/mavi-logo.png\",\"contentUrl\":\"http:\\\/\\\/www.mavihaber.com.tr\\\/wp-content\\\/uploads\\\/2022\\\/02\\\/mavi-logo.png\",\"width\":301,\"height\":81,\"caption\":\"MAV\u0130 HABER\"},\"image\":{\"@id\":\"https:\\\/\\\/www.mavihaber.com.tr\\\/#\\\/schema\\\/logo\\\/image\\\/\"},\"sameAs\":[\"https:\\\/\\\/www.facebook.com\\\/ceyhan.mavi.142\\\/\",\"https:\\\/\\\/x.com\\\/ceyhanmavihaber\",\"https:\\\/\\\/www.instagram.com\\\/ceyhanmavihaber\\\/\",\"https:\\\/\\\/www.youtube.com\\\/channel\\\/UCJQ-0-AFgj2GjI269QDUwNw\"]},{\"@type\":\"Person\",\"@id\":\"https:\\\/\\\/www.mavihaber.com.tr\\\/#\\\/schema\\\/person\\\/6b483c36decdaf2ea80ccc7e00592ec5\",\"name\":\"MAV\u0130 HABER\",\"image\":{\"@type\":\"ImageObject\",\"inLanguage\":\"tr\",\"@id\":\"https:\\\/\\\/secure.gravatar.com\\\/avatar\\\/8ec447ff07537b3472bb74c7b4212a4d84d9e722e01a066cab36264a08dd2a23?s=96&d=mm&r=g\",\"url\":\"https:\\\/\\\/secure.gravatar.com\\\/avatar\\\/8ec447ff07537b3472bb74c7b4212a4d84d9e722e01a066cab36264a08dd2a23?s=96&d=mm&r=g\",\"contentUrl\":\"https:\\\/\\\/secure.gravatar.com\\\/avatar\\\/8ec447ff07537b3472bb74c7b4212a4d84d9e722e01a066cab36264a08dd2a23?s=96&d=mm&r=g\",\"caption\":\"MAV\u0130 HABER\"},\"sameAs\":[\"http:\\\/\\\/www.mavihaber.com.tr\"],\"url\":\"https:\\\/\\\/www.mavihaber.com.tr\\\/?author=1\"}]}<\/script>\n<!-- \/ Yoast SEO plugin. -->","yoast_head_json":{"title":"\u201cEmek; kad\u0131nlar\u0131n al\u0131n teriyle kazan\u0131l\u0131yor\u201d - MAV\u0130 HABER","robots":{"index":"index","follow":"follow","max-snippet":"max-snippet:-1","max-image-preview":"max-image-preview:large","max-video-preview":"max-video-preview:-1"},"canonical":"https:\/\/www.mavihaber.com.tr\/?p=846","og_locale":"tr_TR","og_type":"article","og_title":"\u201cEmek; kad\u0131nlar\u0131n al\u0131n teriyle kazan\u0131l\u0131yor\u201d - MAV\u0130 HABER","og_description":"Esendemir; \u00c7ukurova Gazeteciler Cemiyeti Ba\u015fkan\u0131 Cafer Esendemir, d\u00fcnyan\u0131n neresinde olursa olsun bir i\u015fin yap\u0131lmas\u0131 i\u00e7in harcanan eme\u011fin kad\u0131nlar\u0131n al\u0131n teriyle","og_url":"https:\/\/www.mavihaber.com.tr\/?p=846","og_site_name":"MAV\u0130 HABER","article_publisher":"https:\/\/www.facebook.com\/ceyhan.mavi.142\/","article_published_time":"2022-03-07T10:13:54+00:00","author":"MAV\u0130 HABER","twitter_card":"summary_large_image","twitter_creator":"@ceyhanmavihaber","twitter_site":"@ceyhanmavihaber","twitter_misc":{"Yazan:":"MAV\u0130 HABER","Tahmini okuma s\u00fcresi":"2 dakika"},"schema":{"@context":"https:\/\/schema.org","@graph":[{"@type":"Article","@id":"https:\/\/www.mavihaber.com.tr\/?p=846#article","isPartOf":{"@id":"https:\/\/www.mavihaber.com.tr\/?p=846"},"author":{"name":"MAV\u0130 HABER","@id":"https:\/\/www.mavihaber.com.tr\/#\/schema\/person\/6b483c36decdaf2ea80ccc7e00592ec5"},"headline":"\u201cEmek; kad\u0131nlar\u0131n al\u0131n teriyle kazan\u0131l\u0131yor\u201d","datePublished":"2022-03-07T10:13:54+00:00","mainEntityOfPage":{"@id":"https:\/\/www.mavihaber.com.tr\/?p=846"},"wordCount":365,"commentCount":0,"publisher":{"@id":"https:\/\/www.mavihaber.com.tr\/#organization"},"articleSection":["Siyaset"],"inLanguage":"tr","potentialAction":[{"@type":"CommentAction","name":"Comment","target":["https:\/\/www.mavihaber.com.tr\/?p=846#respond"]}]},{"@type":"WebPage","@id":"https:\/\/www.mavihaber.com.tr\/?p=846","url":"https:\/\/www.mavihaber.com.tr\/?p=846","name":"\u201cEmek; kad\u0131nlar\u0131n al\u0131n teriyle kazan\u0131l\u0131yor\u201d - MAV\u0130 HABER","isPartOf":{"@id":"https:\/\/www.mavihaber.com.tr\/#website"},"datePublished":"2022-03-07T10:13:54+00:00","breadcrumb":{"@id":"https:\/\/www.mavihaber.com.tr\/?p=846#breadcrumb"},"inLanguage":"tr","potentialAction":[{"@type":"ReadAction","target":["https:\/\/www.mavihaber.com.tr\/?p=846"]}]},{"@type":"BreadcrumbList","@id":"https:\/\/www.mavihaber.com.tr\/?p=846#breadcrumb","itemListElement":[{"@type":"ListItem","position":1,"name":"Anasayfa","item":"https:\/\/www.mavihaber.com.tr\/"},{"@type":"ListItem","position":2,"name":"\u201cEmek; kad\u0131nlar\u0131n al\u0131n teriyle kazan\u0131l\u0131yor\u201d"}]},{"@type":"WebSite","@id":"https:\/\/www.mavihaber.com.tr\/#website","url":"https:\/\/www.mavihaber.com.tr\/","name":"MAV\u0130 HABER","description":"S&Ouml;Z U&Ccedil;AR YAZI KALIR","publisher":{"@id":"https:\/\/www.mavihaber.com.tr\/#organization"},"potentialAction":[{"@type":"SearchAction","target":{"@type":"EntryPoint","urlTemplate":"https:\/\/www.mavihaber.com.tr\/?s={search_term_string}"},"query-input":{"@type":"PropertyValueSpecification","valueRequired":true,"valueName":"search_term_string"}}],"inLanguage":"tr"},{"@type":"Organization","@id":"https:\/\/www.mavihaber.com.tr\/#organization","name":"MAV\u0130 HABER","url":"https:\/\/www.mavihaber.com.tr\/","logo":{"@type":"ImageObject","inLanguage":"tr","@id":"https:\/\/www.mavihaber.com.tr\/#\/schema\/logo\/image\/","url":"http:\/\/www.mavihaber.com.tr\/wp-content\/uploads\/2022\/02\/mavi-logo.png","contentUrl":"http:\/\/www.mavihaber.com.tr\/wp-content\/uploads\/2022\/02\/mavi-logo.png","width":301,"height":81,"caption":"MAV\u0130 HABER"},"image":{"@id":"https:\/\/www.mavihaber.com.tr\/#\/schema\/logo\/image\/"},"sameAs":["https:\/\/www.facebook.com\/ceyhan.mavi.142\/","https:\/\/x.com\/ceyhanmavihaber","https:\/\/www.instagram.com\/ceyhanmavihaber\/","https:\/\/www.youtube.com\/channel\/UCJQ-0-AFgj2GjI269QDUwNw"]},{"@type":"Person","@id":"https:\/\/www.mavihaber.com.tr\/#\/schema\/person\/6b483c36decdaf2ea80ccc7e00592ec5","name":"MAV\u0130 HABER","image":{"@type":"ImageObject","inLanguage":"tr","@id":"https:\/\/secure.gravatar.com\/avatar\/8ec447ff07537b3472bb74c7b4212a4d84d9e722e01a066cab36264a08dd2a23?s=96&d=mm&r=g","url":"https:\/\/secure.gravatar.com\/avatar\/8ec447ff07537b3472bb74c7b4212a4d84d9e722e01a066cab36264a08dd2a23?s=96&d=mm&r=g","contentUrl":"https:\/\/secure.gravatar.com\/avatar\/8ec447ff07537b3472bb74c7b4212a4d84d9e722e01a066cab36264a08dd2a23?s=96&d=mm&r=g","caption":"MAV\u0130 HABER"},"sameAs":["http:\/\/www.mavihaber.com.tr"],"url":"https:\/\/www.mavihaber.com.tr\/?author=1"}]}},"views":298,"_links":{"self":[{"href":"https:\/\/www.mavihaber.com.tr\/index.php?rest_route=\/wp\/v2\/posts\/846","targetHints":{"allow":["GET"]}}],"collection":[{"href":"https:\/\/www.mavihaber.com.tr\/index.php?rest_route=\/wp\/v2\/posts"}],"about":[{"href":"https:\/\/www.mavihaber.com.tr\/index.php?rest_route=\/wp\/v2\/types\/post"}],"author":[{"embeddable":true,"href":"https:\/\/www.mavihaber.com.tr\/index.php?rest_route=\/wp\/v2\/users\/1"}],"replies":[{"embeddable":true,"href":"https:\/\/www.mavihaber.com.tr\/index.php?rest_route=%2Fwp%2Fv2%2Fcomments&post=846"}],"version-history":[{"count":1,"href":"https:\/\/www.mavihaber.com.tr\/index.php?rest_route=\/wp\/v2\/posts\/846\/revisions"}],"predecessor-version":[{"id":848,"href":"https:\/\/www.mavihaber.com.tr\/index.php?rest_route=\/wp\/v2\/posts\/846\/revisions\/848"}],"wp:attachment":[{"href":"https:\/\/www.mavihaber.com.tr\/index.php?rest_route=%2Fwp%2Fv2%2Fmedia&parent=846"}],"wp:term":[{"taxonomy":"category","embeddable":true,"href":"https:\/\/www.mavihaber.com.tr\/index.php?rest_route=%2Fwp%2Fv2%2Fcategories&post=846"},{"taxonomy":"post_tag","embeddable":true,"href":"https:\/\/www.mavihaber.com.tr\/index.php?rest_route=%2Fwp%2Fv2%2Ftags&post=846"}],"curies":[{"name":"wp","href":"https:\/\/api.w.org\/{rel}","templated":true}]}}