{"id":856,"date":"2022-03-08T10:07:45","date_gmt":"2022-03-08T10:07:45","guid":{"rendered":"http:\/\/www.mavihaber.com.tr\/?p=856"},"modified":"2022-03-08T10:07:45","modified_gmt":"2022-03-08T10:07:45","slug":"856","status":"publish","type":"post","link":"https:\/\/www.mavihaber.com.tr\/?p=856","title":{"rendered":""},"content":{"rendered":"<p>DEVA PART\u0130S\u0130 ADANA \u0130L BA\u015eKANI SADULLAH KISACIK\u2019TAN 8 MART D\u00dcNYA KADINLAR G\u00dcN\u00dc MESAJI<\/p>\n<p>DEVA Partisi Adana \u0130l Ba\u015fkan\u0131 Sadullah K\u0131sac\u0131k, 8 Mart D\u00fcnya Kad\u0131nlar G\u00fcn\u00fc m\u00fcnasebetiyle bir mesaj yay\u0131nlad\u0131.<\/p>\n<p>Adalet ve vicdan duygular\u0131yla, olaylara farkl\u0131 bak\u0131\u015f a\u00e7\u0131lar\u0131yla ele ald\u0131klar\u0131 her durumu g\u00fczelliklere d\u00f6n\u00fc\u015ft\u00fcren kad\u0131nlar\u0131m\u0131z\u0131n 8 Mart D\u00fcnya Kad\u0131nlar G\u00fcn\u00fc kutlu olsun.<\/p>\n<p>Kad\u0131nlar\u0131m\u0131z, her alanda f\u0131rsat e\u015fitli\u011finin sa\u011fland\u0131\u011f\u0131, \u00f6tekisi olmad\u0131\u011f\u0131 ve haklar\u0131n\u0131 elde etti\u011fi bir toplumda ya\u015fama arzusu i\u00e7erisindeler. Biz DEVA Partisi olarak, kad\u0131nlar\u0131m\u0131z\u0131n bu haklar\u0131ndan yararlanmas\u0131n\u0131 sonuna kadar destekliyor, ortaya koydu\u011fumuz politikalar ile kad\u0131n- erkek e\u015fitli\u011finin her alanda sa\u011flanmas\u0131n\u0131 taahh\u00fct ediyoruz.<\/p>\n<p>%35 cinsiyet kotas\u0131 ile, T\u00fcrkiye\u2019de al\u0131\u015f\u0131lm\u0131\u015f siyaset tarz\u0131n\u0131 biz DEVA Partisi olarak de\u011fi\u015ftirdik. Kad\u0131nlar\u0131m\u0131z\u0131n siyasette karar mekanizmalar\u0131nda olmas\u0131 gereklili\u011fini en \u00e7ok savunan parti yine DEVA Partisi\u2019dir.<\/p>\n<p>Sosyal ya\u015famda, i\u015f hayat\u0131nda, sporda, sanatta ve en \u00f6nemlisi siyasette kad\u0131nlar\u0131n varl\u0131\u011f\u0131 herkes i\u00e7in bir f\u0131rsatt\u0131r. \u2018\u2019Siyaset, sadece erkeklere b\u0131rak\u0131lamayacak kadar ciddi bir i\u015ftir.\u2019\u2019 diyerek kad\u0131nlar\u0131 siyasete te\u015fvik eden Genel Ba\u015fkan\u0131m\u0131z Say\u0131n Ali Babacan, siyasetin ruhunun kad\u0131nlarla birlikte oldu\u011funu her f\u0131rsatta dile getirmektedir.<\/p>\n<p>Gazi Mustafa Kemal Atat\u00fcrk, \u201cEy kahraman T\u00fcrk kad\u0131n\u0131, sen yerde s\u00fcr\u00fcnmeye de\u011fil, omuzlar \u00fczerinde g\u00f6klere y\u00fckselmeye lay\u0131ks\u0131n.\u201d s\u00f6zleriyle her zaman bizlere ilham kayna\u011f\u0131 olmu\u015ftur. \u00c7a\u011f\u0131n \u00e7ok ilerisinde, kad\u0131nlara se\u00e7me ve se\u00e7ilme hakk\u0131n\u0131n tan\u0131nmas\u0131nda b\u00fcy\u00fck emekleri olan Atat\u00fcrk\u2019e millet olarak \u015f\u00fckran bor\u00e7luyuz.<\/p>\n<p>Merhum Ne\u015fet Erta\u015f\u2019\u0131n ifadesiyle \u2018\u2019Kad\u0131nlar insand\u0131r, bizler insano\u011flu.\u2019\u2019 d\u00fc\u015f\u00fcncesinin hayat\u0131m\u0131zda g\u00f6r\u00fcn\u00fcr k\u0131l\u0131nmas\u0131n\u0131 temenni ederek, \u015fehit anneleri ve \u015fehit e\u015fleri ba\u015fta olmak \u00fczere b\u00fct\u00fcn kad\u0131nlar\u0131m\u0131z\u0131n 8 Mart D\u00fcnya Kad\u0131nlar G\u00fcn\u00fc\u2019n\u00fc tekrardan kutluyorum.<\/p>\n","protected":false},"excerpt":{"rendered":"<p>DEVA PART\u0130S\u0130 ADANA \u0130L BA\u015eKANI SADULLAH KISACIK\u2019TAN 8 MART D\u00dcNYA KADINLAR G\u00dcN\u00dc MESAJI DEVA Partisi Adana \u0130l Ba\u015fkan\u0131 Sadullah K\u0131sac\u0131k,<\/p>\n","protected":false},"author":1,"featured_media":0,"comment_status":"open","ping_status":"open","sticky":false,"template":"","format":"standard","meta":{"footnotes":""},"categories":[13],"tags":[],"class_list":["post-856","post","type-post","status-publish","format-standard","hentry","category-siyaset"],"yoast_head":"<!-- This site is optimized with the Yoast SEO plugin v28.2 - https:\/\/yoast.com\/product\/yoast-seo-wordpress\/ -->\n<title>- MAV\u0130 HABER<\/title>\n<meta name=\"robots\" content=\"index, follow, max-snippet:-1, max-image-preview:large, max-video-preview:-1\" \/>\n<link rel=\"canonical\" href=\"https:\/\/www.mavihaber.com.tr\/?p=856\" \/>\n<meta property=\"og:locale\" content=\"tr_TR\" \/>\n<meta property=\"og:type\" content=\"article\" \/>\n<meta property=\"og:title\" content=\"- MAV\u0130 HABER\" \/>\n<meta property=\"og:description\" content=\"DEVA PART\u0130S\u0130 ADANA \u0130L BA\u015eKANI SADULLAH KISACIK\u2019TAN 8 MART D\u00dcNYA KADINLAR G\u00dcN\u00dc MESAJI DEVA Partisi Adana \u0130l Ba\u015fkan\u0131 Sadullah K\u0131sac\u0131k,\" \/>\n<meta property=\"og:url\" content=\"https:\/\/www.mavihaber.com.tr\/?p=856\" \/>\n<meta property=\"og:site_name\" content=\"MAV\u0130 HABER\" \/>\n<meta property=\"article:publisher\" content=\"https:\/\/www.facebook.com\/ceyhan.mavi.142\/\" \/>\n<meta property=\"article:published_time\" content=\"2022-03-08T10:07:45+00:00\" \/>\n<meta name=\"author\" content=\"MAV\u0130 HABER\" \/>\n<meta name=\"twitter:card\" content=\"summary_large_image\" \/>\n<meta name=\"twitter:creator\" content=\"@ceyhanmavihaber\" \/>\n<meta name=\"twitter:site\" content=\"@ceyhanmavihaber\" \/>\n<meta name=\"twitter:label1\" content=\"Yazan:\" \/>\n\t<meta name=\"twitter:data1\" content=\"MAV\u0130 HABER\" \/>\n\t<meta name=\"twitter:label2\" content=\"Tahmini okuma s\u00fcresi\" \/>\n\t<meta name=\"twitter:data2\" content=\"2 dakika\" \/>\n<script type=\"application\/ld+json\" class=\"yoast-schema-graph\">{\"@context\":\"https:\\\/\\\/schema.org\",\"@graph\":[{\"@type\":\"Article\",\"@id\":\"https:\\\/\\\/www.mavihaber.com.tr\\\/?p=856#article\",\"isPartOf\":{\"@id\":\"https:\\\/\\\/www.mavihaber.com.tr\\\/?p=856\"},\"author\":{\"name\":\"MAV\u0130 HABER\",\"@id\":\"https:\\\/\\\/www.mavihaber.com.tr\\\/#\\\/schema\\\/person\\\/6b483c36decdaf2ea80ccc7e00592ec5\"},\"headline\":\"Ba\u015fl\u0131k yok\",\"datePublished\":\"2022-03-08T10:07:45+00:00\",\"mainEntityOfPage\":{\"@id\":\"https:\\\/\\\/www.mavihaber.com.tr\\\/?p=856\"},\"wordCount\":362,\"commentCount\":0,\"publisher\":{\"@id\":\"https:\\\/\\\/www.mavihaber.com.tr\\\/#organization\"},\"articleSection\":[\"Siyaset\"],\"inLanguage\":\"tr\",\"potentialAction\":[{\"@type\":\"CommentAction\",\"name\":\"Comment\",\"target\":[\"https:\\\/\\\/www.mavihaber.com.tr\\\/?p=856#respond\"]}]},{\"@type\":\"WebPage\",\"@id\":\"https:\\\/\\\/www.mavihaber.com.tr\\\/?p=856\",\"url\":\"https:\\\/\\\/www.mavihaber.com.tr\\\/?p=856\",\"name\":\"- MAV\u0130 HABER\",\"isPartOf\":{\"@id\":\"https:\\\/\\\/www.mavihaber.com.tr\\\/#website\"},\"datePublished\":\"2022-03-08T10:07:45+00:00\",\"inLanguage\":\"tr\",\"potentialAction\":[{\"@type\":\"ReadAction\",\"target\":[\"https:\\\/\\\/www.mavihaber.com.tr\\\/?p=856\"]}]},{\"@type\":\"WebSite\",\"@id\":\"https:\\\/\\\/www.mavihaber.com.tr\\\/#website\",\"url\":\"https:\\\/\\\/www.mavihaber.com.tr\\\/\",\"name\":\"MAV\u0130 HABER\",\"description\":\"S&Ouml;Z U&Ccedil;AR YAZI KALIR\",\"publisher\":{\"@id\":\"https:\\\/\\\/www.mavihaber.com.tr\\\/#organization\"},\"potentialAction\":[{\"@type\":\"SearchAction\",\"target\":{\"@type\":\"EntryPoint\",\"urlTemplate\":\"https:\\\/\\\/www.mavihaber.com.tr\\\/?s={search_term_string}\"},\"query-input\":{\"@type\":\"PropertyValueSpecification\",\"valueRequired\":true,\"valueName\":\"search_term_string\"}}],\"inLanguage\":\"tr\"},{\"@type\":\"Organization\",\"@id\":\"https:\\\/\\\/www.mavihaber.com.tr\\\/#organization\",\"name\":\"MAV\u0130 HABER\",\"url\":\"https:\\\/\\\/www.mavihaber.com.tr\\\/\",\"logo\":{\"@type\":\"ImageObject\",\"inLanguage\":\"tr\",\"@id\":\"https:\\\/\\\/www.mavihaber.com.tr\\\/#\\\/schema\\\/logo\\\/image\\\/\",\"url\":\"http:\\\/\\\/www.mavihaber.com.tr\\\/wp-content\\\/uploads\\\/2022\\\/02\\\/mavi-logo.png\",\"contentUrl\":\"http:\\\/\\\/www.mavihaber.com.tr\\\/wp-content\\\/uploads\\\/2022\\\/02\\\/mavi-logo.png\",\"width\":301,\"height\":81,\"caption\":\"MAV\u0130 HABER\"},\"image\":{\"@id\":\"https:\\\/\\\/www.mavihaber.com.tr\\\/#\\\/schema\\\/logo\\\/image\\\/\"},\"sameAs\":[\"https:\\\/\\\/www.facebook.com\\\/ceyhan.mavi.142\\\/\",\"https:\\\/\\\/x.com\\\/ceyhanmavihaber\",\"https:\\\/\\\/www.instagram.com\\\/ceyhanmavihaber\\\/\",\"https:\\\/\\\/www.youtube.com\\\/channel\\\/UCJQ-0-AFgj2GjI269QDUwNw\"]},{\"@type\":\"Person\",\"@id\":\"https:\\\/\\\/www.mavihaber.com.tr\\\/#\\\/schema\\\/person\\\/6b483c36decdaf2ea80ccc7e00592ec5\",\"name\":\"MAV\u0130 HABER\",\"image\":{\"@type\":\"ImageObject\",\"inLanguage\":\"tr\",\"@id\":\"https:\\\/\\\/secure.gravatar.com\\\/avatar\\\/8ec447ff07537b3472bb74c7b4212a4d84d9e722e01a066cab36264a08dd2a23?s=96&d=mm&r=g\",\"url\":\"https:\\\/\\\/secure.gravatar.com\\\/avatar\\\/8ec447ff07537b3472bb74c7b4212a4d84d9e722e01a066cab36264a08dd2a23?s=96&d=mm&r=g\",\"contentUrl\":\"https:\\\/\\\/secure.gravatar.com\\\/avatar\\\/8ec447ff07537b3472bb74c7b4212a4d84d9e722e01a066cab36264a08dd2a23?s=96&d=mm&r=g\",\"caption\":\"MAV\u0130 HABER\"},\"sameAs\":[\"http:\\\/\\\/www.mavihaber.com.tr\"],\"url\":\"https:\\\/\\\/www.mavihaber.com.tr\\\/?author=1\"}]}<\/script>\n<!-- \/ Yoast SEO plugin. -->","yoast_head_json":{"title":"- MAV\u0130 HABER","robots":{"index":"index","follow":"follow","max-snippet":"max-snippet:-1","max-image-preview":"max-image-preview:large","max-video-preview":"max-video-preview:-1"},"canonical":"https:\/\/www.mavihaber.com.tr\/?p=856","og_locale":"tr_TR","og_type":"article","og_title":"- MAV\u0130 HABER","og_description":"DEVA PART\u0130S\u0130 ADANA \u0130L BA\u015eKANI SADULLAH KISACIK\u2019TAN 8 MART D\u00dcNYA KADINLAR G\u00dcN\u00dc MESAJI DEVA Partisi Adana \u0130l Ba\u015fkan\u0131 Sadullah K\u0131sac\u0131k,","og_url":"https:\/\/www.mavihaber.com.tr\/?p=856","og_site_name":"MAV\u0130 HABER","article_publisher":"https:\/\/www.facebook.com\/ceyhan.mavi.142\/","article_published_time":"2022-03-08T10:07:45+00:00","author":"MAV\u0130 HABER","twitter_card":"summary_large_image","twitter_creator":"@ceyhanmavihaber","twitter_site":"@ceyhanmavihaber","twitter_misc":{"Yazan:":"MAV\u0130 HABER","Tahmini okuma s\u00fcresi":"2 dakika"},"schema":{"@context":"https:\/\/schema.org","@graph":[{"@type":"Article","@id":"https:\/\/www.mavihaber.com.tr\/?p=856#article","isPartOf":{"@id":"https:\/\/www.mavihaber.com.tr\/?p=856"},"author":{"name":"MAV\u0130 HABER","@id":"https:\/\/www.mavihaber.com.tr\/#\/schema\/person\/6b483c36decdaf2ea80ccc7e00592ec5"},"headline":"Ba\u015fl\u0131k yok","datePublished":"2022-03-08T10:07:45+00:00","mainEntityOfPage":{"@id":"https:\/\/www.mavihaber.com.tr\/?p=856"},"wordCount":362,"commentCount":0,"publisher":{"@id":"https:\/\/www.mavihaber.com.tr\/#organization"},"articleSection":["Siyaset"],"inLanguage":"tr","potentialAction":[{"@type":"CommentAction","name":"Comment","target":["https:\/\/www.mavihaber.com.tr\/?p=856#respond"]}]},{"@type":"WebPage","@id":"https:\/\/www.mavihaber.com.tr\/?p=856","url":"https:\/\/www.mavihaber.com.tr\/?p=856","name":"- MAV\u0130 HABER","isPartOf":{"@id":"https:\/\/www.mavihaber.com.tr\/#website"},"datePublished":"2022-03-08T10:07:45+00:00","inLanguage":"tr","potentialAction":[{"@type":"ReadAction","target":["https:\/\/www.mavihaber.com.tr\/?p=856"]}]},{"@type":"WebSite","@id":"https:\/\/www.mavihaber.com.tr\/#website","url":"https:\/\/www.mavihaber.com.tr\/","name":"MAV\u0130 HABER","description":"S&Ouml;Z U&Ccedil;AR YAZI KALIR","publisher":{"@id":"https:\/\/www.mavihaber.com.tr\/#organization"},"potentialAction":[{"@type":"SearchAction","target":{"@type":"EntryPoint","urlTemplate":"https:\/\/www.mavihaber.com.tr\/?s={search_term_string}"},"query-input":{"@type":"PropertyValueSpecification","valueRequired":true,"valueName":"search_term_string"}}],"inLanguage":"tr"},{"@type":"Organization","@id":"https:\/\/www.mavihaber.com.tr\/#organization","name":"MAV\u0130 HABER","url":"https:\/\/www.mavihaber.com.tr\/","logo":{"@type":"ImageObject","inLanguage":"tr","@id":"https:\/\/www.mavihaber.com.tr\/#\/schema\/logo\/image\/","url":"http:\/\/www.mavihaber.com.tr\/wp-content\/uploads\/2022\/02\/mavi-logo.png","contentUrl":"http:\/\/www.mavihaber.com.tr\/wp-content\/uploads\/2022\/02\/mavi-logo.png","width":301,"height":81,"caption":"MAV\u0130 HABER"},"image":{"@id":"https:\/\/www.mavihaber.com.tr\/#\/schema\/logo\/image\/"},"sameAs":["https:\/\/www.facebook.com\/ceyhan.mavi.142\/","https:\/\/x.com\/ceyhanmavihaber","https:\/\/www.instagram.com\/ceyhanmavihaber\/","https:\/\/www.youtube.com\/channel\/UCJQ-0-AFgj2GjI269QDUwNw"]},{"@type":"Person","@id":"https:\/\/www.mavihaber.com.tr\/#\/schema\/person\/6b483c36decdaf2ea80ccc7e00592ec5","name":"MAV\u0130 HABER","image":{"@type":"ImageObject","inLanguage":"tr","@id":"https:\/\/secure.gravatar.com\/avatar\/8ec447ff07537b3472bb74c7b4212a4d84d9e722e01a066cab36264a08dd2a23?s=96&d=mm&r=g","url":"https:\/\/secure.gravatar.com\/avatar\/8ec447ff07537b3472bb74c7b4212a4d84d9e722e01a066cab36264a08dd2a23?s=96&d=mm&r=g","contentUrl":"https:\/\/secure.gravatar.com\/avatar\/8ec447ff07537b3472bb74c7b4212a4d84d9e722e01a066cab36264a08dd2a23?s=96&d=mm&r=g","caption":"MAV\u0130 HABER"},"sameAs":["http:\/\/www.mavihaber.com.tr"],"url":"https:\/\/www.mavihaber.com.tr\/?author=1"}]}},"views":324,"_links":{"self":[{"href":"https:\/\/www.mavihaber.com.tr\/index.php?rest_route=\/wp\/v2\/posts\/856","targetHints":{"allow":["GET"]}}],"collection":[{"href":"https:\/\/www.mavihaber.com.tr\/index.php?rest_route=\/wp\/v2\/posts"}],"about":[{"href":"https:\/\/www.mavihaber.com.tr\/index.php?rest_route=\/wp\/v2\/types\/post"}],"author":[{"embeddable":true,"href":"https:\/\/www.mavihaber.com.tr\/index.php?rest_route=\/wp\/v2\/users\/1"}],"replies":[{"embeddable":true,"href":"https:\/\/www.mavihaber.com.tr\/index.php?rest_route=%2Fwp%2Fv2%2Fcomments&post=856"}],"version-history":[{"count":1,"href":"https:\/\/www.mavihaber.com.tr\/index.php?rest_route=\/wp\/v2\/posts\/856\/revisions"}],"predecessor-version":[{"id":858,"href":"https:\/\/www.mavihaber.com.tr\/index.php?rest_route=\/wp\/v2\/posts\/856\/revisions\/858"}],"wp:attachment":[{"href":"https:\/\/www.mavihaber.com.tr\/index.php?rest_route=%2Fwp%2Fv2%2Fmedia&parent=856"}],"wp:term":[{"taxonomy":"category","embeddable":true,"href":"https:\/\/www.mavihaber.com.tr\/index.php?rest_route=%2Fwp%2Fv2%2Fcategories&post=856"},{"taxonomy":"post_tag","embeddable":true,"href":"https:\/\/www.mavihaber.com.tr\/index.php?rest_route=%2Fwp%2Fv2%2Ftags&post=856"}],"curies":[{"name":"wp","href":"https:\/\/api.w.org\/{rel}","templated":true}]}}