{"id":866,"date":"2022-03-08T13:06:24","date_gmt":"2022-03-08T13:06:24","guid":{"rendered":"http:\/\/www.mavihaber.com.tr\/?p=866"},"modified":"2022-03-08T13:06:24","modified_gmt":"2022-03-08T13:06:24","slug":"sevkinden-siyasetcilere-cagri","status":"publish","type":"post","link":"https:\/\/www.mavihaber.com.tr\/?p=866","title":{"rendered":"\u015eevkin&#8217;den siyaset\u00e7ilere \u00e7a\u011fr\u0131"},"content":{"rendered":"<p>\u015eEVK\u0130N\u2019DEN S\u0130YASET\u00c7\u0130LERE \u00c7A\u011eRI<br \/>\nCHP Adana Milletvekili M\u00fczeyyen \u015eevkin, Adana\u2019n\u0131n her ge\u00e7en g\u00fcn geri gitti\u011fini belirterek, parti g\u00f6zetmeksizin Adana\u2019y\u0131 temsil eden t\u00fcm milletvekillerinin bir araya gelerek hareket etmeye \u00e7a\u011f\u0131rd\u0131.<br \/>\n\u00c7ukurova\u2019n\u0131n yeni y\u00fcz\u00fc tivi 01\u2019de hafta i\u00e7i her sabah H\u00fclya Cengiz\u2019in haz\u0131rlay\u0131p sundu\u011fu \u2018G\u00fcnayd\u0131n \u00c7ukurova\u2019 program\u0131na konuk olan CHP Adana Milletvekili Dr. M\u00fczeyyen \u015eevkin Adana\u2019n\u0131n ve \u00fclkenin sorunlar\u0131 hakk\u0131nda a\u00e7\u0131klamalarda bulundu.<br \/>\nAdana\u2019n\u0131n en temel sorunlar\u0131n\u0131n i\u015fsizlik, yat\u0131r\u0131mc\u0131lar\u0131n \u015fehirden ka\u00e7mas\u0131, metro sorunu, \u015eakirpa\u015fa havaalan\u0131n\u0131n ta\u015f\u0131nmas\u0131, Karata\u015f-Yumurtal\u0131k sahilleri, Y\u00fcre\u011fir Kar\u015f\u0131yaka Devlet Hastanesi y\u0131k\u0131m\u0131n\u0131n sonu\u00e7lar\u0131, y\u0131k\u0131m\u0131 g\u00fcndemde olan Vak\u0131flar saray\u0131, Ceyhan Enerji End\u00fcstri B\u00f6lgesi ba\u015fta olmak \u00fczere Adana\u2019n\u0131n sorunlar yuma\u011f\u0131 haline geldi\u011fini ifade eden \u015eevkin, Adana\u2019y\u0131 temsil eden t\u00fcm milletvekillerinin parti g\u00f6zetmeksizin bir araya gelerek birlikte hareket etme \u00e7a\u011fr\u0131s\u0131nda bulundu. H\u00fck\u00fcmetin Adana\u2019y\u0131 neden bu kadar g\u00f6zden \u00e7\u0131karm\u0131\u015f bir tav\u0131r tak\u0131nd\u0131\u011f\u0131n\u0131 da anlamad\u0131\u011f\u0131 belirten \u015eevkin, \u201cEskiden T\u00fcrkiye\u2019nin 4. B\u00fcy\u00fck ili olan Adana ne yaz\u0131k ki art\u0131k ilk 10\u2019da bile de\u011fil. Bu k\u00f6t\u00fc gidi\u015fata dur diyecek olan ku\u015fkusuz ki Adana\u2019y\u0131 temsil eden \u00f6zellikle siyaset\u00e7ileriz. \u00c7ok ge\u00e7 olmadan bir araya gelip Adana\u2019y\u0131 masaya yat\u0131rmal\u0131, birlikte hareket etmeliyiz\u201d dedi.<\/p>\n","protected":false},"excerpt":{"rendered":"<p>\u015eEVK\u0130N\u2019DEN S\u0130YASET\u00c7\u0130LERE \u00c7A\u011eRI CHP Adana Milletvekili M\u00fczeyyen \u015eevkin, Adana\u2019n\u0131n her ge\u00e7en g\u00fcn geri gitti\u011fini belirterek, parti g\u00f6zetmeksizin Adana\u2019y\u0131 temsil eden<\/p>\n","protected":false},"author":1,"featured_media":0,"comment_status":"open","ping_status":"open","sticky":false,"template":"","format":"standard","meta":{"footnotes":""},"categories":[13],"tags":[],"class_list":["post-866","post","type-post","status-publish","format-standard","hentry","category-siyaset"],"yoast_head":"<!-- This site is optimized with the Yoast SEO plugin v28.2 - https:\/\/yoast.com\/product\/yoast-seo-wordpress\/ -->\n<title>\u015eevkin&#039;den siyaset\u00e7ilere \u00e7a\u011fr\u0131 - MAV\u0130 HABER<\/title>\n<meta name=\"robots\" content=\"index, follow, max-snippet:-1, max-image-preview:large, max-video-preview:-1\" \/>\n<link rel=\"canonical\" href=\"https:\/\/www.mavihaber.com.tr\/?p=866\" \/>\n<meta property=\"og:locale\" content=\"tr_TR\" \/>\n<meta property=\"og:type\" content=\"article\" \/>\n<meta property=\"og:title\" content=\"\u015eevkin&#039;den siyaset\u00e7ilere \u00e7a\u011fr\u0131 - MAV\u0130 HABER\" \/>\n<meta property=\"og:description\" content=\"\u015eEVK\u0130N\u2019DEN S\u0130YASET\u00c7\u0130LERE \u00c7A\u011eRI CHP Adana Milletvekili M\u00fczeyyen \u015eevkin, Adana\u2019n\u0131n her ge\u00e7en g\u00fcn geri gitti\u011fini belirterek, parti g\u00f6zetmeksizin Adana\u2019y\u0131 temsil eden\" \/>\n<meta property=\"og:url\" content=\"https:\/\/www.mavihaber.com.tr\/?p=866\" \/>\n<meta property=\"og:site_name\" content=\"MAV\u0130 HABER\" \/>\n<meta property=\"article:publisher\" content=\"https:\/\/www.facebook.com\/ceyhan.mavi.142\/\" \/>\n<meta property=\"article:published_time\" content=\"2022-03-08T13:06:24+00:00\" \/>\n<meta name=\"author\" content=\"MAV\u0130 HABER\" \/>\n<meta name=\"twitter:card\" content=\"summary_large_image\" \/>\n<meta name=\"twitter:creator\" content=\"@ceyhanmavihaber\" \/>\n<meta name=\"twitter:site\" content=\"@ceyhanmavihaber\" \/>\n<meta name=\"twitter:label1\" content=\"Yazan:\" \/>\n\t<meta name=\"twitter:data1\" content=\"MAV\u0130 HABER\" \/>\n\t<meta name=\"twitter:label2\" content=\"Tahmini okuma s\u00fcresi\" \/>\n\t<meta name=\"twitter:data2\" content=\"2 dakika\" \/>\n<script type=\"application\/ld+json\" class=\"yoast-schema-graph\">{\"@context\":\"https:\\\/\\\/schema.org\",\"@graph\":[{\"@type\":\"Article\",\"@id\":\"https:\\\/\\\/www.mavihaber.com.tr\\\/?p=866#article\",\"isPartOf\":{\"@id\":\"https:\\\/\\\/www.mavihaber.com.tr\\\/?p=866\"},\"author\":{\"name\":\"MAV\u0130 HABER\",\"@id\":\"https:\\\/\\\/www.mavihaber.com.tr\\\/#\\\/schema\\\/person\\\/6b483c36decdaf2ea80ccc7e00592ec5\"},\"headline\":\"\u015eevkin&#8217;den siyaset\u00e7ilere \u00e7a\u011fr\u0131\",\"datePublished\":\"2022-03-08T13:06:24+00:00\",\"mainEntityOfPage\":{\"@id\":\"https:\\\/\\\/www.mavihaber.com.tr\\\/?p=866\"},\"wordCount\":267,\"commentCount\":0,\"publisher\":{\"@id\":\"https:\\\/\\\/www.mavihaber.com.tr\\\/#organization\"},\"articleSection\":[\"Siyaset\"],\"inLanguage\":\"tr\",\"potentialAction\":[{\"@type\":\"CommentAction\",\"name\":\"Comment\",\"target\":[\"https:\\\/\\\/www.mavihaber.com.tr\\\/?p=866#respond\"]}]},{\"@type\":\"WebPage\",\"@id\":\"https:\\\/\\\/www.mavihaber.com.tr\\\/?p=866\",\"url\":\"https:\\\/\\\/www.mavihaber.com.tr\\\/?p=866\",\"name\":\"\u015eevkin'den siyaset\u00e7ilere \u00e7a\u011fr\u0131 - MAV\u0130 HABER\",\"isPartOf\":{\"@id\":\"https:\\\/\\\/www.mavihaber.com.tr\\\/#website\"},\"datePublished\":\"2022-03-08T13:06:24+00:00\",\"breadcrumb\":{\"@id\":\"https:\\\/\\\/www.mavihaber.com.tr\\\/?p=866#breadcrumb\"},\"inLanguage\":\"tr\",\"potentialAction\":[{\"@type\":\"ReadAction\",\"target\":[\"https:\\\/\\\/www.mavihaber.com.tr\\\/?p=866\"]}]},{\"@type\":\"BreadcrumbList\",\"@id\":\"https:\\\/\\\/www.mavihaber.com.tr\\\/?p=866#breadcrumb\",\"itemListElement\":[{\"@type\":\"ListItem\",\"position\":1,\"name\":\"Anasayfa\",\"item\":\"https:\\\/\\\/www.mavihaber.com.tr\\\/\"},{\"@type\":\"ListItem\",\"position\":2,\"name\":\"\u015eevkin&#8217;den siyaset\u00e7ilere \u00e7a\u011fr\u0131\"}]},{\"@type\":\"WebSite\",\"@id\":\"https:\\\/\\\/www.mavihaber.com.tr\\\/#website\",\"url\":\"https:\\\/\\\/www.mavihaber.com.tr\\\/\",\"name\":\"MAV\u0130 HABER\",\"description\":\"S&Ouml;Z U&Ccedil;AR YAZI KALIR\",\"publisher\":{\"@id\":\"https:\\\/\\\/www.mavihaber.com.tr\\\/#organization\"},\"potentialAction\":[{\"@type\":\"SearchAction\",\"target\":{\"@type\":\"EntryPoint\",\"urlTemplate\":\"https:\\\/\\\/www.mavihaber.com.tr\\\/?s={search_term_string}\"},\"query-input\":{\"@type\":\"PropertyValueSpecification\",\"valueRequired\":true,\"valueName\":\"search_term_string\"}}],\"inLanguage\":\"tr\"},{\"@type\":\"Organization\",\"@id\":\"https:\\\/\\\/www.mavihaber.com.tr\\\/#organization\",\"name\":\"MAV\u0130 HABER\",\"url\":\"https:\\\/\\\/www.mavihaber.com.tr\\\/\",\"logo\":{\"@type\":\"ImageObject\",\"inLanguage\":\"tr\",\"@id\":\"https:\\\/\\\/www.mavihaber.com.tr\\\/#\\\/schema\\\/logo\\\/image\\\/\",\"url\":\"http:\\\/\\\/www.mavihaber.com.tr\\\/wp-content\\\/uploads\\\/2022\\\/02\\\/mavi-logo.png\",\"contentUrl\":\"http:\\\/\\\/www.mavihaber.com.tr\\\/wp-content\\\/uploads\\\/2022\\\/02\\\/mavi-logo.png\",\"width\":301,\"height\":81,\"caption\":\"MAV\u0130 HABER\"},\"image\":{\"@id\":\"https:\\\/\\\/www.mavihaber.com.tr\\\/#\\\/schema\\\/logo\\\/image\\\/\"},\"sameAs\":[\"https:\\\/\\\/www.facebook.com\\\/ceyhan.mavi.142\\\/\",\"https:\\\/\\\/x.com\\\/ceyhanmavihaber\",\"https:\\\/\\\/www.instagram.com\\\/ceyhanmavihaber\\\/\",\"https:\\\/\\\/www.youtube.com\\\/channel\\\/UCJQ-0-AFgj2GjI269QDUwNw\"]},{\"@type\":\"Person\",\"@id\":\"https:\\\/\\\/www.mavihaber.com.tr\\\/#\\\/schema\\\/person\\\/6b483c36decdaf2ea80ccc7e00592ec5\",\"name\":\"MAV\u0130 HABER\",\"image\":{\"@type\":\"ImageObject\",\"inLanguage\":\"tr\",\"@id\":\"https:\\\/\\\/secure.gravatar.com\\\/avatar\\\/8ec447ff07537b3472bb74c7b4212a4d84d9e722e01a066cab36264a08dd2a23?s=96&d=mm&r=g\",\"url\":\"https:\\\/\\\/secure.gravatar.com\\\/avatar\\\/8ec447ff07537b3472bb74c7b4212a4d84d9e722e01a066cab36264a08dd2a23?s=96&d=mm&r=g\",\"contentUrl\":\"https:\\\/\\\/secure.gravatar.com\\\/avatar\\\/8ec447ff07537b3472bb74c7b4212a4d84d9e722e01a066cab36264a08dd2a23?s=96&d=mm&r=g\",\"caption\":\"MAV\u0130 HABER\"},\"sameAs\":[\"http:\\\/\\\/www.mavihaber.com.tr\"],\"url\":\"https:\\\/\\\/www.mavihaber.com.tr\\\/?author=1\"}]}<\/script>\n<!-- \/ Yoast SEO plugin. -->","yoast_head_json":{"title":"\u015eevkin'den siyaset\u00e7ilere \u00e7a\u011fr\u0131 - MAV\u0130 HABER","robots":{"index":"index","follow":"follow","max-snippet":"max-snippet:-1","max-image-preview":"max-image-preview:large","max-video-preview":"max-video-preview:-1"},"canonical":"https:\/\/www.mavihaber.com.tr\/?p=866","og_locale":"tr_TR","og_type":"article","og_title":"\u015eevkin'den siyaset\u00e7ilere \u00e7a\u011fr\u0131 - MAV\u0130 HABER","og_description":"\u015eEVK\u0130N\u2019DEN S\u0130YASET\u00c7\u0130LERE \u00c7A\u011eRI CHP Adana Milletvekili M\u00fczeyyen \u015eevkin, Adana\u2019n\u0131n her ge\u00e7en g\u00fcn geri gitti\u011fini belirterek, parti g\u00f6zetmeksizin Adana\u2019y\u0131 temsil eden","og_url":"https:\/\/www.mavihaber.com.tr\/?p=866","og_site_name":"MAV\u0130 HABER","article_publisher":"https:\/\/www.facebook.com\/ceyhan.mavi.142\/","article_published_time":"2022-03-08T13:06:24+00:00","author":"MAV\u0130 HABER","twitter_card":"summary_large_image","twitter_creator":"@ceyhanmavihaber","twitter_site":"@ceyhanmavihaber","twitter_misc":{"Yazan:":"MAV\u0130 HABER","Tahmini okuma s\u00fcresi":"2 dakika"},"schema":{"@context":"https:\/\/schema.org","@graph":[{"@type":"Article","@id":"https:\/\/www.mavihaber.com.tr\/?p=866#article","isPartOf":{"@id":"https:\/\/www.mavihaber.com.tr\/?p=866"},"author":{"name":"MAV\u0130 HABER","@id":"https:\/\/www.mavihaber.com.tr\/#\/schema\/person\/6b483c36decdaf2ea80ccc7e00592ec5"},"headline":"\u015eevkin&#8217;den siyaset\u00e7ilere \u00e7a\u011fr\u0131","datePublished":"2022-03-08T13:06:24+00:00","mainEntityOfPage":{"@id":"https:\/\/www.mavihaber.com.tr\/?p=866"},"wordCount":267,"commentCount":0,"publisher":{"@id":"https:\/\/www.mavihaber.com.tr\/#organization"},"articleSection":["Siyaset"],"inLanguage":"tr","potentialAction":[{"@type":"CommentAction","name":"Comment","target":["https:\/\/www.mavihaber.com.tr\/?p=866#respond"]}]},{"@type":"WebPage","@id":"https:\/\/www.mavihaber.com.tr\/?p=866","url":"https:\/\/www.mavihaber.com.tr\/?p=866","name":"\u015eevkin'den siyaset\u00e7ilere \u00e7a\u011fr\u0131 - MAV\u0130 HABER","isPartOf":{"@id":"https:\/\/www.mavihaber.com.tr\/#website"},"datePublished":"2022-03-08T13:06:24+00:00","breadcrumb":{"@id":"https:\/\/www.mavihaber.com.tr\/?p=866#breadcrumb"},"inLanguage":"tr","potentialAction":[{"@type":"ReadAction","target":["https:\/\/www.mavihaber.com.tr\/?p=866"]}]},{"@type":"BreadcrumbList","@id":"https:\/\/www.mavihaber.com.tr\/?p=866#breadcrumb","itemListElement":[{"@type":"ListItem","position":1,"name":"Anasayfa","item":"https:\/\/www.mavihaber.com.tr\/"},{"@type":"ListItem","position":2,"name":"\u015eevkin&#8217;den siyaset\u00e7ilere \u00e7a\u011fr\u0131"}]},{"@type":"WebSite","@id":"https:\/\/www.mavihaber.com.tr\/#website","url":"https:\/\/www.mavihaber.com.tr\/","name":"MAV\u0130 HABER","description":"S&Ouml;Z U&Ccedil;AR YAZI KALIR","publisher":{"@id":"https:\/\/www.mavihaber.com.tr\/#organization"},"potentialAction":[{"@type":"SearchAction","target":{"@type":"EntryPoint","urlTemplate":"https:\/\/www.mavihaber.com.tr\/?s={search_term_string}"},"query-input":{"@type":"PropertyValueSpecification","valueRequired":true,"valueName":"search_term_string"}}],"inLanguage":"tr"},{"@type":"Organization","@id":"https:\/\/www.mavihaber.com.tr\/#organization","name":"MAV\u0130 HABER","url":"https:\/\/www.mavihaber.com.tr\/","logo":{"@type":"ImageObject","inLanguage":"tr","@id":"https:\/\/www.mavihaber.com.tr\/#\/schema\/logo\/image\/","url":"http:\/\/www.mavihaber.com.tr\/wp-content\/uploads\/2022\/02\/mavi-logo.png","contentUrl":"http:\/\/www.mavihaber.com.tr\/wp-content\/uploads\/2022\/02\/mavi-logo.png","width":301,"height":81,"caption":"MAV\u0130 HABER"},"image":{"@id":"https:\/\/www.mavihaber.com.tr\/#\/schema\/logo\/image\/"},"sameAs":["https:\/\/www.facebook.com\/ceyhan.mavi.142\/","https:\/\/x.com\/ceyhanmavihaber","https:\/\/www.instagram.com\/ceyhanmavihaber\/","https:\/\/www.youtube.com\/channel\/UCJQ-0-AFgj2GjI269QDUwNw"]},{"@type":"Person","@id":"https:\/\/www.mavihaber.com.tr\/#\/schema\/person\/6b483c36decdaf2ea80ccc7e00592ec5","name":"MAV\u0130 HABER","image":{"@type":"ImageObject","inLanguage":"tr","@id":"https:\/\/secure.gravatar.com\/avatar\/8ec447ff07537b3472bb74c7b4212a4d84d9e722e01a066cab36264a08dd2a23?s=96&d=mm&r=g","url":"https:\/\/secure.gravatar.com\/avatar\/8ec447ff07537b3472bb74c7b4212a4d84d9e722e01a066cab36264a08dd2a23?s=96&d=mm&r=g","contentUrl":"https:\/\/secure.gravatar.com\/avatar\/8ec447ff07537b3472bb74c7b4212a4d84d9e722e01a066cab36264a08dd2a23?s=96&d=mm&r=g","caption":"MAV\u0130 HABER"},"sameAs":["http:\/\/www.mavihaber.com.tr"],"url":"https:\/\/www.mavihaber.com.tr\/?author=1"}]}},"views":319,"_links":{"self":[{"href":"https:\/\/www.mavihaber.com.tr\/index.php?rest_route=\/wp\/v2\/posts\/866","targetHints":{"allow":["GET"]}}],"collection":[{"href":"https:\/\/www.mavihaber.com.tr\/index.php?rest_route=\/wp\/v2\/posts"}],"about":[{"href":"https:\/\/www.mavihaber.com.tr\/index.php?rest_route=\/wp\/v2\/types\/post"}],"author":[{"embeddable":true,"href":"https:\/\/www.mavihaber.com.tr\/index.php?rest_route=\/wp\/v2\/users\/1"}],"replies":[{"embeddable":true,"href":"https:\/\/www.mavihaber.com.tr\/index.php?rest_route=%2Fwp%2Fv2%2Fcomments&post=866"}],"version-history":[{"count":1,"href":"https:\/\/www.mavihaber.com.tr\/index.php?rest_route=\/wp\/v2\/posts\/866\/revisions"}],"predecessor-version":[{"id":868,"href":"https:\/\/www.mavihaber.com.tr\/index.php?rest_route=\/wp\/v2\/posts\/866\/revisions\/868"}],"wp:attachment":[{"href":"https:\/\/www.mavihaber.com.tr\/index.php?rest_route=%2Fwp%2Fv2%2Fmedia&parent=866"}],"wp:term":[{"taxonomy":"category","embeddable":true,"href":"https:\/\/www.mavihaber.com.tr\/index.php?rest_route=%2Fwp%2Fv2%2Fcategories&post=866"},{"taxonomy":"post_tag","embeddable":true,"href":"https:\/\/www.mavihaber.com.tr\/index.php?rest_route=%2Fwp%2Fv2%2Ftags&post=866"}],"curies":[{"name":"wp","href":"https:\/\/api.w.org\/{rel}","templated":true}]}}