{"id":884,"date":"2022-03-09T10:03:21","date_gmt":"2022-03-09T10:03:21","guid":{"rendered":"http:\/\/www.mavihaber.com.tr\/?p=884"},"modified":"2022-03-09T10:03:21","modified_gmt":"2022-03-09T10:03:21","slug":"muteahhit-evine-dondugunde-hayatinin-sokunu-yasadi","status":"publish","type":"post","link":"https:\/\/www.mavihaber.com.tr\/?p=884","title":{"rendered":"M\u00fcteahhit evine d\u00f6nd\u00fc\u011f\u00fcn&#8217;de hayat\u0131n\u0131n \u015fokunu ya\u015fad\u0131!"},"content":{"rendered":"<h2 id=\"spot\" class=\"mt10 haber_ozet\"><span style=\"font-size: 16px;\">2 \u00e7ocuk babas\u0131 m\u00fcteahhit Mehmet Esen (41), ge\u00e7en Ocak ay\u0131nda Neslihan C. (39) isimli kad\u0131nla evlendi. D\u00fc\u011f\u00fcnden yakla\u015f\u0131k 1 hafta sonra Esen, e\u015finin annesi Selma C nin hasta oldu\u011funu \u00f6\u011frendi ve merkez Seyhan\u00a0 il\u00e7esine ba\u011fl\u0131 G\u00fcrselpa\u015fa Mahalle&#8217;sindeki evine getirdi. \u0130ddiaya g\u00f6re, 6 \u015eubat&#8217;ta ise e\u015fi Mehmet Esen&#8217;e, &#8216;Annem korona vir\u00fcse yakaland\u0131. Eve gelme&#8217; diye mesaj att\u0131.<\/span><\/h2>\n<div class=\"wrapper detay-v3_3 haber_metni pad-bot-20\">\n<p>Esen de bunun \u00fczerine otelde kalmaya ba\u015flad\u0131. 8 \u015eubat&#8217;ta ise Esen, k\u0131yafetlerini de\u011fi\u015ftirmek i\u00e7in evine gitti ancak 150 bin lira de\u011ferindeki d\u00fc\u011f\u00fcn alt\u0131nlar\u0131n\u0131 ve koltuk, yatak, beyaz e\u015fyalar, perde, hal\u0131 ve su \u0131s\u0131t\u0131c\u0131s\u0131na varana kadar b\u00fct\u00fcn e\u015fyalar\u0131n olmad\u0131\u011f\u0131n\u0131 fark etti. Hemen e\u015fini arayan adam e\u015fine de ula\u015famay\u0131nca doland\u0131r\u0131ld\u0131\u011f\u0131n\u0131 anlad\u0131. Oturdu\u011fu l\u00fcks sitenin g\u00fcvenli\u011fine giden Esen, ikinci \u015fokunu da burada ya\u015fad\u0131. G\u00fcvenlik g\u00f6revlisi, L. isimli kad\u0131n, &#8216;E\u015finiz size haber vermemem gerekti\u011fini s\u00f6yledi. Buraya ta\u015f\u0131ma firmas\u0131 geldi ve b\u00fct\u00fcn e\u015fyalar\u0131 g\u00f6t\u00fcrd\u00fc&#8217; dedi.<\/p>\n<h3>KARAKOLA G\u0130TT\u0130, G\u00d6ZALTINA ALINDI<\/h3>\n<p>Bunun \u00fczerine e\u015finin akrabalar\u0131na da ula\u015fmaya \u00e7al\u0131\u015fan ancak o ki\u015filer taraf\u0131ndan da engellenen Esen, e\u015finden \u015fikayet\u00e7i olmak i\u00e7in karakola gitti. Ancak karakola gitti\u011fi s\u0131rada Esen, polisler taraf\u0131ndan &#8216;E\u015fini darp etmi\u015fsin&#8217; denilerek g\u00f6zalt\u0131na al\u0131nd\u0131. Ger\u00e7e\u011fi polislere anlatan Esen, daha sonra serbest kal\u0131p e\u015fi hakk\u0131nda su\u00e7 duyurusunda bulundu. E\u015fine ula\u015famayan Mehmet Esen, avukat\u0131 arac\u0131l\u0131\u011f\u0131yla da bo\u015fanma davas\u0131 a\u00e7t\u0131.<\/p>\n<h3>&#8220;\u0130NSANLARIN UMUDUNU \u00c7ALIYORLAR&#8221;<\/h3>\n<p>Ba\u015f\u0131ndan ge\u00e7en olay\u0131 \u0130HA muhabirine anlatan Mehmet Esen, &#8220;Annesini rahats\u0131z diye evime getirdim. \u00d6zel hastaneye g\u00f6t\u00fcr\u00fcp tedavisini yapt\u0131rd\u0131m ve bana &#8216;Annem korona vir\u00fcse yakaland\u0131. Eve gelme&#8217; diye mesaj att\u0131. Bu tabi hep planm\u0131\u015f. Eve 1-2 g\u00fcn gelmedim. Daha sonra geldi\u011fimde ise b\u00fct\u00fcn e\u015fyalar\u0131m\u0131n \u00e7al\u0131nd\u0131\u011f\u0131n\u0131 fark ettim. Benim en \u00e7ok zoruma giden insan\u0131n umudunu al\u0131p giden ve hi\u00e7bir \u015fey olmam\u0131\u015f gibi karakola gidip ifade verip geri \u00e7\u0131kmas\u0131. Evde olmad\u0131\u011f\u0131m halde &#8216;Beni darp etti&#8217; diyerek birde beni g\u00f6zalt\u0131na ald\u0131r\u0131yor&#8221; diye konu\u015ftu.<\/p>\n<\/div>\n","protected":false},"excerpt":{"rendered":"<p>2 \u00e7ocuk babas\u0131 m\u00fcteahhit Mehmet Esen (41), ge\u00e7en Ocak ay\u0131nda Neslihan C. (39) isimli kad\u0131nla evlendi. D\u00fc\u011f\u00fcnden yakla\u015f\u0131k 1 hafta<\/p>\n","protected":false},"author":1,"featured_media":0,"comment_status":"open","ping_status":"open","sticky":false,"template":"","format":"standard","meta":{"footnotes":""},"categories":[10],"tags":[],"class_list":["post-884","post","type-post","status-publish","format-standard","hentry","category-gundem"],"yoast_head":"<!-- This site is optimized with the Yoast SEO plugin v28.2 - https:\/\/yoast.com\/product\/yoast-seo-wordpress\/ -->\n<title>M\u00fcteahhit evine d\u00f6nd\u00fc\u011f\u00fcn&#039;de hayat\u0131n\u0131n \u015fokunu ya\u015fad\u0131! - MAV\u0130 HABER<\/title>\n<meta name=\"robots\" content=\"index, follow, max-snippet:-1, max-image-preview:large, max-video-preview:-1\" \/>\n<link rel=\"canonical\" href=\"https:\/\/www.mavihaber.com.tr\/?p=884\" \/>\n<meta property=\"og:locale\" content=\"tr_TR\" \/>\n<meta property=\"og:type\" content=\"article\" \/>\n<meta property=\"og:title\" content=\"M\u00fcteahhit evine d\u00f6nd\u00fc\u011f\u00fcn&#039;de hayat\u0131n\u0131n \u015fokunu ya\u015fad\u0131! - MAV\u0130 HABER\" \/>\n<meta property=\"og:description\" content=\"2 \u00e7ocuk babas\u0131 m\u00fcteahhit Mehmet Esen (41), ge\u00e7en Ocak ay\u0131nda Neslihan C. (39) isimli kad\u0131nla evlendi. D\u00fc\u011f\u00fcnden yakla\u015f\u0131k 1 hafta\" \/>\n<meta property=\"og:url\" content=\"https:\/\/www.mavihaber.com.tr\/?p=884\" \/>\n<meta property=\"og:site_name\" content=\"MAV\u0130 HABER\" \/>\n<meta property=\"article:publisher\" content=\"https:\/\/www.facebook.com\/ceyhan.mavi.142\/\" \/>\n<meta property=\"article:published_time\" content=\"2022-03-09T10:03:21+00:00\" \/>\n<meta name=\"author\" content=\"MAV\u0130 HABER\" \/>\n<meta name=\"twitter:card\" content=\"summary_large_image\" \/>\n<meta name=\"twitter:creator\" content=\"@ceyhanmavihaber\" \/>\n<meta name=\"twitter:site\" content=\"@ceyhanmavihaber\" \/>\n<meta name=\"twitter:label1\" content=\"Yazan:\" \/>\n\t<meta name=\"twitter:data1\" content=\"MAV\u0130 HABER\" \/>\n\t<meta name=\"twitter:label2\" content=\"Tahmini okuma s\u00fcresi\" \/>\n\t<meta name=\"twitter:data2\" content=\"2 dakika\" \/>\n<script type=\"application\/ld+json\" class=\"yoast-schema-graph\">{\"@context\":\"https:\\\/\\\/schema.org\",\"@graph\":[{\"@type\":\"Article\",\"@id\":\"https:\\\/\\\/www.mavihaber.com.tr\\\/?p=884#article\",\"isPartOf\":{\"@id\":\"https:\\\/\\\/www.mavihaber.com.tr\\\/?p=884\"},\"author\":{\"name\":\"MAV\u0130 HABER\",\"@id\":\"https:\\\/\\\/www.mavihaber.com.tr\\\/#\\\/schema\\\/person\\\/6b483c36decdaf2ea80ccc7e00592ec5\"},\"headline\":\"M\u00fcteahhit evine d\u00f6nd\u00fc\u011f\u00fcn&#8217;de hayat\u0131n\u0131n \u015fokunu ya\u015fad\u0131!\",\"datePublished\":\"2022-03-09T10:03:21+00:00\",\"mainEntityOfPage\":{\"@id\":\"https:\\\/\\\/www.mavihaber.com.tr\\\/?p=884\"},\"wordCount\":399,\"commentCount\":0,\"publisher\":{\"@id\":\"https:\\\/\\\/www.mavihaber.com.tr\\\/#organization\"},\"articleSection\":[\"G\u00fcndem\"],\"inLanguage\":\"tr\",\"potentialAction\":[{\"@type\":\"CommentAction\",\"name\":\"Comment\",\"target\":[\"https:\\\/\\\/www.mavihaber.com.tr\\\/?p=884#respond\"]}]},{\"@type\":\"WebPage\",\"@id\":\"https:\\\/\\\/www.mavihaber.com.tr\\\/?p=884\",\"url\":\"https:\\\/\\\/www.mavihaber.com.tr\\\/?p=884\",\"name\":\"M\u00fcteahhit evine d\u00f6nd\u00fc\u011f\u00fcn'de hayat\u0131n\u0131n \u015fokunu ya\u015fad\u0131! - MAV\u0130 HABER\",\"isPartOf\":{\"@id\":\"https:\\\/\\\/www.mavihaber.com.tr\\\/#website\"},\"datePublished\":\"2022-03-09T10:03:21+00:00\",\"breadcrumb\":{\"@id\":\"https:\\\/\\\/www.mavihaber.com.tr\\\/?p=884#breadcrumb\"},\"inLanguage\":\"tr\",\"potentialAction\":[{\"@type\":\"ReadAction\",\"target\":[\"https:\\\/\\\/www.mavihaber.com.tr\\\/?p=884\"]}]},{\"@type\":\"BreadcrumbList\",\"@id\":\"https:\\\/\\\/www.mavihaber.com.tr\\\/?p=884#breadcrumb\",\"itemListElement\":[{\"@type\":\"ListItem\",\"position\":1,\"name\":\"Anasayfa\",\"item\":\"https:\\\/\\\/www.mavihaber.com.tr\\\/\"},{\"@type\":\"ListItem\",\"position\":2,\"name\":\"M\u00fcteahhit evine d\u00f6nd\u00fc\u011f\u00fcn&#8217;de hayat\u0131n\u0131n \u015fokunu ya\u015fad\u0131!\"}]},{\"@type\":\"WebSite\",\"@id\":\"https:\\\/\\\/www.mavihaber.com.tr\\\/#website\",\"url\":\"https:\\\/\\\/www.mavihaber.com.tr\\\/\",\"name\":\"MAV\u0130 HABER\",\"description\":\"S&Ouml;Z U&Ccedil;AR YAZI KALIR\",\"publisher\":{\"@id\":\"https:\\\/\\\/www.mavihaber.com.tr\\\/#organization\"},\"potentialAction\":[{\"@type\":\"SearchAction\",\"target\":{\"@type\":\"EntryPoint\",\"urlTemplate\":\"https:\\\/\\\/www.mavihaber.com.tr\\\/?s={search_term_string}\"},\"query-input\":{\"@type\":\"PropertyValueSpecification\",\"valueRequired\":true,\"valueName\":\"search_term_string\"}}],\"inLanguage\":\"tr\"},{\"@type\":\"Organization\",\"@id\":\"https:\\\/\\\/www.mavihaber.com.tr\\\/#organization\",\"name\":\"MAV\u0130 HABER\",\"url\":\"https:\\\/\\\/www.mavihaber.com.tr\\\/\",\"logo\":{\"@type\":\"ImageObject\",\"inLanguage\":\"tr\",\"@id\":\"https:\\\/\\\/www.mavihaber.com.tr\\\/#\\\/schema\\\/logo\\\/image\\\/\",\"url\":\"http:\\\/\\\/www.mavihaber.com.tr\\\/wp-content\\\/uploads\\\/2022\\\/02\\\/mavi-logo.png\",\"contentUrl\":\"http:\\\/\\\/www.mavihaber.com.tr\\\/wp-content\\\/uploads\\\/2022\\\/02\\\/mavi-logo.png\",\"width\":301,\"height\":81,\"caption\":\"MAV\u0130 HABER\"},\"image\":{\"@id\":\"https:\\\/\\\/www.mavihaber.com.tr\\\/#\\\/schema\\\/logo\\\/image\\\/\"},\"sameAs\":[\"https:\\\/\\\/www.facebook.com\\\/ceyhan.mavi.142\\\/\",\"https:\\\/\\\/x.com\\\/ceyhanmavihaber\",\"https:\\\/\\\/www.instagram.com\\\/ceyhanmavihaber\\\/\",\"https:\\\/\\\/www.youtube.com\\\/channel\\\/UCJQ-0-AFgj2GjI269QDUwNw\"]},{\"@type\":\"Person\",\"@id\":\"https:\\\/\\\/www.mavihaber.com.tr\\\/#\\\/schema\\\/person\\\/6b483c36decdaf2ea80ccc7e00592ec5\",\"name\":\"MAV\u0130 HABER\",\"image\":{\"@type\":\"ImageObject\",\"inLanguage\":\"tr\",\"@id\":\"https:\\\/\\\/secure.gravatar.com\\\/avatar\\\/8ec447ff07537b3472bb74c7b4212a4d84d9e722e01a066cab36264a08dd2a23?s=96&d=mm&r=g\",\"url\":\"https:\\\/\\\/secure.gravatar.com\\\/avatar\\\/8ec447ff07537b3472bb74c7b4212a4d84d9e722e01a066cab36264a08dd2a23?s=96&d=mm&r=g\",\"contentUrl\":\"https:\\\/\\\/secure.gravatar.com\\\/avatar\\\/8ec447ff07537b3472bb74c7b4212a4d84d9e722e01a066cab36264a08dd2a23?s=96&d=mm&r=g\",\"caption\":\"MAV\u0130 HABER\"},\"sameAs\":[\"http:\\\/\\\/www.mavihaber.com.tr\"],\"url\":\"https:\\\/\\\/www.mavihaber.com.tr\\\/?author=1\"}]}<\/script>\n<!-- \/ Yoast SEO plugin. -->","yoast_head_json":{"title":"M\u00fcteahhit evine d\u00f6nd\u00fc\u011f\u00fcn'de hayat\u0131n\u0131n \u015fokunu ya\u015fad\u0131! - MAV\u0130 HABER","robots":{"index":"index","follow":"follow","max-snippet":"max-snippet:-1","max-image-preview":"max-image-preview:large","max-video-preview":"max-video-preview:-1"},"canonical":"https:\/\/www.mavihaber.com.tr\/?p=884","og_locale":"tr_TR","og_type":"article","og_title":"M\u00fcteahhit evine d\u00f6nd\u00fc\u011f\u00fcn'de hayat\u0131n\u0131n \u015fokunu ya\u015fad\u0131! - MAV\u0130 HABER","og_description":"2 \u00e7ocuk babas\u0131 m\u00fcteahhit Mehmet Esen (41), ge\u00e7en Ocak ay\u0131nda Neslihan C. (39) isimli kad\u0131nla evlendi. D\u00fc\u011f\u00fcnden yakla\u015f\u0131k 1 hafta","og_url":"https:\/\/www.mavihaber.com.tr\/?p=884","og_site_name":"MAV\u0130 HABER","article_publisher":"https:\/\/www.facebook.com\/ceyhan.mavi.142\/","article_published_time":"2022-03-09T10:03:21+00:00","author":"MAV\u0130 HABER","twitter_card":"summary_large_image","twitter_creator":"@ceyhanmavihaber","twitter_site":"@ceyhanmavihaber","twitter_misc":{"Yazan:":"MAV\u0130 HABER","Tahmini okuma s\u00fcresi":"2 dakika"},"schema":{"@context":"https:\/\/schema.org","@graph":[{"@type":"Article","@id":"https:\/\/www.mavihaber.com.tr\/?p=884#article","isPartOf":{"@id":"https:\/\/www.mavihaber.com.tr\/?p=884"},"author":{"name":"MAV\u0130 HABER","@id":"https:\/\/www.mavihaber.com.tr\/#\/schema\/person\/6b483c36decdaf2ea80ccc7e00592ec5"},"headline":"M\u00fcteahhit evine d\u00f6nd\u00fc\u011f\u00fcn&#8217;de hayat\u0131n\u0131n \u015fokunu ya\u015fad\u0131!","datePublished":"2022-03-09T10:03:21+00:00","mainEntityOfPage":{"@id":"https:\/\/www.mavihaber.com.tr\/?p=884"},"wordCount":399,"commentCount":0,"publisher":{"@id":"https:\/\/www.mavihaber.com.tr\/#organization"},"articleSection":["G\u00fcndem"],"inLanguage":"tr","potentialAction":[{"@type":"CommentAction","name":"Comment","target":["https:\/\/www.mavihaber.com.tr\/?p=884#respond"]}]},{"@type":"WebPage","@id":"https:\/\/www.mavihaber.com.tr\/?p=884","url":"https:\/\/www.mavihaber.com.tr\/?p=884","name":"M\u00fcteahhit evine d\u00f6nd\u00fc\u011f\u00fcn'de hayat\u0131n\u0131n \u015fokunu ya\u015fad\u0131! - MAV\u0130 HABER","isPartOf":{"@id":"https:\/\/www.mavihaber.com.tr\/#website"},"datePublished":"2022-03-09T10:03:21+00:00","breadcrumb":{"@id":"https:\/\/www.mavihaber.com.tr\/?p=884#breadcrumb"},"inLanguage":"tr","potentialAction":[{"@type":"ReadAction","target":["https:\/\/www.mavihaber.com.tr\/?p=884"]}]},{"@type":"BreadcrumbList","@id":"https:\/\/www.mavihaber.com.tr\/?p=884#breadcrumb","itemListElement":[{"@type":"ListItem","position":1,"name":"Anasayfa","item":"https:\/\/www.mavihaber.com.tr\/"},{"@type":"ListItem","position":2,"name":"M\u00fcteahhit evine d\u00f6nd\u00fc\u011f\u00fcn&#8217;de hayat\u0131n\u0131n \u015fokunu ya\u015fad\u0131!"}]},{"@type":"WebSite","@id":"https:\/\/www.mavihaber.com.tr\/#website","url":"https:\/\/www.mavihaber.com.tr\/","name":"MAV\u0130 HABER","description":"S&Ouml;Z U&Ccedil;AR YAZI KALIR","publisher":{"@id":"https:\/\/www.mavihaber.com.tr\/#organization"},"potentialAction":[{"@type":"SearchAction","target":{"@type":"EntryPoint","urlTemplate":"https:\/\/www.mavihaber.com.tr\/?s={search_term_string}"},"query-input":{"@type":"PropertyValueSpecification","valueRequired":true,"valueName":"search_term_string"}}],"inLanguage":"tr"},{"@type":"Organization","@id":"https:\/\/www.mavihaber.com.tr\/#organization","name":"MAV\u0130 HABER","url":"https:\/\/www.mavihaber.com.tr\/","logo":{"@type":"ImageObject","inLanguage":"tr","@id":"https:\/\/www.mavihaber.com.tr\/#\/schema\/logo\/image\/","url":"http:\/\/www.mavihaber.com.tr\/wp-content\/uploads\/2022\/02\/mavi-logo.png","contentUrl":"http:\/\/www.mavihaber.com.tr\/wp-content\/uploads\/2022\/02\/mavi-logo.png","width":301,"height":81,"caption":"MAV\u0130 HABER"},"image":{"@id":"https:\/\/www.mavihaber.com.tr\/#\/schema\/logo\/image\/"},"sameAs":["https:\/\/www.facebook.com\/ceyhan.mavi.142\/","https:\/\/x.com\/ceyhanmavihaber","https:\/\/www.instagram.com\/ceyhanmavihaber\/","https:\/\/www.youtube.com\/channel\/UCJQ-0-AFgj2GjI269QDUwNw"]},{"@type":"Person","@id":"https:\/\/www.mavihaber.com.tr\/#\/schema\/person\/6b483c36decdaf2ea80ccc7e00592ec5","name":"MAV\u0130 HABER","image":{"@type":"ImageObject","inLanguage":"tr","@id":"https:\/\/secure.gravatar.com\/avatar\/8ec447ff07537b3472bb74c7b4212a4d84d9e722e01a066cab36264a08dd2a23?s=96&d=mm&r=g","url":"https:\/\/secure.gravatar.com\/avatar\/8ec447ff07537b3472bb74c7b4212a4d84d9e722e01a066cab36264a08dd2a23?s=96&d=mm&r=g","contentUrl":"https:\/\/secure.gravatar.com\/avatar\/8ec447ff07537b3472bb74c7b4212a4d84d9e722e01a066cab36264a08dd2a23?s=96&d=mm&r=g","caption":"MAV\u0130 HABER"},"sameAs":["http:\/\/www.mavihaber.com.tr"],"url":"https:\/\/www.mavihaber.com.tr\/?author=1"}]}},"views":522,"_links":{"self":[{"href":"https:\/\/www.mavihaber.com.tr\/index.php?rest_route=\/wp\/v2\/posts\/884","targetHints":{"allow":["GET"]}}],"collection":[{"href":"https:\/\/www.mavihaber.com.tr\/index.php?rest_route=\/wp\/v2\/posts"}],"about":[{"href":"https:\/\/www.mavihaber.com.tr\/index.php?rest_route=\/wp\/v2\/types\/post"}],"author":[{"embeddable":true,"href":"https:\/\/www.mavihaber.com.tr\/index.php?rest_route=\/wp\/v2\/users\/1"}],"replies":[{"embeddable":true,"href":"https:\/\/www.mavihaber.com.tr\/index.php?rest_route=%2Fwp%2Fv2%2Fcomments&post=884"}],"version-history":[{"count":1,"href":"https:\/\/www.mavihaber.com.tr\/index.php?rest_route=\/wp\/v2\/posts\/884\/revisions"}],"predecessor-version":[{"id":886,"href":"https:\/\/www.mavihaber.com.tr\/index.php?rest_route=\/wp\/v2\/posts\/884\/revisions\/886"}],"wp:attachment":[{"href":"https:\/\/www.mavihaber.com.tr\/index.php?rest_route=%2Fwp%2Fv2%2Fmedia&parent=884"}],"wp:term":[{"taxonomy":"category","embeddable":true,"href":"https:\/\/www.mavihaber.com.tr\/index.php?rest_route=%2Fwp%2Fv2%2Fcategories&post=884"},{"taxonomy":"post_tag","embeddable":true,"href":"https:\/\/www.mavihaber.com.tr\/index.php?rest_route=%2Fwp%2Fv2%2Ftags&post=884"}],"curies":[{"name":"wp","href":"https:\/\/api.w.org\/{rel}","templated":true}]}}