{"id":924,"date":"2022-03-10T09:37:59","date_gmt":"2022-03-10T09:37:59","guid":{"rendered":"http:\/\/www.mavihaber.com.tr\/?p=924"},"modified":"2022-03-10T09:37:59","modified_gmt":"2022-03-10T09:37:59","slug":"uslu-cgcyi-ziyaret-etti","status":"publish","type":"post","link":"https:\/\/www.mavihaber.com.tr\/?p=924","title":{"rendered":"Uslu, \u00c7GC\u2019yi ziyaret etti"},"content":{"rendered":"<p>184 Nolu Balcal\u0131 Halk Otob\u00fcs\u00e7\u00fcleri Kooperatif Ba\u015fkan\u0131 Mustafa Uslu, son gelen zamlardan sonra peri\u015fan olduklar\u0131n\u0131, Adana B\u00fcy\u00fck\u015fehir Belediyesi\u2019nden \u00e7\u00f6z\u00fcm beklediklerini ifade etti.<\/p>\n<p>\u00c7ukurova Gazeteciler Cemiyeti (\u00c7GC) Ba\u015fkan\u0131 Cafer Esendemir\u2019i ziyaret ederek, kooperatif \u00fcyelerinin ya\u015fad\u0131klar\u0131 sorunlar\u0131n\u0131 aktaran Uslu, \u201cKooperatifimize ba\u011fl\u0131 420 \u00fcyemiz var. Bug\u00fcn son zamlardan sonra adeta iflas etmi\u015f durumday\u0131z. Para kazanmay\u0131 b\u0131rak\u0131n, masraflara yeti\u015femiyoruz\u201d dedi.<\/p>\n<p>Herg\u00fcn bir arac\u0131nz yakla\u015f\u0131k 400 Adanal\u0131y\u0131 ta\u015f\u0131d\u0131\u011f\u0131n\u0131 ifade eden Uslu, konu\u015fmas\u0131na \u015f\u00f6yle devam etti:<\/p>\n<p>\u201cBunun geliri ise Bin 200 liray\u0131 ancak buluyor. Son yap\u0131lan zamlar\u0131n ard\u0131ndan her arac\u0131m\u0131z\u0131n yakt\u0131\u011f\u0131 mazot Bin 800 liray\u0131 buluyor. Di\u011fer maliyetleri de katt\u0131\u011f\u0131m\u0131zda; her ge\u00e7en g\u00fcn daha fazla zarar eder duruma geldik. \u00dcyelerimiz \u00e7ok zor durumda. Mazot paras\u0131n\u0131 bile kazanamaz hale geldik. Bizim i\u015fverenimiz B\u00fcy\u00fck\u015fehir Belediyesi\u2019dir. Bu durumda B\u00fcy\u00fck\u015fehir Belediyesi\u2019nin bizlere sahip \u00e7\u0131kmas\u0131 ve sorunumuza \u00e7\u00f6z\u00fcm bulmas\u0131n\u0131 bekliyoruz.\u201d<\/p>\n<p>\u00c7GC Y\u00f6netim Kurulu \u00dcyesi Mustafa Akk\u00f6se\u2019nin de yerald\u0131\u011f\u0131 K\u00fclt\u00fcr ve Sosyal Tesisleri\u2019nde ger\u00e7ekle\u015fen ziyarete, 184 Nolu Kooperatif Y\u00f6netim Kurulu \u00dcyeleri Orhan Ayd\u0131n ve Mahmut Tekkanat da kat\u0131ld\u0131.<\/p>\n<p>\u00c7GC Ba\u015fkan\u0131 Cafer Esendemir de konu\u015fmas\u0131nda; T\u00fcrkiye\u2019de her ge\u00e7en g\u00fcn toplumun t\u00fcm kesimlerinin ya\u015fam ko\u015fullar\u0131n\u0131n g\u00fc\u00e7le\u015fti\u011fini belirterek, sorunlar\u0131n \u00e7\u00f6z\u00fcm\u00fc noktas\u0131nda ilgili kesimlerin gerekli \u00e7al\u0131\u015fmalar\u0131 yapmas\u0131 ve vatanda\u015f\u0131n s\u0131k\u0131nt\u0131lar\u0131n\u0131n giderilmesini istedi.<\/p>\n","protected":false},"excerpt":{"rendered":"<p>184 Nolu Balcal\u0131 Halk Otob\u00fcs\u00e7\u00fcleri Kooperatif Ba\u015fkan\u0131 Mustafa Uslu, son gelen zamlardan sonra peri\u015fan olduklar\u0131n\u0131, Adana B\u00fcy\u00fck\u015fehir Belediyesi\u2019nden \u00e7\u00f6z\u00fcm beklediklerini<\/p>\n","protected":false},"author":1,"featured_media":0,"comment_status":"open","ping_status":"open","sticky":false,"template":"","format":"standard","meta":{"footnotes":""},"categories":[8,13],"tags":[],"class_list":["post-924","post","type-post","status-publish","format-standard","hentry","category-ekonomi","category-siyaset"],"yoast_head":"<!-- This site is optimized with the Yoast SEO plugin v28.2 - https:\/\/yoast.com\/product\/yoast-seo-wordpress\/ -->\n<title>Uslu, \u00c7GC\u2019yi ziyaret etti - MAV\u0130 HABER<\/title>\n<meta name=\"robots\" content=\"index, follow, max-snippet:-1, max-image-preview:large, max-video-preview:-1\" \/>\n<link rel=\"canonical\" href=\"https:\/\/www.mavihaber.com.tr\/?p=924\" \/>\n<meta property=\"og:locale\" content=\"tr_TR\" \/>\n<meta property=\"og:type\" content=\"article\" \/>\n<meta property=\"og:title\" content=\"Uslu, \u00c7GC\u2019yi ziyaret etti - MAV\u0130 HABER\" \/>\n<meta property=\"og:description\" content=\"184 Nolu Balcal\u0131 Halk Otob\u00fcs\u00e7\u00fcleri Kooperatif Ba\u015fkan\u0131 Mustafa Uslu, son gelen zamlardan sonra peri\u015fan olduklar\u0131n\u0131, Adana B\u00fcy\u00fck\u015fehir Belediyesi\u2019nden \u00e7\u00f6z\u00fcm beklediklerini\" \/>\n<meta property=\"og:url\" content=\"https:\/\/www.mavihaber.com.tr\/?p=924\" \/>\n<meta property=\"og:site_name\" content=\"MAV\u0130 HABER\" \/>\n<meta property=\"article:publisher\" content=\"https:\/\/www.facebook.com\/ceyhan.mavi.142\/\" \/>\n<meta property=\"article:published_time\" content=\"2022-03-10T09:37:59+00:00\" \/>\n<meta name=\"author\" content=\"MAV\u0130 HABER\" \/>\n<meta name=\"twitter:card\" content=\"summary_large_image\" \/>\n<meta name=\"twitter:creator\" content=\"@ceyhanmavihaber\" \/>\n<meta name=\"twitter:site\" content=\"@ceyhanmavihaber\" \/>\n<meta name=\"twitter:label1\" content=\"Yazan:\" \/>\n\t<meta name=\"twitter:data1\" content=\"MAV\u0130 HABER\" \/>\n\t<meta name=\"twitter:label2\" content=\"Tahmini okuma s\u00fcresi\" \/>\n\t<meta name=\"twitter:data2\" content=\"2 dakika\" \/>\n<script type=\"application\/ld+json\" class=\"yoast-schema-graph\">{\"@context\":\"https:\\\/\\\/schema.org\",\"@graph\":[{\"@type\":\"Article\",\"@id\":\"https:\\\/\\\/www.mavihaber.com.tr\\\/?p=924#article\",\"isPartOf\":{\"@id\":\"https:\\\/\\\/www.mavihaber.com.tr\\\/?p=924\"},\"author\":{\"name\":\"MAV\u0130 HABER\",\"@id\":\"https:\\\/\\\/www.mavihaber.com.tr\\\/#\\\/schema\\\/person\\\/6b483c36decdaf2ea80ccc7e00592ec5\"},\"headline\":\"Uslu, \u00c7GC\u2019yi ziyaret etti\",\"datePublished\":\"2022-03-10T09:37:59+00:00\",\"mainEntityOfPage\":{\"@id\":\"https:\\\/\\\/www.mavihaber.com.tr\\\/?p=924\"},\"wordCount\":273,\"commentCount\":0,\"publisher\":{\"@id\":\"https:\\\/\\\/www.mavihaber.com.tr\\\/#organization\"},\"articleSection\":[\"Ekonomi\",\"Siyaset\"],\"inLanguage\":\"tr\",\"potentialAction\":[{\"@type\":\"CommentAction\",\"name\":\"Comment\",\"target\":[\"https:\\\/\\\/www.mavihaber.com.tr\\\/?p=924#respond\"]}]},{\"@type\":\"WebPage\",\"@id\":\"https:\\\/\\\/www.mavihaber.com.tr\\\/?p=924\",\"url\":\"https:\\\/\\\/www.mavihaber.com.tr\\\/?p=924\",\"name\":\"Uslu, \u00c7GC\u2019yi ziyaret etti - MAV\u0130 HABER\",\"isPartOf\":{\"@id\":\"https:\\\/\\\/www.mavihaber.com.tr\\\/#website\"},\"datePublished\":\"2022-03-10T09:37:59+00:00\",\"breadcrumb\":{\"@id\":\"https:\\\/\\\/www.mavihaber.com.tr\\\/?p=924#breadcrumb\"},\"inLanguage\":\"tr\",\"potentialAction\":[{\"@type\":\"ReadAction\",\"target\":[\"https:\\\/\\\/www.mavihaber.com.tr\\\/?p=924\"]}]},{\"@type\":\"BreadcrumbList\",\"@id\":\"https:\\\/\\\/www.mavihaber.com.tr\\\/?p=924#breadcrumb\",\"itemListElement\":[{\"@type\":\"ListItem\",\"position\":1,\"name\":\"Anasayfa\",\"item\":\"https:\\\/\\\/www.mavihaber.com.tr\\\/\"},{\"@type\":\"ListItem\",\"position\":2,\"name\":\"Uslu, \u00c7GC\u2019yi ziyaret etti\"}]},{\"@type\":\"WebSite\",\"@id\":\"https:\\\/\\\/www.mavihaber.com.tr\\\/#website\",\"url\":\"https:\\\/\\\/www.mavihaber.com.tr\\\/\",\"name\":\"MAV\u0130 HABER\",\"description\":\"S&Ouml;Z U&Ccedil;AR YAZI KALIR\",\"publisher\":{\"@id\":\"https:\\\/\\\/www.mavihaber.com.tr\\\/#organization\"},\"potentialAction\":[{\"@type\":\"SearchAction\",\"target\":{\"@type\":\"EntryPoint\",\"urlTemplate\":\"https:\\\/\\\/www.mavihaber.com.tr\\\/?s={search_term_string}\"},\"query-input\":{\"@type\":\"PropertyValueSpecification\",\"valueRequired\":true,\"valueName\":\"search_term_string\"}}],\"inLanguage\":\"tr\"},{\"@type\":\"Organization\",\"@id\":\"https:\\\/\\\/www.mavihaber.com.tr\\\/#organization\",\"name\":\"MAV\u0130 HABER\",\"url\":\"https:\\\/\\\/www.mavihaber.com.tr\\\/\",\"logo\":{\"@type\":\"ImageObject\",\"inLanguage\":\"tr\",\"@id\":\"https:\\\/\\\/www.mavihaber.com.tr\\\/#\\\/schema\\\/logo\\\/image\\\/\",\"url\":\"http:\\\/\\\/www.mavihaber.com.tr\\\/wp-content\\\/uploads\\\/2022\\\/02\\\/mavi-logo.png\",\"contentUrl\":\"http:\\\/\\\/www.mavihaber.com.tr\\\/wp-content\\\/uploads\\\/2022\\\/02\\\/mavi-logo.png\",\"width\":301,\"height\":81,\"caption\":\"MAV\u0130 HABER\"},\"image\":{\"@id\":\"https:\\\/\\\/www.mavihaber.com.tr\\\/#\\\/schema\\\/logo\\\/image\\\/\"},\"sameAs\":[\"https:\\\/\\\/www.facebook.com\\\/ceyhan.mavi.142\\\/\",\"https:\\\/\\\/x.com\\\/ceyhanmavihaber\",\"https:\\\/\\\/www.instagram.com\\\/ceyhanmavihaber\\\/\",\"https:\\\/\\\/www.youtube.com\\\/channel\\\/UCJQ-0-AFgj2GjI269QDUwNw\"]},{\"@type\":\"Person\",\"@id\":\"https:\\\/\\\/www.mavihaber.com.tr\\\/#\\\/schema\\\/person\\\/6b483c36decdaf2ea80ccc7e00592ec5\",\"name\":\"MAV\u0130 HABER\",\"image\":{\"@type\":\"ImageObject\",\"inLanguage\":\"tr\",\"@id\":\"https:\\\/\\\/secure.gravatar.com\\\/avatar\\\/8ec447ff07537b3472bb74c7b4212a4d84d9e722e01a066cab36264a08dd2a23?s=96&d=mm&r=g\",\"url\":\"https:\\\/\\\/secure.gravatar.com\\\/avatar\\\/8ec447ff07537b3472bb74c7b4212a4d84d9e722e01a066cab36264a08dd2a23?s=96&d=mm&r=g\",\"contentUrl\":\"https:\\\/\\\/secure.gravatar.com\\\/avatar\\\/8ec447ff07537b3472bb74c7b4212a4d84d9e722e01a066cab36264a08dd2a23?s=96&d=mm&r=g\",\"caption\":\"MAV\u0130 HABER\"},\"sameAs\":[\"http:\\\/\\\/www.mavihaber.com.tr\"],\"url\":\"https:\\\/\\\/www.mavihaber.com.tr\\\/?author=1\"}]}<\/script>\n<!-- \/ Yoast SEO plugin. -->","yoast_head_json":{"title":"Uslu, \u00c7GC\u2019yi ziyaret etti - MAV\u0130 HABER","robots":{"index":"index","follow":"follow","max-snippet":"max-snippet:-1","max-image-preview":"max-image-preview:large","max-video-preview":"max-video-preview:-1"},"canonical":"https:\/\/www.mavihaber.com.tr\/?p=924","og_locale":"tr_TR","og_type":"article","og_title":"Uslu, \u00c7GC\u2019yi ziyaret etti - MAV\u0130 HABER","og_description":"184 Nolu Balcal\u0131 Halk Otob\u00fcs\u00e7\u00fcleri Kooperatif Ba\u015fkan\u0131 Mustafa Uslu, son gelen zamlardan sonra peri\u015fan olduklar\u0131n\u0131, Adana B\u00fcy\u00fck\u015fehir Belediyesi\u2019nden \u00e7\u00f6z\u00fcm beklediklerini","og_url":"https:\/\/www.mavihaber.com.tr\/?p=924","og_site_name":"MAV\u0130 HABER","article_publisher":"https:\/\/www.facebook.com\/ceyhan.mavi.142\/","article_published_time":"2022-03-10T09:37:59+00:00","author":"MAV\u0130 HABER","twitter_card":"summary_large_image","twitter_creator":"@ceyhanmavihaber","twitter_site":"@ceyhanmavihaber","twitter_misc":{"Yazan:":"MAV\u0130 HABER","Tahmini okuma s\u00fcresi":"2 dakika"},"schema":{"@context":"https:\/\/schema.org","@graph":[{"@type":"Article","@id":"https:\/\/www.mavihaber.com.tr\/?p=924#article","isPartOf":{"@id":"https:\/\/www.mavihaber.com.tr\/?p=924"},"author":{"name":"MAV\u0130 HABER","@id":"https:\/\/www.mavihaber.com.tr\/#\/schema\/person\/6b483c36decdaf2ea80ccc7e00592ec5"},"headline":"Uslu, \u00c7GC\u2019yi ziyaret etti","datePublished":"2022-03-10T09:37:59+00:00","mainEntityOfPage":{"@id":"https:\/\/www.mavihaber.com.tr\/?p=924"},"wordCount":273,"commentCount":0,"publisher":{"@id":"https:\/\/www.mavihaber.com.tr\/#organization"},"articleSection":["Ekonomi","Siyaset"],"inLanguage":"tr","potentialAction":[{"@type":"CommentAction","name":"Comment","target":["https:\/\/www.mavihaber.com.tr\/?p=924#respond"]}]},{"@type":"WebPage","@id":"https:\/\/www.mavihaber.com.tr\/?p=924","url":"https:\/\/www.mavihaber.com.tr\/?p=924","name":"Uslu, \u00c7GC\u2019yi ziyaret etti - MAV\u0130 HABER","isPartOf":{"@id":"https:\/\/www.mavihaber.com.tr\/#website"},"datePublished":"2022-03-10T09:37:59+00:00","breadcrumb":{"@id":"https:\/\/www.mavihaber.com.tr\/?p=924#breadcrumb"},"inLanguage":"tr","potentialAction":[{"@type":"ReadAction","target":["https:\/\/www.mavihaber.com.tr\/?p=924"]}]},{"@type":"BreadcrumbList","@id":"https:\/\/www.mavihaber.com.tr\/?p=924#breadcrumb","itemListElement":[{"@type":"ListItem","position":1,"name":"Anasayfa","item":"https:\/\/www.mavihaber.com.tr\/"},{"@type":"ListItem","position":2,"name":"Uslu, \u00c7GC\u2019yi ziyaret etti"}]},{"@type":"WebSite","@id":"https:\/\/www.mavihaber.com.tr\/#website","url":"https:\/\/www.mavihaber.com.tr\/","name":"MAV\u0130 HABER","description":"S&Ouml;Z U&Ccedil;AR YAZI KALIR","publisher":{"@id":"https:\/\/www.mavihaber.com.tr\/#organization"},"potentialAction":[{"@type":"SearchAction","target":{"@type":"EntryPoint","urlTemplate":"https:\/\/www.mavihaber.com.tr\/?s={search_term_string}"},"query-input":{"@type":"PropertyValueSpecification","valueRequired":true,"valueName":"search_term_string"}}],"inLanguage":"tr"},{"@type":"Organization","@id":"https:\/\/www.mavihaber.com.tr\/#organization","name":"MAV\u0130 HABER","url":"https:\/\/www.mavihaber.com.tr\/","logo":{"@type":"ImageObject","inLanguage":"tr","@id":"https:\/\/www.mavihaber.com.tr\/#\/schema\/logo\/image\/","url":"http:\/\/www.mavihaber.com.tr\/wp-content\/uploads\/2022\/02\/mavi-logo.png","contentUrl":"http:\/\/www.mavihaber.com.tr\/wp-content\/uploads\/2022\/02\/mavi-logo.png","width":301,"height":81,"caption":"MAV\u0130 HABER"},"image":{"@id":"https:\/\/www.mavihaber.com.tr\/#\/schema\/logo\/image\/"},"sameAs":["https:\/\/www.facebook.com\/ceyhan.mavi.142\/","https:\/\/x.com\/ceyhanmavihaber","https:\/\/www.instagram.com\/ceyhanmavihaber\/","https:\/\/www.youtube.com\/channel\/UCJQ-0-AFgj2GjI269QDUwNw"]},{"@type":"Person","@id":"https:\/\/www.mavihaber.com.tr\/#\/schema\/person\/6b483c36decdaf2ea80ccc7e00592ec5","name":"MAV\u0130 HABER","image":{"@type":"ImageObject","inLanguage":"tr","@id":"https:\/\/secure.gravatar.com\/avatar\/8ec447ff07537b3472bb74c7b4212a4d84d9e722e01a066cab36264a08dd2a23?s=96&d=mm&r=g","url":"https:\/\/secure.gravatar.com\/avatar\/8ec447ff07537b3472bb74c7b4212a4d84d9e722e01a066cab36264a08dd2a23?s=96&d=mm&r=g","contentUrl":"https:\/\/secure.gravatar.com\/avatar\/8ec447ff07537b3472bb74c7b4212a4d84d9e722e01a066cab36264a08dd2a23?s=96&d=mm&r=g","caption":"MAV\u0130 HABER"},"sameAs":["http:\/\/www.mavihaber.com.tr"],"url":"https:\/\/www.mavihaber.com.tr\/?author=1"}]}},"views":334,"_links":{"self":[{"href":"https:\/\/www.mavihaber.com.tr\/index.php?rest_route=\/wp\/v2\/posts\/924","targetHints":{"allow":["GET"]}}],"collection":[{"href":"https:\/\/www.mavihaber.com.tr\/index.php?rest_route=\/wp\/v2\/posts"}],"about":[{"href":"https:\/\/www.mavihaber.com.tr\/index.php?rest_route=\/wp\/v2\/types\/post"}],"author":[{"embeddable":true,"href":"https:\/\/www.mavihaber.com.tr\/index.php?rest_route=\/wp\/v2\/users\/1"}],"replies":[{"embeddable":true,"href":"https:\/\/www.mavihaber.com.tr\/index.php?rest_route=%2Fwp%2Fv2%2Fcomments&post=924"}],"version-history":[{"count":1,"href":"https:\/\/www.mavihaber.com.tr\/index.php?rest_route=\/wp\/v2\/posts\/924\/revisions"}],"predecessor-version":[{"id":926,"href":"https:\/\/www.mavihaber.com.tr\/index.php?rest_route=\/wp\/v2\/posts\/924\/revisions\/926"}],"wp:attachment":[{"href":"https:\/\/www.mavihaber.com.tr\/index.php?rest_route=%2Fwp%2Fv2%2Fmedia&parent=924"}],"wp:term":[{"taxonomy":"category","embeddable":true,"href":"https:\/\/www.mavihaber.com.tr\/index.php?rest_route=%2Fwp%2Fv2%2Fcategories&post=924"},{"taxonomy":"post_tag","embeddable":true,"href":"https:\/\/www.mavihaber.com.tr\/index.php?rest_route=%2Fwp%2Fv2%2Ftags&post=924"}],"curies":[{"name":"wp","href":"https:\/\/api.w.org\/{rel}","templated":true}]}}