{"id":979,"date":"2022-03-12T06:23:27","date_gmt":"2022-03-12T06:23:27","guid":{"rendered":"http:\/\/www.mavihaber.com.tr\/?p=979"},"modified":"2022-03-12T06:23:27","modified_gmt":"2022-03-12T06:23:27","slug":"kisaciktan-marsimizin-100-yil-kutlamasi","status":"publish","type":"post","link":"https:\/\/www.mavihaber.com.tr\/?p=979","title":{"rendered":"K\u0131sac\u0131k&#8217;tan mar\u015f\u0131m\u0131z\u0131n 100.y\u0131l kutlamas\u0131"},"content":{"rendered":"<p>DEMOKRAS\u0130 VE ATILIM (DEVA) PART\u0130S\u0130 ADANA \u0130L BA\u015eKANI SADULLAH<br \/>\nKISACIK&#8217;TAN \u0130ST\u0130KLAL MAR\u015eIMIZIN KABUL\u00dcN\u00dcN 101. YILI D\u00d6N\u00dcM\u00dc<br \/>\nKUTLAMA MESAJI<br \/>\nDEVA Partisi Adana \u0130l Ba\u015fkan\u0131 Sadullah K\u0131sac\u0131k, \u0130stiklal Mar\u015f\u0131m\u0131z\u0131n Kabul\u00fcn\u00fcn<br \/>\n101. Y\u0131l D\u00f6n\u00fcm\u00fc m\u00fcnasebetiyle bir mesaj yay\u0131nlad\u0131.<br \/>\nMill\u00ee mar\u015flar bir milletin ortak duygular\u0131n\u0131, heyecanlar\u0131n\u0131, \u00fcmitlerini, birlikte var olma,<br \/>\nya\u015fama azmini, mill\u00ee birlik inanc\u0131n\u0131 ifade eden metinlerdir. Bu suretle her mill\u00ee mar\u015f\u0131n mayas\u0131nda<br \/>\nderin bir hissiyat, ciddi bir ba\u011f\u0131ms\u0131zl\u0131k imtihan\u0131 ve bu ba\u011f\u0131ms\u0131zl\u0131k imtihan\u0131ndan sebeple olu\u015fan<br \/>\nsiyasi, toplumsal ve ruhi ihtiya\u00e7 gibi \u00f6nemli unsurlar vard\u0131r.<br \/>\n101 y\u0131l \u00f6nce bug\u00fcn, T\u00fcrkiye B\u00fcy\u00fck Millet Meclisi\u2019nde okunan mar\u015f\u0131m\u0131z\u0131n ad\u0131n\u0131n \u201c\u0130stiklal\u201d<br \/>\nolu\u015fu bile, anlam\u0131 itibariyle milletimizin ya\u015fad\u0131\u011f\u0131 imtihan\u0131 tarif etmektedir. Aziz milletimiz, 1911<br \/>\ny\u0131l\u0131ndan 1918 y\u0131l\u0131na, I. D\u00fcnya Sava\u015f\u0131\u2019n\u0131n biti\u015fine kadar ge\u00e7en s\u00fcre\u00e7te farkl\u0131 cephelerde \u00e7ok say\u0131da<br \/>\nsava\u015fta m\u00fccadele vermi\u015f ve yorgun \u00e7\u0131km\u0131\u015ft\u0131. Ancak sava\u015f\u0131n hemen akabinde yap\u0131lan antla\u015fmalara<br \/>\nistinaden, ordudan terhisini al\u0131p memleketine ula\u015famayan pek \u00e7ok Mehmet\u00e7ik; evine, oca\u011f\u0131na geri<br \/>\nd\u00f6nd\u00fc\u011f\u00fcnde sava\u015fla teslim etmedi\u011fi memleketinin antla\u015fmalarla i\u015fgal edildi\u011fini g\u00f6rm\u00fc\u015ft\u00fc.<br \/>\nBa\u011f\u0131ms\u0131zl\u0131\u011f\u0131na a\u015f\u0131k bir millet i\u00e7in bu durum kabul edilemezdi. Yeni bir m\u00fccadele gerekiyordu ve<br \/>\nbu m\u00fccadele k\u0131sa s\u00fcrede Gazi Mustafa Kemal Atat\u00fcrk\u2019\u00fcn liderli\u011finde Mill\u00ee M\u00fccadele \u015fuuru ile<br \/>\nh\u00fcviyetini kazanm\u0131\u015ft\u0131.<br \/>\nMehmet Akif Ersoy, 1911 y\u0131l\u0131ndan 1921 y\u0131l\u0131na kadar milletimizin ge\u00e7ti\u011fi imtihanlar\u0131, bu<br \/>\nimtihanlar\u0131n ac\u0131 sonu\u00e7lar\u0131n\u0131 yak\u0131ndan g\u00f6r\u00fcp, anlayan ayd\u0131n bir \u015fairimizdi. Milletimizin i\u00e7inde<br \/>\nbulundu\u011fu k\u00f6t\u00fc \u015fartlar ile ba\u011f\u0131ms\u0131zl\u0131k, birlik, beraberlik, bu u\u011furda \u015fehadete ermenin kutsall\u0131\u011f\u0131 gibi<br \/>\nmill\u00ee ve manev\u00ee hissiyatm\u0131z\u0131n y\u00fcksekli\u011fini ve de\u011ferini \u00e7ok iyi tahlil etmi\u015f bir vatanperver olarak<br \/>\n\u0130stiklal Mar\u015f\u0131m\u0131z\u0131 kaleme alm\u0131\u015ft\u0131r. Bug\u00fcn, bu topraklarda, ba\u011f\u0131ms\u0131zl\u0131\u011f\u0131na a\u015f\u0131k bir millet olarak<br \/>\nya\u015fad\u0131\u011f\u0131m\u0131z\u0131n ne kadar tarihi bir ger\u00e7ek\u00e7i oldu\u011funu, \u0130stiklal Mar\u015f\u0131m\u0131z\u0131n 7. k\u0131tas\u0131n\u0131n ilk iki m\u0131sras\u0131<br \/>\nen iyi \u015fekilde ifade etmektedir.<br \/>\nKim bu cennet vatan\u0131n u\u011fruna olmaz ki fed\u00e2?<br \/>\n\u015e\u00fched\u00e2 f\u0131\u015fk\u0131racak topra\u011f\u0131 s\u0131ksan, \u015f\u00fched\u00e2!<br \/>\nAyd\u0131n ve \u015eair Mehmet Akif Ersoy\u2019un \u0130stiklal Mar\u015f\u0131m\u0131zda vurgulad\u0131\u011f\u0131 \u00fczere, \u00fclkemizin,<br \/>\naziz \u015fehitlerimizin kanlar\u0131 ile sulan\u0131p, onurlanmayan tek bir kar\u0131\u015f topra\u011f\u0131 yoktur. Kutsal<br \/>\nde\u011ferlerimiz \u00fczerine kurulmu\u015fumuzu ifade eden \u0130stiklal Mar\u015f\u0131m\u0131z\u0131n yazar\u0131 Mehmet Akif<br \/>\nErsoy\u2019u, kendisine ilham olan mill\u00ee m\u00fccadelemizin kahraman\u0131 Ulu \u00d6nder Gazi Mustafa Kemal<br \/>\nAtat\u00fcrk ve silah arkada\u015flar\u0131n\u0131, ba\u011f\u0131ms\u0131zl\u0131\u011f\u0131m\u0131z yolunda can\u0131n\u0131 feda eden \u015fehitlerimizi rahmetle,<br \/>\nbedenlerini feda eden gazilerimizi minnetle an\u0131yor, ba\u011f\u0131ms\u0131zl\u0131k m\u00fccadelemizin ruhunu en iyi<br \/>\n\u015fekilde yans\u0131tan \u0130stikl\u00e2l Mar\u015f\u0131m\u0131z\u0131n, Kabul\u00fcn\u00fcn 101. Y\u0131l D\u00f6n\u00fcm\u00fcn\u00fc en i\u00e7ten dileklerimle<br \/>\nkutluyorum.<\/p>\n","protected":false},"excerpt":{"rendered":"<p>DEMOKRAS\u0130 VE ATILIM (DEVA) PART\u0130S\u0130 ADANA \u0130L BA\u015eKANI SADULLAH KISACIK&#8217;TAN \u0130ST\u0130KLAL MAR\u015eIMIZIN KABUL\u00dcN\u00dcN 101. YILI D\u00d6N\u00dcM\u00dc KUTLAMA MESAJI DEVA Partisi<\/p>\n","protected":false},"author":1,"featured_media":0,"comment_status":"open","ping_status":"open","sticky":false,"template":"","format":"standard","meta":{"footnotes":""},"categories":[13],"tags":[],"class_list":["post-979","post","type-post","status-publish","format-standard","hentry","category-siyaset"],"yoast_head":"<!-- This site is optimized with the Yoast SEO plugin v28.2 - https:\/\/yoast.com\/product\/yoast-seo-wordpress\/ -->\n<title>K\u0131sac\u0131k&#039;tan mar\u015f\u0131m\u0131z\u0131n 100.y\u0131l kutlamas\u0131 - MAV\u0130 HABER<\/title>\n<meta name=\"robots\" content=\"index, follow, max-snippet:-1, max-image-preview:large, max-video-preview:-1\" \/>\n<link rel=\"canonical\" href=\"https:\/\/www.mavihaber.com.tr\/?p=979\" \/>\n<meta property=\"og:locale\" content=\"tr_TR\" \/>\n<meta property=\"og:type\" content=\"article\" \/>\n<meta property=\"og:title\" content=\"K\u0131sac\u0131k&#039;tan mar\u015f\u0131m\u0131z\u0131n 100.y\u0131l kutlamas\u0131 - MAV\u0130 HABER\" \/>\n<meta property=\"og:description\" content=\"DEMOKRAS\u0130 VE ATILIM (DEVA) PART\u0130S\u0130 ADANA \u0130L BA\u015eKANI SADULLAH KISACIK&#8217;TAN \u0130ST\u0130KLAL MAR\u015eIMIZIN KABUL\u00dcN\u00dcN 101. YILI D\u00d6N\u00dcM\u00dc KUTLAMA MESAJI DEVA Partisi\" \/>\n<meta property=\"og:url\" content=\"https:\/\/www.mavihaber.com.tr\/?p=979\" \/>\n<meta property=\"og:site_name\" content=\"MAV\u0130 HABER\" \/>\n<meta property=\"article:publisher\" content=\"https:\/\/www.facebook.com\/ceyhan.mavi.142\/\" \/>\n<meta property=\"article:published_time\" content=\"2022-03-12T06:23:27+00:00\" \/>\n<meta name=\"author\" content=\"MAV\u0130 HABER\" \/>\n<meta name=\"twitter:card\" content=\"summary_large_image\" \/>\n<meta name=\"twitter:creator\" content=\"@ceyhanmavihaber\" \/>\n<meta name=\"twitter:site\" content=\"@ceyhanmavihaber\" \/>\n<meta name=\"twitter:label1\" content=\"Yazan:\" \/>\n\t<meta name=\"twitter:data1\" content=\"MAV\u0130 HABER\" \/>\n\t<meta name=\"twitter:label2\" content=\"Tahmini okuma s\u00fcresi\" \/>\n\t<meta name=\"twitter:data2\" content=\"3 dakika\" \/>\n<script type=\"application\/ld+json\" class=\"yoast-schema-graph\">{\"@context\":\"https:\\\/\\\/schema.org\",\"@graph\":[{\"@type\":\"Article\",\"@id\":\"https:\\\/\\\/www.mavihaber.com.tr\\\/?p=979#article\",\"isPartOf\":{\"@id\":\"https:\\\/\\\/www.mavihaber.com.tr\\\/?p=979\"},\"author\":{\"name\":\"MAV\u0130 HABER\",\"@id\":\"https:\\\/\\\/www.mavihaber.com.tr\\\/#\\\/schema\\\/person\\\/6b483c36decdaf2ea80ccc7e00592ec5\"},\"headline\":\"K\u0131sac\u0131k&#8217;tan mar\u015f\u0131m\u0131z\u0131n 100.y\u0131l kutlamas\u0131\",\"datePublished\":\"2022-03-12T06:23:27+00:00\",\"mainEntityOfPage\":{\"@id\":\"https:\\\/\\\/www.mavihaber.com.tr\\\/?p=979\"},\"wordCount\":542,\"commentCount\":0,\"publisher\":{\"@id\":\"https:\\\/\\\/www.mavihaber.com.tr\\\/#organization\"},\"articleSection\":[\"Siyaset\"],\"inLanguage\":\"tr\",\"potentialAction\":[{\"@type\":\"CommentAction\",\"name\":\"Comment\",\"target\":[\"https:\\\/\\\/www.mavihaber.com.tr\\\/?p=979#respond\"]}]},{\"@type\":\"WebPage\",\"@id\":\"https:\\\/\\\/www.mavihaber.com.tr\\\/?p=979\",\"url\":\"https:\\\/\\\/www.mavihaber.com.tr\\\/?p=979\",\"name\":\"K\u0131sac\u0131k'tan mar\u015f\u0131m\u0131z\u0131n 100.y\u0131l kutlamas\u0131 - MAV\u0130 HABER\",\"isPartOf\":{\"@id\":\"https:\\\/\\\/www.mavihaber.com.tr\\\/#website\"},\"datePublished\":\"2022-03-12T06:23:27+00:00\",\"breadcrumb\":{\"@id\":\"https:\\\/\\\/www.mavihaber.com.tr\\\/?p=979#breadcrumb\"},\"inLanguage\":\"tr\",\"potentialAction\":[{\"@type\":\"ReadAction\",\"target\":[\"https:\\\/\\\/www.mavihaber.com.tr\\\/?p=979\"]}]},{\"@type\":\"BreadcrumbList\",\"@id\":\"https:\\\/\\\/www.mavihaber.com.tr\\\/?p=979#breadcrumb\",\"itemListElement\":[{\"@type\":\"ListItem\",\"position\":1,\"name\":\"Anasayfa\",\"item\":\"https:\\\/\\\/www.mavihaber.com.tr\\\/\"},{\"@type\":\"ListItem\",\"position\":2,\"name\":\"K\u0131sac\u0131k&#8217;tan mar\u015f\u0131m\u0131z\u0131n 100.y\u0131l kutlamas\u0131\"}]},{\"@type\":\"WebSite\",\"@id\":\"https:\\\/\\\/www.mavihaber.com.tr\\\/#website\",\"url\":\"https:\\\/\\\/www.mavihaber.com.tr\\\/\",\"name\":\"MAV\u0130 HABER\",\"description\":\"S&Ouml;Z U&Ccedil;AR YAZI KALIR\",\"publisher\":{\"@id\":\"https:\\\/\\\/www.mavihaber.com.tr\\\/#organization\"},\"potentialAction\":[{\"@type\":\"SearchAction\",\"target\":{\"@type\":\"EntryPoint\",\"urlTemplate\":\"https:\\\/\\\/www.mavihaber.com.tr\\\/?s={search_term_string}\"},\"query-input\":{\"@type\":\"PropertyValueSpecification\",\"valueRequired\":true,\"valueName\":\"search_term_string\"}}],\"inLanguage\":\"tr\"},{\"@type\":\"Organization\",\"@id\":\"https:\\\/\\\/www.mavihaber.com.tr\\\/#organization\",\"name\":\"MAV\u0130 HABER\",\"url\":\"https:\\\/\\\/www.mavihaber.com.tr\\\/\",\"logo\":{\"@type\":\"ImageObject\",\"inLanguage\":\"tr\",\"@id\":\"https:\\\/\\\/www.mavihaber.com.tr\\\/#\\\/schema\\\/logo\\\/image\\\/\",\"url\":\"http:\\\/\\\/www.mavihaber.com.tr\\\/wp-content\\\/uploads\\\/2022\\\/02\\\/mavi-logo.png\",\"contentUrl\":\"http:\\\/\\\/www.mavihaber.com.tr\\\/wp-content\\\/uploads\\\/2022\\\/02\\\/mavi-logo.png\",\"width\":301,\"height\":81,\"caption\":\"MAV\u0130 HABER\"},\"image\":{\"@id\":\"https:\\\/\\\/www.mavihaber.com.tr\\\/#\\\/schema\\\/logo\\\/image\\\/\"},\"sameAs\":[\"https:\\\/\\\/www.facebook.com\\\/ceyhan.mavi.142\\\/\",\"https:\\\/\\\/x.com\\\/ceyhanmavihaber\",\"https:\\\/\\\/www.instagram.com\\\/ceyhanmavihaber\\\/\",\"https:\\\/\\\/www.youtube.com\\\/channel\\\/UCJQ-0-AFgj2GjI269QDUwNw\"]},{\"@type\":\"Person\",\"@id\":\"https:\\\/\\\/www.mavihaber.com.tr\\\/#\\\/schema\\\/person\\\/6b483c36decdaf2ea80ccc7e00592ec5\",\"name\":\"MAV\u0130 HABER\",\"image\":{\"@type\":\"ImageObject\",\"inLanguage\":\"tr\",\"@id\":\"https:\\\/\\\/secure.gravatar.com\\\/avatar\\\/8ec447ff07537b3472bb74c7b4212a4d84d9e722e01a066cab36264a08dd2a23?s=96&d=mm&r=g\",\"url\":\"https:\\\/\\\/secure.gravatar.com\\\/avatar\\\/8ec447ff07537b3472bb74c7b4212a4d84d9e722e01a066cab36264a08dd2a23?s=96&d=mm&r=g\",\"contentUrl\":\"https:\\\/\\\/secure.gravatar.com\\\/avatar\\\/8ec447ff07537b3472bb74c7b4212a4d84d9e722e01a066cab36264a08dd2a23?s=96&d=mm&r=g\",\"caption\":\"MAV\u0130 HABER\"},\"sameAs\":[\"http:\\\/\\\/www.mavihaber.com.tr\"],\"url\":\"https:\\\/\\\/www.mavihaber.com.tr\\\/?author=1\"}]}<\/script>\n<!-- \/ Yoast SEO plugin. -->","yoast_head_json":{"title":"K\u0131sac\u0131k'tan mar\u015f\u0131m\u0131z\u0131n 100.y\u0131l kutlamas\u0131 - MAV\u0130 HABER","robots":{"index":"index","follow":"follow","max-snippet":"max-snippet:-1","max-image-preview":"max-image-preview:large","max-video-preview":"max-video-preview:-1"},"canonical":"https:\/\/www.mavihaber.com.tr\/?p=979","og_locale":"tr_TR","og_type":"article","og_title":"K\u0131sac\u0131k'tan mar\u015f\u0131m\u0131z\u0131n 100.y\u0131l kutlamas\u0131 - MAV\u0130 HABER","og_description":"DEMOKRAS\u0130 VE ATILIM (DEVA) PART\u0130S\u0130 ADANA \u0130L BA\u015eKANI SADULLAH KISACIK&#8217;TAN \u0130ST\u0130KLAL MAR\u015eIMIZIN KABUL\u00dcN\u00dcN 101. YILI D\u00d6N\u00dcM\u00dc KUTLAMA MESAJI DEVA Partisi","og_url":"https:\/\/www.mavihaber.com.tr\/?p=979","og_site_name":"MAV\u0130 HABER","article_publisher":"https:\/\/www.facebook.com\/ceyhan.mavi.142\/","article_published_time":"2022-03-12T06:23:27+00:00","author":"MAV\u0130 HABER","twitter_card":"summary_large_image","twitter_creator":"@ceyhanmavihaber","twitter_site":"@ceyhanmavihaber","twitter_misc":{"Yazan:":"MAV\u0130 HABER","Tahmini okuma s\u00fcresi":"3 dakika"},"schema":{"@context":"https:\/\/schema.org","@graph":[{"@type":"Article","@id":"https:\/\/www.mavihaber.com.tr\/?p=979#article","isPartOf":{"@id":"https:\/\/www.mavihaber.com.tr\/?p=979"},"author":{"name":"MAV\u0130 HABER","@id":"https:\/\/www.mavihaber.com.tr\/#\/schema\/person\/6b483c36decdaf2ea80ccc7e00592ec5"},"headline":"K\u0131sac\u0131k&#8217;tan mar\u015f\u0131m\u0131z\u0131n 100.y\u0131l kutlamas\u0131","datePublished":"2022-03-12T06:23:27+00:00","mainEntityOfPage":{"@id":"https:\/\/www.mavihaber.com.tr\/?p=979"},"wordCount":542,"commentCount":0,"publisher":{"@id":"https:\/\/www.mavihaber.com.tr\/#organization"},"articleSection":["Siyaset"],"inLanguage":"tr","potentialAction":[{"@type":"CommentAction","name":"Comment","target":["https:\/\/www.mavihaber.com.tr\/?p=979#respond"]}]},{"@type":"WebPage","@id":"https:\/\/www.mavihaber.com.tr\/?p=979","url":"https:\/\/www.mavihaber.com.tr\/?p=979","name":"K\u0131sac\u0131k'tan mar\u015f\u0131m\u0131z\u0131n 100.y\u0131l kutlamas\u0131 - MAV\u0130 HABER","isPartOf":{"@id":"https:\/\/www.mavihaber.com.tr\/#website"},"datePublished":"2022-03-12T06:23:27+00:00","breadcrumb":{"@id":"https:\/\/www.mavihaber.com.tr\/?p=979#breadcrumb"},"inLanguage":"tr","potentialAction":[{"@type":"ReadAction","target":["https:\/\/www.mavihaber.com.tr\/?p=979"]}]},{"@type":"BreadcrumbList","@id":"https:\/\/www.mavihaber.com.tr\/?p=979#breadcrumb","itemListElement":[{"@type":"ListItem","position":1,"name":"Anasayfa","item":"https:\/\/www.mavihaber.com.tr\/"},{"@type":"ListItem","position":2,"name":"K\u0131sac\u0131k&#8217;tan mar\u015f\u0131m\u0131z\u0131n 100.y\u0131l kutlamas\u0131"}]},{"@type":"WebSite","@id":"https:\/\/www.mavihaber.com.tr\/#website","url":"https:\/\/www.mavihaber.com.tr\/","name":"MAV\u0130 HABER","description":"S&Ouml;Z U&Ccedil;AR YAZI KALIR","publisher":{"@id":"https:\/\/www.mavihaber.com.tr\/#organization"},"potentialAction":[{"@type":"SearchAction","target":{"@type":"EntryPoint","urlTemplate":"https:\/\/www.mavihaber.com.tr\/?s={search_term_string}"},"query-input":{"@type":"PropertyValueSpecification","valueRequired":true,"valueName":"search_term_string"}}],"inLanguage":"tr"},{"@type":"Organization","@id":"https:\/\/www.mavihaber.com.tr\/#organization","name":"MAV\u0130 HABER","url":"https:\/\/www.mavihaber.com.tr\/","logo":{"@type":"ImageObject","inLanguage":"tr","@id":"https:\/\/www.mavihaber.com.tr\/#\/schema\/logo\/image\/","url":"http:\/\/www.mavihaber.com.tr\/wp-content\/uploads\/2022\/02\/mavi-logo.png","contentUrl":"http:\/\/www.mavihaber.com.tr\/wp-content\/uploads\/2022\/02\/mavi-logo.png","width":301,"height":81,"caption":"MAV\u0130 HABER"},"image":{"@id":"https:\/\/www.mavihaber.com.tr\/#\/schema\/logo\/image\/"},"sameAs":["https:\/\/www.facebook.com\/ceyhan.mavi.142\/","https:\/\/x.com\/ceyhanmavihaber","https:\/\/www.instagram.com\/ceyhanmavihaber\/","https:\/\/www.youtube.com\/channel\/UCJQ-0-AFgj2GjI269QDUwNw"]},{"@type":"Person","@id":"https:\/\/www.mavihaber.com.tr\/#\/schema\/person\/6b483c36decdaf2ea80ccc7e00592ec5","name":"MAV\u0130 HABER","image":{"@type":"ImageObject","inLanguage":"tr","@id":"https:\/\/secure.gravatar.com\/avatar\/8ec447ff07537b3472bb74c7b4212a4d84d9e722e01a066cab36264a08dd2a23?s=96&d=mm&r=g","url":"https:\/\/secure.gravatar.com\/avatar\/8ec447ff07537b3472bb74c7b4212a4d84d9e722e01a066cab36264a08dd2a23?s=96&d=mm&r=g","contentUrl":"https:\/\/secure.gravatar.com\/avatar\/8ec447ff07537b3472bb74c7b4212a4d84d9e722e01a066cab36264a08dd2a23?s=96&d=mm&r=g","caption":"MAV\u0130 HABER"},"sameAs":["http:\/\/www.mavihaber.com.tr"],"url":"https:\/\/www.mavihaber.com.tr\/?author=1"}]}},"views":309,"_links":{"self":[{"href":"https:\/\/www.mavihaber.com.tr\/index.php?rest_route=\/wp\/v2\/posts\/979","targetHints":{"allow":["GET"]}}],"collection":[{"href":"https:\/\/www.mavihaber.com.tr\/index.php?rest_route=\/wp\/v2\/posts"}],"about":[{"href":"https:\/\/www.mavihaber.com.tr\/index.php?rest_route=\/wp\/v2\/types\/post"}],"author":[{"embeddable":true,"href":"https:\/\/www.mavihaber.com.tr\/index.php?rest_route=\/wp\/v2\/users\/1"}],"replies":[{"embeddable":true,"href":"https:\/\/www.mavihaber.com.tr\/index.php?rest_route=%2Fwp%2Fv2%2Fcomments&post=979"}],"version-history":[{"count":1,"href":"https:\/\/www.mavihaber.com.tr\/index.php?rest_route=\/wp\/v2\/posts\/979\/revisions"}],"predecessor-version":[{"id":981,"href":"https:\/\/www.mavihaber.com.tr\/index.php?rest_route=\/wp\/v2\/posts\/979\/revisions\/981"}],"wp:attachment":[{"href":"https:\/\/www.mavihaber.com.tr\/index.php?rest_route=%2Fwp%2Fv2%2Fmedia&parent=979"}],"wp:term":[{"taxonomy":"category","embeddable":true,"href":"https:\/\/www.mavihaber.com.tr\/index.php?rest_route=%2Fwp%2Fv2%2Fcategories&post=979"},{"taxonomy":"post_tag","embeddable":true,"href":"https:\/\/www.mavihaber.com.tr\/index.php?rest_route=%2Fwp%2Fv2%2Ftags&post=979"}],"curies":[{"name":"wp","href":"https:\/\/api.w.org\/{rel}","templated":true}]}}